{"id":989,"date":"2018-11-12T19:20:25","date_gmt":"2018-11-12T17:20:25","guid":{"rendered":"https:\/\/autorenbuchhandlung-marx.de\/www\/?p=989"},"modified":"2018-11-12T19:22:50","modified_gmt":"2018-11-12T17:22:50","slug":"adventslesung-mit-philip-waechter","status":"publish","type":"post","link":"https:\/\/autorenbuchhandlung-marx.de\/www\/adventslesung-mit-philip-waechter\/","title":{"rendered":"Adventslesung mit Philip Waechter"},"content":{"rendered":"<h3><\/h3>\n<h3><strong>Freitag, 23. November 2018<a href=\"http:\/\/cargocollective.com\/philipwaechter\"><noscript><img class=\"wp-image-990 alignright\" src=\"https:\/\/autorenbuchhandlung-marx.de\/www\/wp-content\/uploads\/2018\/11\/renato..jpg\" alt width=\"278\" height=\"369\" srcset=\"https:\/\/autorenbuchhandlung-marx.de\/www\/wp-content\/uploads\/2018\/11\/renato..jpg 1000w, https:\/\/autorenbuchhandlung-marx.de\/www\/wp-content\/uploads\/2018\/11\/renato.-226x300.jpg 226w, https:\/\/autorenbuchhandlung-marx.de\/www\/wp-content\/uploads\/2018\/11\/renato.-768x1021.jpg 768w, https:\/\/autorenbuchhandlung-marx.de\/www\/wp-content\/uploads\/2018\/11\/renato.-771x1024.jpg 771w\" sizes=\"(max-width: 278px) 100vw, 278px\"><\/noscript><img class=\"wp-image-990 alignright lazyload\" src=\"data:image\/svg+xml,%3Csvg%20xmlns%3D%22http%3A%2F%2Fwww.w3.org%2F2000%2Fsvg%22%20viewBox%3D%220%200%20278%20369%22%3E%3C%2Fsvg%3E\" alt width=\"278\" height=\"369\" srcset=\"data:image\/svg+xml,%3Csvg%20xmlns%3D%22http%3A%2F%2Fwww.w3.org%2F2000%2Fsvg%22%20viewBox%3D%220%200%20278%20369%22%3E%3C%2Fsvg%3E 278w\" sizes=\"(max-width: 278px) 100vw, 278px\" data-srcset=\"https:\/\/autorenbuchhandlung-marx.de\/www\/wp-content\/uploads\/2018\/11\/renato..jpg 1000w, https:\/\/autorenbuchhandlung-marx.de\/www\/wp-content\/uploads\/2018\/11\/renato.-226x300.jpg 226w, https:\/\/autorenbuchhandlung-marx.de\/www\/wp-content\/uploads\/2018\/11\/renato.-768x1021.jpg 768w, https:\/\/autorenbuchhandlung-marx.de\/www\/wp-content\/uploads\/2018\/11\/renato.-771x1024.jpg 771w\" data-src=\"https:\/\/autorenbuchhandlung-marx.de\/www\/wp-content\/uploads\/2018\/11\/renato..jpg\"><\/a><\/strong><\/h3>\n<h5><strong>ab 17.30 Uhr: Fensterbemalung<\/strong><\/h5>\n<h5><strong>ab 18 Uhr: Lesen und Zeichnen rund um&nbsp; <\/strong><strong><em>Toni. Und alles nur wegen Renato Flash<\/em><\/strong><\/h5>\n<p>Fast genau einen Monat vor Heiligabend zaubert Philip Waechter Weihnachtsw\u00fcnsche und Fu\u00dfballtr\u00e4ume auf unsere Fensterscheiben \u2013 und Ihr d\u00fcrft schauen und staunen, bevor wir im Warmen mit dem ber\u00fchmten Kinderbuchillustrator zum Zeichenstift greifen: Vielleicht erfindet er eine neue Figur oder eine neue Geschichte mit Euch? Ein Weihnachtsm\u00e4rchen oder einen Heldinnenroman? Auf alle F\u00e4lle aber d\u00fcrft Ihr Tonis Abenteuern in Waechters neuem Buch lauschen:<em> Toni. Und alles nur wegen Renato Flash<\/em>.<\/p>\n<h3>f\u00fcr Kinder zwischen 4 und 10<\/h3>\n<h3>Bitte bringt Stifte und Bl\u00f6cke mit!<\/h3>\n<p><noscript><img class=\"alignleft size-full wp-image-999\" src=\"https:\/\/autorenbuchhandlung-marx.de\/www\/wp-content\/uploads\/2018\/11\/waechterWeihnachten2.png\" alt width=\"1968\" height=\"605\" srcset=\"https:\/\/autorenbuchhandlung-marx.de\/www\/wp-content\/uploads\/2018\/11\/waechterWeihnachten2.png 1968w, https:\/\/autorenbuchhandlung-marx.de\/www\/wp-content\/uploads\/2018\/11\/waechterWeihnachten2-300x92.png 300w, https:\/\/autorenbuchhandlung-marx.de\/www\/wp-content\/uploads\/2018\/11\/waechterWeihnachten2-768x236.png 768w, https:\/\/autorenbuchhandlung-marx.de\/www\/wp-content\/uploads\/2018\/11\/waechterWeihnachten2-1024x315.png 1024w\" sizes=\"(max-width: 1968px) 100vw, 1968px\"><\/noscript><img class=\"alignleft size-full wp-image-999 lazyload\" src=\"data:image\/svg+xml,%3Csvg%20xmlns%3D%22http%3A%2F%2Fwww.w3.org%2F2000%2Fsvg%22%20viewBox%3D%220%200%201968%20605%22%3E%3C%2Fsvg%3E\" alt width=\"1968\" height=\"605\" srcset=\"data:image\/svg+xml,%3Csvg%20xmlns%3D%22http%3A%2F%2Fwww.w3.org%2F2000%2Fsvg%22%20viewBox%3D%220%200%201968%20605%22%3E%3C%2Fsvg%3E 1968w\" sizes=\"(max-width: 1968px) 100vw, 1968px\" data-srcset=\"https:\/\/autorenbuchhandlung-marx.de\/www\/wp-content\/uploads\/2018\/11\/waechterWeihnachten2.png 1968w, https:\/\/autorenbuchhandlung-marx.de\/www\/wp-content\/uploads\/2018\/11\/waechterWeihnachten2-300x92.png 300w, https:\/\/autorenbuchhandlung-marx.de\/www\/wp-content\/uploads\/2018\/11\/waechterWeihnachten2-768x236.png 768w, https:\/\/autorenbuchhandlung-marx.de\/www\/wp-content\/uploads\/2018\/11\/waechterWeihnachten2-1024x315.png 1024w\" data-src=\"https:\/\/autorenbuchhandlung-marx.de\/www\/wp-content\/uploads\/2018\/11\/waechterWeihnachten2.png\"><\/p>\n<div class=\"shariff shariff-align-flex-start shariff-widget-align-flex-start\" data-services=\"facebook%7Ctwitter\" data-url=\"https%3A%2F%2Fautorenbuchhandlung-marx.de%2Fwww%2Fadventslesung-mit-philip-waechter%2F\" data-timestamp=\"1542050570\" data-backendurl=\"https:\/\/autorenbuchhandlung-marx.de\/www\/wp-json\/shariff\/v1\/share_counts?\"><ul class=\"shariff-buttons theme-round orientation-horizontal buttonsize-medium\"><li class=\"shariff-button facebook shariff-nocustomcolor\" style=\"background-color:#4273c8\"><a href=\"https:\/\/www.facebook.com\/sharer\/sharer.php?u=https%3A%2F%2Fautorenbuchhandlung-marx.de%2Fwww%2Fadventslesung-mit-philip-waechter%2F\" title=\"Bei Facebook teilen\" aria-label=\"Bei Facebook teilen\" role=\"button\" rel=\"nofollow\" class=\"shariff-link\" style=\"; background-color:#3b5998; color:#fff\" target=\"_blank\"><span class=\"shariff-icon\" style><svg width=\"32px\" height=\"20px\" viewBox=\"0 0 18 32\"><path fill=\"#3b5998\" d=\"M17.1 0.2v4.7h-2.8q-1.5 0-2.1 0.6t-0.5 1.9v3.4h5.2l-0.7 5.3h-4.5v13.6h-5.5v-13.6h-4.5v-5.3h4.5v-3.9q0-3.3 1.9-5.2t5-1.8q2.6 0 4.1 0.2z\" \/><\/svg><\/span><\/a><\/li><li class=\"shariff-button twitter shariff-nocustomcolor\" style=\"background-color:#32bbf5\"><a href=\"https:\/\/twitter.com\/share?url=https%3A%2F%2Fautorenbuchhandlung-marx.de%2Fwww%2Fadventslesung-mit-philip-waechter%2F&amp;text=Adventslesung%20mit%20Philip%20Waechter\" title=\"Bei Twitter teilen\" aria-label=\"Bei Twitter teilen\" role=\"button\" rel=\"noopener nofollow\" class=\"shariff-link\" style=\"; background-color:#55acee; color:#fff\" target=\"_blank\"><span class=\"shariff-icon\" style><svg width=\"32px\" height=\"20px\" viewBox=\"0 0 30 32\"><path fill=\"#55acee\" d=\"M29.7 6.8q-1.2 1.8-3 3.1 0 0.3 0 0.8 0 2.5-0.7 4.9t-2.2 4.7-3.5 4-4.9 2.8-6.1 1q-5.1 0-9.3-2.7 0.6 0.1 1.5 0.1 4.3 0 7.6-2.6-2-0.1-3.5-1.2t-2.2-3q0.6 0.1 1.1 0.1 0.8 0 1.6-0.2-2.1-0.4-3.5-2.1t-1.4-3.9v-0.1q1.3 0.7 2.8 0.8-1.2-0.8-2-2.2t-0.7-2.9q0-1.7 0.8-3.1 2.3 2.8 5.5 4.5t7 1.9q-0.2-0.7-0.2-1.4 0-2.5 1.8-4.3t4.3-1.8q2.7 0 4.5 1.9 2.1-0.4 3.9-1.5-0.7 2.2-2.7 3.4 1.8-0.2 3.5-0.9z\" \/><\/svg><\/span><\/a><\/li><\/ul><\/div>","protected":false},"excerpt":{"rendered":"<p>Freitag, 23. November 2018 ab 17.30 Uhr: Fensterbemalung ab 18 Uhr: Lesen und Zeichnen rund um&nbsp; Toni. Und alles nur wegen Renato Flash Fast genau einen Monat vor Heiligabend zaubert Philip Waechter Weihnachtsw\u00fcnsche und Fu\u00dfballtr\u00e4ume auf unsere Fensterscheiben \u2013 und Ihr d\u00fcrft schauen und staunen, bevor wir im Warmen mit dem ber\u00fchmten Kinderbuchillustrator zum Zeichenstift [&hellip;]<\/p>\n","protected":false},"author":2,"featured_media":0,"comment_status":"closed","ping_status":"closed","sticky":false,"template":"","format":"standard","meta":{"_links_to":"","_links_to_target":""},"categories":[1],"tags":[],"_links":{"self":[{"href":"https:\/\/autorenbuchhandlung-marx.de\/www\/wp-json\/wp\/v2\/posts\/989"}],"collection":[{"href":"https:\/\/autorenbuchhandlung-marx.de\/www\/wp-json\/wp\/v2\/posts"}],"about":[{"href":"https:\/\/autorenbuchhandlung-marx.de\/www\/wp-json\/wp\/v2\/types\/post"}],"author":[{"embeddable":true,"href":"https:\/\/autorenbuchhandlung-marx.de\/www\/wp-json\/wp\/v2\/users\/2"}],"replies":[{"embeddable":true,"href":"https:\/\/autorenbuchhandlung-marx.de\/www\/wp-json\/wp\/v2\/comments?post=989"}],"version-history":[{"count":9,"href":"https:\/\/autorenbuchhandlung-marx.de\/www\/wp-json\/wp\/v2\/posts\/989\/revisions"}],"predecessor-version":[{"id":1001,"href":"https:\/\/autorenbuchhandlung-marx.de\/www\/wp-json\/wp\/v2\/posts\/989\/revisions\/1001"}],"wp:attachment":[{"href":"https:\/\/autorenbuchhandlung-marx.de\/www\/wp-json\/wp\/v2\/media?parent=989"}],"wp:term":[{"taxonomy":"category","embeddable":true,"href":"https:\/\/autorenbuchhandlung-marx.de\/www\/wp-json\/wp\/v2\/categories?post=989"},{"taxonomy":"post_tag","embeddable":true,"href":"https:\/\/autorenbuchhandlung-marx.de\/www\/wp-json\/wp\/v2\/tags?post=989"}],"curies":[{"name":"wp","href":"https:\/\/api.w.org\/{rel}","templated":true}]}}