{"id":954,"date":"2018-07-20T10:47:01","date_gmt":"2018-07-20T08:47:01","guid":{"rendered":"https:\/\/autorenbuchhandlung-marx.de\/www\/?p=954"},"modified":"2018-07-20T14:25:25","modified_gmt":"2018-07-20T12:25:25","slug":"gefangen-in-prag-nach-1968","status":"publish","type":"post","link":"https:\/\/autorenbuchhandlung-marx.de\/www\/gefangen-in-prag-nach-1968\/","title":{"rendered":"Gefangen in Prag nach 1968"},"content":{"rendered":"<figure id=\"attachment_955\" aria-describedby=\"caption-attachment-955\" style=\"width: 186px\" class=\"wp-caption alignright\"><noscript><img class=\"wp-image-955 size-medium\" src=\"https:\/\/autorenbuchhandlung-marx.de\/www\/wp-content\/uploads\/2018\/07\/plogstedt-186x300.jpg\" alt width=\"186\" height=\"300\" srcset=\"https:\/\/autorenbuchhandlung-marx.de\/www\/wp-content\/uploads\/2018\/07\/plogstedt-186x300.jpg 186w, https:\/\/autorenbuchhandlung-marx.de\/www\/wp-content\/uploads\/2018\/07\/plogstedt.jpg 329w\" sizes=\"(max-width: 186px) 100vw, 186px\"><\/noscript><img class=\"wp-image-955 size-medium lazyload\" src=\"data:image\/svg+xml,%3Csvg%20xmlns%3D%22http%3A%2F%2Fwww.w3.org%2F2000%2Fsvg%22%20viewBox%3D%220%200%20186%20300%22%3E%3C%2Fsvg%3E\" alt width=\"186\" height=\"300\" srcset=\"data:image\/svg+xml,%3Csvg%20xmlns%3D%22http%3A%2F%2Fwww.w3.org%2F2000%2Fsvg%22%20viewBox%3D%220%200%20186%20300%22%3E%3C%2Fsvg%3E 186w\" sizes=\"(max-width: 186px) 100vw, 186px\" data-srcset=\"https:\/\/autorenbuchhandlung-marx.de\/www\/wp-content\/uploads\/2018\/07\/plogstedt-186x300.jpg 186w, https:\/\/autorenbuchhandlung-marx.de\/www\/wp-content\/uploads\/2018\/07\/plogstedt.jpg 329w\" data-src=\"https:\/\/autorenbuchhandlung-marx.de\/www\/wp-content\/uploads\/2018\/07\/plogstedt-186x300.jpg\"><figcaption id=\"caption-attachment-955\" class=\"wp-caption-text\">Helmer Verlag, 16.- \u20ac<\/figcaption><\/figure>\n<h3>Sibylle Plogstedt im Gespr\u00e4ch mit Ilse Lenz<\/h3>\n<h3>Montag, 13. August 2018, 20 Uhr<\/h3>\n<p>1968 \u2013 das Jahr der Studentenrevolte &#8211; begann mit dem \u00bbPrager Fr\u00fchling\u00ab in der Tschechoslowakei. Doch die Reformversuche der Partei- und Staatsf\u00fchrung endeten am 21. August mit dem Einmarsch der Truppen des Warschauer Paktes.<br>\nSibylle Plogstedt, als Studentin in der Opposition gegen den Einmarsch aktiv, wird 1969 von der Staatssicherheit der Tschechoslowakei verhaftet. Sie ist zu dem Zeitpunkt 24 Jahre alt und verbringt eineinhalb Jahre Haft in Ruzyn\u011b. Erst Jahrzehnte sp\u00e4ter kann sie ihre politische Gefangenschaft in diesem Buch aufarbeiten.<\/p>\n<p>Sibylle Plogstedt schl\u00e4gt anhand der eigenen Biografie ein zentrales Kapitel osteurop\u00e4ischer und bundesdeutscher Vergangenheit auf \u2013 vom Prager Fr\u00fchling und dessen Niederschlagung \u00fcber die Aktionen der westdeutschen Linken bis hin zum erwachenden Feminismus.<\/p>\n<p><strong>Sibylle Plogstedt<\/strong><br>\nwurde in Berlin geboren, absolvierte dort ein Studium der Sozialwissenschaften und war von 1965 bis 1969 Mitglied im SDS. 1969 geriet sie in Prag in politische Haft. An der Freien Universit\u00e4t in Berlin wurde sie von 1974 bis 1976 mit Berufsverbot belegt. Sibylle Plogstedt hat 1976 die feministische Zeitschrift \u00bbCourage\u00ab mit gegr\u00fcndet und bis 1984 herausgegeben. Von 1986 bis 1989 war sie Redakteurin beim Vorw\u00e4rts, danach freie Journalistin f\u00fcr verschiedenen Fernseh-, H\u00f6rfunk- und Internetredaktionen. Sie lebt als freie Autorin im Wendland.<\/p>\n<p><strong>Ilse Lenz<\/strong><br>\nist Professorin em. f\u00fcr Soziologie (Geschlechter- und Sozialstrukturforschung) an der Ruhr-Universit\u00e4t-Bochum. Schwerpunkte in Forschung und Lehre sind u.a. Globalisierung, Geschlecht und Arbeit, Frauenbewegungen im internationalen Vergleich; komplexe soziale Ungleichheiten (Klasse, Ethnizit\u00e4t, Geschlecht).<\/p>\n<p><a href=\"https:\/\/www.boell-hessen.de\/gefangen-prag-nach-1968\/\"><noscript><img class=\"alignleft wp-image-959\" src=\"https:\/\/autorenbuchhandlung-marx.de\/www\/wp-content\/uploads\/2018\/07\/b\u00f6llstiftung.png\" alt width=\"106\" height=\"120\"><\/noscript><img class=\"alignleft wp-image-959 lazyload\" src=\"data:image\/svg+xml,%3Csvg%20xmlns%3D%22http%3A%2F%2Fwww.w3.org%2F2000%2Fsvg%22%20viewBox%3D%220%200%20106%20120%22%3E%3C%2Fsvg%3E\" alt width=\"106\" height=\"120\" data-src=\"https:\/\/autorenbuchhandlung-marx.de\/www\/wp-content\/uploads\/2018\/07\/b\u00f6llstiftung.png\"><\/a><\/p>\n<p>&nbsp;<\/p>\n<p>&nbsp;<\/p>\n<p style=\"text-align: left;\">Eine Veranstaltung in Kooperation mit der HEINRICH B\u00d6LL STIFTUNG HESSEN e.V.<\/p>\n<div class=\"shariff shariff-align-flex-start shariff-widget-align-flex-start\" data-services=\"facebook%7Ctwitter\" data-url=\"https%3A%2F%2Fautorenbuchhandlung-marx.de%2Fwww%2Fgefangen-in-prag-nach-1968%2F\" data-timestamp=\"1532096725\" data-backendurl=\"https:\/\/autorenbuchhandlung-marx.de\/www\/wp-json\/shariff\/v1\/share_counts?\"><ul class=\"shariff-buttons theme-round orientation-horizontal buttonsize-medium\"><li class=\"shariff-button facebook shariff-nocustomcolor\" style=\"background-color:#4273c8\"><a href=\"https:\/\/www.facebook.com\/sharer\/sharer.php?u=https%3A%2F%2Fautorenbuchhandlung-marx.de%2Fwww%2Fgefangen-in-prag-nach-1968%2F\" title=\"Bei Facebook teilen\" aria-label=\"Bei Facebook teilen\" role=\"button\" rel=\"nofollow\" class=\"shariff-link\" style=\"; background-color:#3b5998; color:#fff\" target=\"_blank\"><span class=\"shariff-icon\" style><svg width=\"32px\" height=\"20px\" viewBox=\"0 0 18 32\"><path fill=\"#3b5998\" d=\"M17.1 0.2v4.7h-2.8q-1.5 0-2.1 0.6t-0.5 1.9v3.4h5.2l-0.7 5.3h-4.5v13.6h-5.5v-13.6h-4.5v-5.3h4.5v-3.9q0-3.3 1.9-5.2t5-1.8q2.6 0 4.1 0.2z\" \/><\/svg><\/span><\/a><\/li><li class=\"shariff-button twitter shariff-nocustomcolor\" style=\"background-color:#32bbf5\"><a href=\"https:\/\/twitter.com\/share?url=https%3A%2F%2Fautorenbuchhandlung-marx.de%2Fwww%2Fgefangen-in-prag-nach-1968%2F&amp;text=Gefangen%20in%20Prag%20nach%201968\" title=\"Bei Twitter teilen\" aria-label=\"Bei Twitter teilen\" role=\"button\" rel=\"noopener nofollow\" class=\"shariff-link\" style=\"; background-color:#55acee; color:#fff\" target=\"_blank\"><span class=\"shariff-icon\" style><svg width=\"32px\" height=\"20px\" viewBox=\"0 0 30 32\"><path fill=\"#55acee\" d=\"M29.7 6.8q-1.2 1.8-3 3.1 0 0.3 0 0.8 0 2.5-0.7 4.9t-2.2 4.7-3.5 4-4.9 2.8-6.1 1q-5.1 0-9.3-2.7 0.6 0.1 1.5 0.1 4.3 0 7.6-2.6-2-0.1-3.5-1.2t-2.2-3q0.6 0.1 1.1 0.1 0.8 0 1.6-0.2-2.1-0.4-3.5-2.1t-1.4-3.9v-0.1q1.3 0.7 2.8 0.8-1.2-0.8-2-2.2t-0.7-2.9q0-1.7 0.8-3.1 2.3 2.8 5.5 4.5t7 1.9q-0.2-0.7-0.2-1.4 0-2.5 1.8-4.3t4.3-1.8q2.7 0 4.5 1.9 2.1-0.4 3.9-1.5-0.7 2.2-2.7 3.4 1.8-0.2 3.5-0.9z\" \/><\/svg><\/span><\/a><\/li><\/ul><\/div>","protected":false},"excerpt":{"rendered":"<p>Sibylle Plogstedt im Gespr\u00e4ch mit Ilse Lenz Montag, 13. August 2018, 20 Uhr 1968 \u2013 das Jahr der Studentenrevolte &#8211; begann mit dem \u00bbPrager Fr\u00fchling\u00ab in der Tschechoslowakei. Doch die Reformversuche der Partei- und Staatsf\u00fchrung endeten am 21. August mit dem Einmarsch der Truppen des Warschauer Paktes. Sibylle Plogstedt, als Studentin in der Opposition gegen [&hellip;]<\/p>\n","protected":false},"author":1,"featured_media":0,"comment_status":"closed","ping_status":"closed","sticky":false,"template":"","format":"standard","meta":{"_links_to":"","_links_to_target":""},"categories":[1],"tags":[],"_links":{"self":[{"href":"https:\/\/autorenbuchhandlung-marx.de\/www\/wp-json\/wp\/v2\/posts\/954"}],"collection":[{"href":"https:\/\/autorenbuchhandlung-marx.de\/www\/wp-json\/wp\/v2\/posts"}],"about":[{"href":"https:\/\/autorenbuchhandlung-marx.de\/www\/wp-json\/wp\/v2\/types\/post"}],"author":[{"embeddable":true,"href":"https:\/\/autorenbuchhandlung-marx.de\/www\/wp-json\/wp\/v2\/users\/1"}],"replies":[{"embeddable":true,"href":"https:\/\/autorenbuchhandlung-marx.de\/www\/wp-json\/wp\/v2\/comments?post=954"}],"version-history":[{"count":5,"href":"https:\/\/autorenbuchhandlung-marx.de\/www\/wp-json\/wp\/v2\/posts\/954\/revisions"}],"predecessor-version":[{"id":962,"href":"https:\/\/autorenbuchhandlung-marx.de\/www\/wp-json\/wp\/v2\/posts\/954\/revisions\/962"}],"wp:attachment":[{"href":"https:\/\/autorenbuchhandlung-marx.de\/www\/wp-json\/wp\/v2\/media?parent=954"}],"wp:term":[{"taxonomy":"category","embeddable":true,"href":"https:\/\/autorenbuchhandlung-marx.de\/www\/wp-json\/wp\/v2\/categories?post=954"},{"taxonomy":"post_tag","embeddable":true,"href":"https:\/\/autorenbuchhandlung-marx.de\/www\/wp-json\/wp\/v2\/tags?post=954"}],"curies":[{"name":"wp","href":"https:\/\/api.w.org\/{rel}","templated":true}]}}