{"id":919,"date":"2018-06-18T12:16:19","date_gmt":"2018-06-18T10:16:19","guid":{"rendered":"https:\/\/autorenbuchhandlung-marx.de\/www\/?p=919"},"modified":"2018-06-18T13:43:44","modified_gmt":"2018-06-18T11:43:44","slug":"afd-in-parlamenten-themen-strategien-akteure","status":"publish","type":"post","link":"https:\/\/autorenbuchhandlung-marx.de\/www\/afd-in-parlamenten-themen-strategien-akteure\/","title":{"rendered":"AfD in Parlamenten \u2013 Themen, Strategien, Akteure"},"content":{"rendered":"<figure id=\"attachment_920\" aria-describedby=\"caption-attachment-920\" style=\"width: 200px\" class=\"wp-caption alignright\"><noscript><img class=\"size-full wp-image-920\" src=\"https:\/\/autorenbuchhandlung-marx.de\/www\/wp-content\/uploads\/2018\/06\/hafeneger.png\" alt width=\"200\" height=\"326\" srcset=\"https:\/\/autorenbuchhandlung-marx.de\/www\/wp-content\/uploads\/2018\/06\/hafeneger.png 200w, https:\/\/autorenbuchhandlung-marx.de\/www\/wp-content\/uploads\/2018\/06\/hafeneger-184x300.png 184w\" sizes=\"(max-width: 200px) 100vw, 200px\"><\/noscript><img class=\"size-full wp-image-920 lazyload\" src=\"data:image\/svg+xml,%3Csvg%20xmlns%3D%22http%3A%2F%2Fwww.w3.org%2F2000%2Fsvg%22%20viewBox%3D%220%200%20200%20326%22%3E%3C%2Fsvg%3E\" alt width=\"200\" height=\"326\" srcset=\"data:image\/svg+xml,%3Csvg%20xmlns%3D%22http%3A%2F%2Fwww.w3.org%2F2000%2Fsvg%22%20viewBox%3D%220%200%20200%20326%22%3E%3C%2Fsvg%3E 200w\" sizes=\"(max-width: 200px) 100vw, 200px\" data-srcset=\"https:\/\/autorenbuchhandlung-marx.de\/www\/wp-content\/uploads\/2018\/06\/hafeneger.png 200w, https:\/\/autorenbuchhandlung-marx.de\/www\/wp-content\/uploads\/2018\/06\/hafeneger-184x300.png 184w\" data-src=\"https:\/\/autorenbuchhandlung-marx.de\/www\/wp-content\/uploads\/2018\/06\/hafeneger.png\"><figcaption id=\"caption-attachment-920\" class=\"wp-caption-text\">Wochenschau Verlag, 14.90 \u20ac<\/figcaption><\/figure>\n<h3>Lisa-Marie Klose und Benno Hafeneger im Gespr\u00e4ch mit Heike Lie\u00dfmann<\/h3>\n<h3>Montag, 25. Juni 2018, 20 Uhr<\/h3>\n<p>Europaweit besch\u00e4ftigen rechtspopulistische Parteien die Menschen, die Medien und nach dem Einzug jener Parteien in die Parlamente auch den politischen Alltag.<br>\nBenno Hafeneger, Hannah Jest\u00e4dt, Lisa-Marie Klose und Philine Lewek haben sich in einer umfangreichen Studie mit den ersten parlamentarischen Aktivit\u00e4ten der AfD in kommunalen Parlamenten in Hessen und Niedersachsen sowie im Landtag von Rheinland-Pfalz besch\u00e4ftigt. Sie beleuchten u.a. die Wahrnehmung der etablierten Parteien von und den diffizilen Umgang mit der AfD. Die Untersuchung versteht sich als ein aufkl\u00e4render Beitrag \u00fcber die AfD mit Blick auf ihre parlamenta\u00adrischen Aktivit\u00e4ten und zugleich als Anregung f\u00fcr eine differenzierte Auseinandersetzung mit der AfD im Parlamentsbetrieb.<\/p>\n<p>Neben dieser bereits ver\u00f6ffentlichten Studie werden die Autoren im Gespr\u00e4ch mit Heike Lie\u00dfmann auch die Ergebnisse einer weiteren Studie zu &#8222;AfD &#8211; Jugend, Jugendarbeit, Jugendpolitik&#8220; thematisieren.<\/p>\n<p><strong>Lisa-Marie Klose<\/strong>, M.A. Politikwissenschaft, Philipps-Universit\u00e4t Marburg; ab SS 2018 wissenschaftlicher Mitarbeiterin in der vergleichenden Politikwissenschaft an der Johann Wolfgang Goethe-Universit\u00e4t Frankfurt.<\/p>\n<p><strong>Benno Hafeneger<\/strong>, Dr. phil., Prof.(em) am Institut f\u00fcr Erziehungswissenshaften der Philipps-Universit\u00e4t Marburg.<\/p>\n<p><strong>Heike Lie\u00dfmann<\/strong>, Redakteurin in der Redaktion Bildung und Wissenschaft bei hr Info.<\/p>\n<div class=\"shariff shariff-align-flex-start shariff-widget-align-flex-start\" data-services=\"facebook%7Ctwitter\" data-url=\"https%3A%2F%2Fautorenbuchhandlung-marx.de%2Fwww%2Fafd-in-parlamenten-themen-strategien-akteure%2F\" data-timestamp=\"1529329424\" data-backendurl=\"https:\/\/autorenbuchhandlung-marx.de\/www\/wp-json\/shariff\/v1\/share_counts?\"><ul class=\"shariff-buttons theme-round orientation-horizontal buttonsize-medium\"><li class=\"shariff-button facebook shariff-nocustomcolor\" style=\"background-color:#4273c8\"><a href=\"https:\/\/www.facebook.com\/sharer\/sharer.php?u=https%3A%2F%2Fautorenbuchhandlung-marx.de%2Fwww%2Fafd-in-parlamenten-themen-strategien-akteure%2F\" title=\"Bei Facebook teilen\" aria-label=\"Bei Facebook teilen\" role=\"button\" rel=\"nofollow\" class=\"shariff-link\" style=\"; background-color:#3b5998; color:#fff\" target=\"_blank\"><span class=\"shariff-icon\" style><svg width=\"32px\" height=\"20px\" viewBox=\"0 0 18 32\"><path fill=\"#3b5998\" d=\"M17.1 0.2v4.7h-2.8q-1.5 0-2.1 0.6t-0.5 1.9v3.4h5.2l-0.7 5.3h-4.5v13.6h-5.5v-13.6h-4.5v-5.3h4.5v-3.9q0-3.3 1.9-5.2t5-1.8q2.6 0 4.1 0.2z\" \/><\/svg><\/span><\/a><\/li><li class=\"shariff-button twitter shariff-nocustomcolor\" style=\"background-color:#32bbf5\"><a href=\"https:\/\/twitter.com\/share?url=https%3A%2F%2Fautorenbuchhandlung-marx.de%2Fwww%2Fafd-in-parlamenten-themen-strategien-akteure%2F&amp;text=AfD%20in%20Parlamenten%20%E2%80%93%20Themen%2C%20Strategien%2C%20Akteure\" title=\"Bei Twitter teilen\" aria-label=\"Bei Twitter teilen\" role=\"button\" rel=\"noopener nofollow\" class=\"shariff-link\" style=\"; background-color:#55acee; color:#fff\" target=\"_blank\"><span class=\"shariff-icon\" style><svg width=\"32px\" height=\"20px\" viewBox=\"0 0 30 32\"><path fill=\"#55acee\" d=\"M29.7 6.8q-1.2 1.8-3 3.1 0 0.3 0 0.8 0 2.5-0.7 4.9t-2.2 4.7-3.5 4-4.9 2.8-6.1 1q-5.1 0-9.3-2.7 0.6 0.1 1.5 0.1 4.3 0 7.6-2.6-2-0.1-3.5-1.2t-2.2-3q0.6 0.1 1.1 0.1 0.8 0 1.6-0.2-2.1-0.4-3.5-2.1t-1.4-3.9v-0.1q1.3 0.7 2.8 0.8-1.2-0.8-2-2.2t-0.7-2.9q0-1.7 0.8-3.1 2.3 2.8 5.5 4.5t7 1.9q-0.2-0.7-0.2-1.4 0-2.5 1.8-4.3t4.3-1.8q2.7 0 4.5 1.9 2.1-0.4 3.9-1.5-0.7 2.2-2.7 3.4 1.8-0.2 3.5-0.9z\" \/><\/svg><\/span><\/a><\/li><\/ul><\/div>","protected":false},"excerpt":{"rendered":"<p>Lisa-Marie Klose und Benno Hafeneger im Gespr\u00e4ch mit Heike Lie\u00dfmann Montag, 25. Juni 2018, 20 Uhr Europaweit besch\u00e4ftigen rechtspopulistische Parteien die Menschen, die Medien und nach dem Einzug jener Parteien in die Parlamente auch den politischen Alltag. Benno Hafeneger, Hannah Jest\u00e4dt, Lisa-Marie Klose und Philine Lewek haben sich in einer umfangreichen Studie mit den ersten [&hellip;]<\/p>\n","protected":false},"author":1,"featured_media":0,"comment_status":"closed","ping_status":"closed","sticky":false,"template":"","format":"standard","meta":{"_links_to":"","_links_to_target":""},"categories":[1],"tags":[],"_links":{"self":[{"href":"https:\/\/autorenbuchhandlung-marx.de\/www\/wp-json\/wp\/v2\/posts\/919"}],"collection":[{"href":"https:\/\/autorenbuchhandlung-marx.de\/www\/wp-json\/wp\/v2\/posts"}],"about":[{"href":"https:\/\/autorenbuchhandlung-marx.de\/www\/wp-json\/wp\/v2\/types\/post"}],"author":[{"embeddable":true,"href":"https:\/\/autorenbuchhandlung-marx.de\/www\/wp-json\/wp\/v2\/users\/1"}],"replies":[{"embeddable":true,"href":"https:\/\/autorenbuchhandlung-marx.de\/www\/wp-json\/wp\/v2\/comments?post=919"}],"version-history":[{"count":1,"href":"https:\/\/autorenbuchhandlung-marx.de\/www\/wp-json\/wp\/v2\/posts\/919\/revisions"}],"predecessor-version":[{"id":921,"href":"https:\/\/autorenbuchhandlung-marx.de\/www\/wp-json\/wp\/v2\/posts\/919\/revisions\/921"}],"wp:attachment":[{"href":"https:\/\/autorenbuchhandlung-marx.de\/www\/wp-json\/wp\/v2\/media?parent=919"}],"wp:term":[{"taxonomy":"category","embeddable":true,"href":"https:\/\/autorenbuchhandlung-marx.de\/www\/wp-json\/wp\/v2\/categories?post=919"},{"taxonomy":"post_tag","embeddable":true,"href":"https:\/\/autorenbuchhandlung-marx.de\/www\/wp-json\/wp\/v2\/tags?post=919"}],"curies":[{"name":"wp","href":"https:\/\/api.w.org\/{rel}","templated":true}]}}