{"id":878,"date":"2017-07-31T14:56:57","date_gmt":"2017-07-31T12:56:57","guid":{"rendered":"http:\/\/autorenbuchhandlung-marx.de\/www\/?p=878"},"modified":"2018-05-08T16:33:46","modified_gmt":"2018-05-08T14:33:46","slug":"buchempfehlung-manja-praekels-als-ich-mit-hitler-schnapskirschen-ass","status":"publish","type":"post","link":"https:\/\/autorenbuchhandlung-marx.de\/www\/buchempfehlung-manja-praekels-als-ich-mit-hitler-schnapskirschen-ass\/","title":{"rendered":"Buchempfehlung &#8211; Manja Pr\u00e4kels &#8222;Als ich mit Hitler Schnapskirschen a\u00df&#8220;"},"content":{"rendered":"<figure id=\"attachment_868\" aria-describedby=\"caption-attachment-868\" style=\"width: 186px\" class=\"wp-caption alignleft\"><a href=\"http:\/\/autorenbuchhandlung-marx.de\/www\/wp-content\/uploads\/2018\/05\/schnaps.jpg\"><noscript><img class=\"wp-image-868 size-full\" src=\"http:\/\/autorenbuchhandlung-marx.de\/www\/wp-content\/uploads\/2018\/05\/schnaps.jpg\" alt width=\"186\" height=\"270\"><\/noscript><img class=\"wp-image-868 size-full lazyload\" src=\"data:image\/svg+xml,%3Csvg%20xmlns%3D%22http%3A%2F%2Fwww.w3.org%2F2000%2Fsvg%22%20viewBox%3D%220%200%20186%20270%22%3E%3C%2Fsvg%3E\" alt width=\"186\" height=\"270\" data-src=\"http:\/\/autorenbuchhandlung-marx.de\/www\/wp-content\/uploads\/2018\/05\/schnaps.jpg\"><\/a><figcaption id=\"caption-attachment-868\" class=\"wp-caption-text\">Verbrecher Verlag 20\u20ac<\/figcaption><\/figure>\n<p class=\"tx1\">Was geschieht, wenn man nach langer Abwesenheit an den Ort seiner Kindheit und Jugend zur\u00fcckkehrt? Und wenn dieser Ort nicht Unbeschwertheit oder Geborgenheit vermittelt, sondern Angst? Wenn man nach Jahren des Exils zur\u00fcckkommt und Hitler einem mit einem Mal wieder als der alte Schulfreund erscheint, der er einmal war?<\/p>\n<p class=\"tx1\">Fr\u00fcher sind Oliver und Mimi oft zusammen angeln gegangen. Obwohl sie wenig miteinander gesprochen haben, bestand doch eine Freundschaft zwischen ihnen. Dann kam die Wende, und aus Oliver wurde Hitler, Anf\u00fchrer einer von zahlreichen Neonazigruppen, die zu dieser Zeit die Kontrolle \u00fcber das soziale Leben \u00fcbernahmen, wie Mimi ihre Erinnerungen beschreibt. In ihrer R\u00fcckschau auf die Ereignisse, wird der Protagonistin klar, dass diese fr\u00fche Freundschaft zu Hitler\/Oliver ihr das Leben gerettet haben k\u00f6nnte. Denn mit dem Erstarken der Neonazis wurden sie und ihre Freunde, die \u201eZecken\u201c, zu Gejagten. Denn der Einfluss der Rechten auf die Gesellschaft scheint \u00fcberm\u00e4chtig und allgegenw\u00e4rtig und wird doch, auch damals schon, totgeschwiegen. Nazis st\u00fcrmen Diskotheken und Kneipen, die \u201cZecken\u201d werden verfolgt und verpr\u00fcgelt. Ein Freund \u00fcberlebt einen dieser \u00dcberf\u00e4lle nicht. Die T\u00e4ter werden freigesprochen, die Angst w\u00e4chst, die \u00dcbergriffe werden h\u00e4ufiger. Von ihrer Familie wird Mimi Verfolgungswahn vorgeworfen, alles Einbildung, \u00dcbertreibung. Es folgt die Flucht nach Berlin, doch der Neuanfang, den die Gro\u00dfstadt verspricht, bleibt aus.<\/p>\n<p class=\"tx1\">Manja Pr\u00e4kels, die sich mit neonazistischen Gruppierungen und Str\u00f6mungen auch in ihrer journalistischen T\u00e4tigkeit besch\u00e4ftigt und hier auch ein St\u00fcck weit ihre eigene Biografie verarbeitet, schreibt mit einer ungeheuren Sachkenntnis. Dabei gelingt es ihr wie wenigen ihrer journalistischen KollegInnen, sich auf die literarische Form des Romans einzulassen. Durch ihren direkten Erz\u00e4hlstil \u00fcbertr\u00e4gt sich die beklemmende Stimmung auf die Leserin und sorgt daf\u00fcr, dass das Buch einen lange besch\u00e4ftigt.<\/p>\n<p class=\"tx1\">In Deutschland, in den neuen Bundesl\u00e4ndern wie in den alten, wurde und wird rechte Gewalt systematisch geleugnet oder kleingeredet. Mit ihrem Roman wie mit ihrer journalistischen Arbeit leistet Manja Pr\u00e4kels einen wichtigen Beitrag zur Debatte.<\/p>\n<p class=\"tx1\">Theresa Mayer, autorenbuchhandlung marx &amp; co. Frankfurt<\/p>\n<div class=\"shariff shariff-align-flex-start shariff-widget-align-flex-start\" data-services=\"facebook%7Ctwitter\" data-url=\"https%3A%2F%2Fautorenbuchhandlung-marx.de%2Fwww%2Fbuchempfehlung-manja-praekels-als-ich-mit-hitler-schnapskirschen-ass%2F\" data-timestamp=\"1525797226\" data-backendurl=\"https:\/\/autorenbuchhandlung-marx.de\/www\/wp-json\/shariff\/v1\/share_counts?\"><ul class=\"shariff-buttons theme-round orientation-horizontal buttonsize-medium\"><li class=\"shariff-button facebook shariff-nocustomcolor\" style=\"background-color:#4273c8\"><a href=\"https:\/\/www.facebook.com\/sharer\/sharer.php?u=https%3A%2F%2Fautorenbuchhandlung-marx.de%2Fwww%2Fbuchempfehlung-manja-praekels-als-ich-mit-hitler-schnapskirschen-ass%2F\" title=\"Bei Facebook teilen\" aria-label=\"Bei Facebook teilen\" role=\"button\" rel=\"nofollow\" class=\"shariff-link\" style=\"; background-color:#3b5998; color:#fff\" target=\"_blank\"><span class=\"shariff-icon\" style><svg width=\"32px\" height=\"20px\" viewBox=\"0 0 18 32\"><path fill=\"#3b5998\" d=\"M17.1 0.2v4.7h-2.8q-1.5 0-2.1 0.6t-0.5 1.9v3.4h5.2l-0.7 5.3h-4.5v13.6h-5.5v-13.6h-4.5v-5.3h4.5v-3.9q0-3.3 1.9-5.2t5-1.8q2.6 0 4.1 0.2z\" \/><\/svg><\/span><\/a><\/li><li class=\"shariff-button twitter shariff-nocustomcolor\" style=\"background-color:#32bbf5\"><a href=\"https:\/\/twitter.com\/share?url=https%3A%2F%2Fautorenbuchhandlung-marx.de%2Fwww%2Fbuchempfehlung-manja-praekels-als-ich-mit-hitler-schnapskirschen-ass%2F&amp;text=Buchempfehlung%20%E2%80%93%20Manja%20Pr%C3%A4kels%20%E2%80%9EAls%20ich%20mit%20Hitler%20Schnapskirschen%20a%C3%9F%E2%80%9C\" title=\"Bei Twitter teilen\" aria-label=\"Bei Twitter teilen\" role=\"button\" rel=\"noopener nofollow\" class=\"shariff-link\" style=\"; background-color:#55acee; color:#fff\" target=\"_blank\"><span class=\"shariff-icon\" style><svg width=\"32px\" height=\"20px\" viewBox=\"0 0 30 32\"><path fill=\"#55acee\" d=\"M29.7 6.8q-1.2 1.8-3 3.1 0 0.3 0 0.8 0 2.5-0.7 4.9t-2.2 4.7-3.5 4-4.9 2.8-6.1 1q-5.1 0-9.3-2.7 0.6 0.1 1.5 0.1 4.3 0 7.6-2.6-2-0.1-3.5-1.2t-2.2-3q0.6 0.1 1.1 0.1 0.8 0 1.6-0.2-2.1-0.4-3.5-2.1t-1.4-3.9v-0.1q1.3 0.7 2.8 0.8-1.2-0.8-2-2.2t-0.7-2.9q0-1.7 0.8-3.1 2.3 2.8 5.5 4.5t7 1.9q-0.2-0.7-0.2-1.4 0-2.5 1.8-4.3t4.3-1.8q2.7 0 4.5 1.9 2.1-0.4 3.9-1.5-0.7 2.2-2.7 3.4 1.8-0.2 3.5-0.9z\" \/><\/svg><\/span><\/a><\/li><\/ul><\/div>","protected":false},"excerpt":{"rendered":"<p>Was geschieht, wenn man nach langer Abwesenheit an den Ort seiner Kindheit und Jugend zur\u00fcckkehrt? Und wenn dieser Ort nicht Unbeschwertheit oder Geborgenheit vermittelt, sondern Angst? Wenn man nach Jahren des Exils zur\u00fcckkommt und Hitler einem mit einem Mal wieder als der alte Schulfreund erscheint, der er einmal war? Fr\u00fcher sind Oliver und Mimi oft [&hellip;]<\/p>\n","protected":false},"author":2,"featured_media":0,"comment_status":"closed","ping_status":"closed","sticky":false,"template":"","format":"standard","meta":{"_links_to":"","_links_to_target":""},"categories":[8],"tags":[],"_links":{"self":[{"href":"https:\/\/autorenbuchhandlung-marx.de\/www\/wp-json\/wp\/v2\/posts\/878"}],"collection":[{"href":"https:\/\/autorenbuchhandlung-marx.de\/www\/wp-json\/wp\/v2\/posts"}],"about":[{"href":"https:\/\/autorenbuchhandlung-marx.de\/www\/wp-json\/wp\/v2\/types\/post"}],"author":[{"embeddable":true,"href":"https:\/\/autorenbuchhandlung-marx.de\/www\/wp-json\/wp\/v2\/users\/2"}],"replies":[{"embeddable":true,"href":"https:\/\/autorenbuchhandlung-marx.de\/www\/wp-json\/wp\/v2\/comments?post=878"}],"version-history":[{"count":2,"href":"https:\/\/autorenbuchhandlung-marx.de\/www\/wp-json\/wp\/v2\/posts\/878\/revisions"}],"predecessor-version":[{"id":893,"href":"https:\/\/autorenbuchhandlung-marx.de\/www\/wp-json\/wp\/v2\/posts\/878\/revisions\/893"}],"wp:attachment":[{"href":"https:\/\/autorenbuchhandlung-marx.de\/www\/wp-json\/wp\/v2\/media?parent=878"}],"wp:term":[{"taxonomy":"category","embeddable":true,"href":"https:\/\/autorenbuchhandlung-marx.de\/www\/wp-json\/wp\/v2\/categories?post=878"},{"taxonomy":"post_tag","embeddable":true,"href":"https:\/\/autorenbuchhandlung-marx.de\/www\/wp-json\/wp\/v2\/tags?post=878"}],"curies":[{"name":"wp","href":"https:\/\/api.w.org\/{rel}","templated":true}]}}