{"id":749,"date":"2017-11-02T15:34:14","date_gmt":"2017-11-02T13:34:14","guid":{"rendered":"http:\/\/autorenbuchhandlung-marx.de\/www\/?p=749"},"modified":"2017-11-02T18:10:50","modified_gmt":"2017-11-02T16:10:50","slug":"betriebsblind-und-arbeitshoerig-psychische-erkrankungen-in-arbeit-und-therapie","status":"publish","type":"post","link":"https:\/\/autorenbuchhandlung-marx.de\/www\/betriebsblind-und-arbeitshoerig-psychische-erkrankungen-in-arbeit-und-therapie\/","title":{"rendered":"Betriebsblind und arbeitsh\u00f6rig \u2013 Psychische Erkrankungen in Arbeit und Therapie"},"content":{"rendered":"<figure id=\"attachment_750\" aria-describedby=\"caption-attachment-750\" style=\"width: 198px\" class=\"wp-caption alignright\"><noscript><img class=\"wp-image-750 size-medium\" src=\"http:\/\/autorenbuchhandlung-marx.de\/www\/wp-content\/uploads\/2017\/11\/Erkrankungen-198x300.jpg\" alt width=\"198\" height=\"300\" srcset=\"https:\/\/autorenbuchhandlung-marx.de\/www\/wp-content\/uploads\/2017\/11\/Erkrankungen-198x300.jpg 198w, https:\/\/autorenbuchhandlung-marx.de\/www\/wp-content\/uploads\/2017\/11\/Erkrankungen.jpg 474w\" sizes=\"(max-width: 198px) 100vw, 198px\"><\/noscript><img class=\"wp-image-750 size-medium lazyload\" src=\"data:image\/svg+xml,%3Csvg%20xmlns%3D%22http%3A%2F%2Fwww.w3.org%2F2000%2Fsvg%22%20viewBox%3D%220%200%20198%20300%22%3E%3C%2Fsvg%3E\" alt width=\"198\" height=\"300\" srcset=\"data:image\/svg+xml,%3Csvg%20xmlns%3D%22http%3A%2F%2Fwww.w3.org%2F2000%2Fsvg%22%20viewBox%3D%220%200%20198%20300%22%3E%3C%2Fsvg%3E 198w\" sizes=\"(max-width: 198px) 100vw, 198px\" data-srcset=\"https:\/\/autorenbuchhandlung-marx.de\/www\/wp-content\/uploads\/2017\/11\/Erkrankungen-198x300.jpg 198w, https:\/\/autorenbuchhandlung-marx.de\/www\/wp-content\/uploads\/2017\/11\/Erkrankungen.jpg 474w\" data-src=\"http:\/\/autorenbuchhandlung-marx.de\/www\/wp-content\/uploads\/2017\/11\/Erkrankungen-198x300.jpg\"><figcaption id=\"caption-attachment-750\" class=\"wp-caption-text\">Transcript, 29,99\u20ac<\/figcaption><\/figure>\n<h3>Ute Engelbach, Sabine Flick und Stephan Voswinkel im Gespr\u00e4ch<\/h3>\n<h3>Montag, 13. November 2017, 20 Uhr<\/h3>\n<h3>Prismen \u2013 Institut f\u00fcr Sozialforschung bei Marx &amp; Co<\/h3>\n<p>Seit Jahren nimmt die Zahl psychischer Erkrankungen zu. Ursachen sind nicht zuletzt in der Arbeitswelt zu finden. Das Stichwort \u00bbBurnout\u00ab ist ein zeitdiagnostischer Marker einer gesellschaftlichen Problematik. Oft aber bleibt unklar, wie Belastungen in der Arbeit und psychische Erkrankungen zusammenh\u00e4ngen. Allgemeine Hinweise auf Anforderungen der modernen Gesellschaft (\u00bbDer Kapitalismus \/ die moderne Arbeitswelt \/ macht krank\u00ab) stehen unvermittelt individualisierenden L\u00f6sungen gegen\u00fcber: besseres Stressmanagement, Sich-Abgrenzen-Lernen.<\/p>\n<p>Eine am Institut f\u00fcr Sozialforschung und am Sigmund-Freud-Institut Frankfurt a.M. durchgef\u00fchrte Untersuchung zeigt an empirischen F\u00e4llen, wie Arbeitsbedingungen und pers\u00f6nliche Vulnerabilit\u00e4ten zusammenwirken. 23 psychisch Erkrankte wurden in jeweils mehrst\u00fcndigen Gespr\u00e4chen zu Beginn und am Ende ihres Klinikaufenthaltes sowie mehrere Monate nach Verlassen der Klinik interviewt. Mit ihren Therapeut_ innen wurden ebenfalls umfangreiche Gespr\u00e4che gef\u00fchrt und Interviews mit betrieblichen Expert_innen erg\u00e4nzten die Empirie. Welche Arbeitssituationen sind psychisch gef\u00e4hrdend? Wie geht das betriebliche Umfeld damit um? Wie deuten die Betroffenen selbst ihre Krankheit und ihre Ursachen? Welche Bedeutung hat die Arbeit in den Therapien? Neigen Therapeut_innen dazu, die Arbeitswelt zu dethematisieren? Wie erkl\u00e4rt sich der individualisierende Umgang mit der Erkrankung trotz verallgemeinernder Zeitdiagnose? Fazit: Wenn Arbeitssituationen krank machen, reicht es nicht, nur die Erkrankten zu therapieren!<\/p>\n<p><strong>Ute Engelbach<\/strong>, Dr. med. Dipl.-P\u00e4d., ist Ober\u00e4rztin des Bereichs Psychosomatik der Klinik f\u00fcr Psychiatrie, Psychosomatik und Psychotherapie des Universit\u00e4tsklinikums Frankfurt. Dort leitet sie den Essst\u00f6rungsschwerpunkt und den psychosomatischen Konsildienst. Arbeitsschwerpunkte sind Psychosomatik und Diabetes\/HIV sowie Forschung zu psychischen Erkrankungen im Zusammenhang mit Erwerbsarbeit.<\/p>\n<p><strong>Sabine Flick<\/strong>, Dr. phil., ist Soziologin an der Goethe-Universit\u00e4t und assoziierte Wissenschaftlerin am Institut f\u00fcr Sozialforschung. Nach einer arbeitssoziologischen Dissertation \u00fcber Selbstsorge in entgrenzter Arbeit, forscht sie im Kontext verschiedener Projekte zum Gesellschaftsbegriff der Psychotherapie. Zu ihren Arbeitsschwerpunkten z\u00e4hlen Medizinsoziologie, Soziologie der Freundschaft, Familien- und Geschlechtersoziologie.<\/p>\n<p><strong>Stephan Voswinkel<\/strong>, PD Dr. disc. pol., ist Soziologe am Institut f\u00fcr Sozialforschung und Privatdozent am Fachbereich Gesellschaftswissenschaften der Goethe-Universit\u00e4t. Derzeit ist er Vertretungsprofessor f\u00fcr Allgemeine Soziologie an der TU Darmstadt. Zu seinen Arbeitsschwerpunkten z\u00e4hlen die Soziologie der Anerkennung, prek\u00e4re Besch\u00e4ftigung, Anspr\u00fcche an Arbeit und psychosoziale Gef\u00e4hrdungen in der Arbeit.<\/p>\n<p>Die Ergebnisse des Projekts sind k\u00fcrzlich als Buch erschienen:<\/p>\n<p>Nora Alsdorf, Ute Engelbach, Sabine Flick, Rolf Haubl und Stephan Voswinkel: Psychische Erkrankungen in der Arbeitswelt. Analysen und Ans\u00e4tze zur therapeutischen und betrieblichen Bew\u00e4ltigung. Bielefeld: transcript 2017.<\/p>\n<p>&nbsp;<\/p>\n<div class=\"shariff shariff-align-flex-start shariff-widget-align-flex-start\" data-services=\"facebook%7Ctwitter\" data-url=\"https%3A%2F%2Fautorenbuchhandlung-marx.de%2Fwww%2Fbetriebsblind-und-arbeitshoerig-psychische-erkrankungen-in-arbeit-und-therapie%2F\" data-timestamp=\"1509646250\" data-backendurl=\"https:\/\/autorenbuchhandlung-marx.de\/www\/wp-json\/shariff\/v1\/share_counts?\"><ul class=\"shariff-buttons theme-round orientation-horizontal buttonsize-medium\"><li class=\"shariff-button facebook shariff-nocustomcolor\" style=\"background-color:#4273c8\"><a href=\"https:\/\/www.facebook.com\/sharer\/sharer.php?u=https%3A%2F%2Fautorenbuchhandlung-marx.de%2Fwww%2Fbetriebsblind-und-arbeitshoerig-psychische-erkrankungen-in-arbeit-und-therapie%2F\" title=\"Bei Facebook teilen\" aria-label=\"Bei Facebook teilen\" role=\"button\" rel=\"nofollow\" class=\"shariff-link\" style=\"; background-color:#3b5998; color:#fff\" target=\"_blank\"><span class=\"shariff-icon\" style><svg width=\"32px\" height=\"20px\" viewBox=\"0 0 18 32\"><path fill=\"#3b5998\" d=\"M17.1 0.2v4.7h-2.8q-1.5 0-2.1 0.6t-0.5 1.9v3.4h5.2l-0.7 5.3h-4.5v13.6h-5.5v-13.6h-4.5v-5.3h4.5v-3.9q0-3.3 1.9-5.2t5-1.8q2.6 0 4.1 0.2z\" \/><\/svg><\/span><\/a><\/li><li class=\"shariff-button twitter shariff-nocustomcolor\" style=\"background-color:#32bbf5\"><a href=\"https:\/\/twitter.com\/share?url=https%3A%2F%2Fautorenbuchhandlung-marx.de%2Fwww%2Fbetriebsblind-und-arbeitshoerig-psychische-erkrankungen-in-arbeit-und-therapie%2F&amp;text=Betriebsblind%20und%20arbeitsh%C3%B6rig%20%E2%80%93%20Psychische%20Erkrankungen%20in%20Arbeit%20und%20Therapie\" title=\"Bei Twitter teilen\" aria-label=\"Bei Twitter teilen\" role=\"button\" rel=\"noopener nofollow\" class=\"shariff-link\" style=\"; background-color:#55acee; color:#fff\" target=\"_blank\"><span class=\"shariff-icon\" style><svg width=\"32px\" height=\"20px\" viewBox=\"0 0 30 32\"><path fill=\"#55acee\" d=\"M29.7 6.8q-1.2 1.8-3 3.1 0 0.3 0 0.8 0 2.5-0.7 4.9t-2.2 4.7-3.5 4-4.9 2.8-6.1 1q-5.1 0-9.3-2.7 0.6 0.1 1.5 0.1 4.3 0 7.6-2.6-2-0.1-3.5-1.2t-2.2-3q0.6 0.1 1.1 0.1 0.8 0 1.6-0.2-2.1-0.4-3.5-2.1t-1.4-3.9v-0.1q1.3 0.7 2.8 0.8-1.2-0.8-2-2.2t-0.7-2.9q0-1.7 0.8-3.1 2.3 2.8 5.5 4.5t7 1.9q-0.2-0.7-0.2-1.4 0-2.5 1.8-4.3t4.3-1.8q2.7 0 4.5 1.9 2.1-0.4 3.9-1.5-0.7 2.2-2.7 3.4 1.8-0.2 3.5-0.9z\" \/><\/svg><\/span><\/a><\/li><\/ul><\/div>","protected":false},"excerpt":{"rendered":"<p>Ute Engelbach, Sabine Flick und Stephan Voswinkel im Gespr\u00e4ch Montag, 13. November 2017, 20 Uhr Prismen \u2013 Institut f\u00fcr Sozialforschung bei Marx &amp; Co Seit Jahren nimmt die Zahl psychischer Erkrankungen zu. Ursachen sind nicht zuletzt in der Arbeitswelt zu finden. Das Stichwort \u00bbBurnout\u00ab ist ein zeitdiagnostischer Marker einer gesellschaftlichen Problematik. Oft aber bleibt unklar, [&hellip;]<\/p>\n","protected":false},"author":1,"featured_media":0,"comment_status":"closed","ping_status":"closed","sticky":false,"template":"","format":"standard","meta":{"_links_to":"","_links_to_target":""},"categories":[1],"tags":[],"_links":{"self":[{"href":"https:\/\/autorenbuchhandlung-marx.de\/www\/wp-json\/wp\/v2\/posts\/749"}],"collection":[{"href":"https:\/\/autorenbuchhandlung-marx.de\/www\/wp-json\/wp\/v2\/posts"}],"about":[{"href":"https:\/\/autorenbuchhandlung-marx.de\/www\/wp-json\/wp\/v2\/types\/post"}],"author":[{"embeddable":true,"href":"https:\/\/autorenbuchhandlung-marx.de\/www\/wp-json\/wp\/v2\/users\/1"}],"replies":[{"embeddable":true,"href":"https:\/\/autorenbuchhandlung-marx.de\/www\/wp-json\/wp\/v2\/comments?post=749"}],"version-history":[{"count":3,"href":"https:\/\/autorenbuchhandlung-marx.de\/www\/wp-json\/wp\/v2\/posts\/749\/revisions"}],"predecessor-version":[{"id":753,"href":"https:\/\/autorenbuchhandlung-marx.de\/www\/wp-json\/wp\/v2\/posts\/749\/revisions\/753"}],"wp:attachment":[{"href":"https:\/\/autorenbuchhandlung-marx.de\/www\/wp-json\/wp\/v2\/media?parent=749"}],"wp:term":[{"taxonomy":"category","embeddable":true,"href":"https:\/\/autorenbuchhandlung-marx.de\/www\/wp-json\/wp\/v2\/categories?post=749"},{"taxonomy":"post_tag","embeddable":true,"href":"https:\/\/autorenbuchhandlung-marx.de\/www\/wp-json\/wp\/v2\/tags?post=749"}],"curies":[{"name":"wp","href":"https:\/\/api.w.org\/{rel}","templated":true}]}}