{"id":695,"date":"2017-06-14T16:05:17","date_gmt":"2017-06-14T14:05:17","guid":{"rendered":"http:\/\/autorenbuchhandlung-marx.de\/www\/?p=695"},"modified":"2017-06-14T17:59:22","modified_gmt":"2017-06-14T15:59:22","slug":"die-demokratie-und-ihre-leidenschaften-zur-aktualitaet-von-alexis-de-tocqueville","status":"publish","type":"post","link":"https:\/\/autorenbuchhandlung-marx.de\/www\/die-demokratie-und-ihre-leidenschaften-zur-aktualitaet-von-alexis-de-tocqueville\/","title":{"rendered":"Die Demokratie und ihre Leidenschaften &#8211; Zur Aktualit\u00e4t von Alexis de Tocqueville"},"content":{"rendered":"<h3><noscript><img class=\"alignright size-full wp-image-696\" src=\"http:\/\/autorenbuchhandlung-marx.de\/www\/wp-content\/uploads\/2017\/06\/9783593507323.jpg\" alt width=\"300\" height=\"436\" srcset=\"https:\/\/autorenbuchhandlung-marx.de\/www\/wp-content\/uploads\/2017\/06\/9783593507323.jpg 300w, https:\/\/autorenbuchhandlung-marx.de\/www\/wp-content\/uploads\/2017\/06\/9783593507323-206x300.jpg 206w\" sizes=\"(max-width: 300px) 100vw, 300px\"><\/noscript><img class=\"alignright size-full wp-image-696 lazyload\" src=\"data:image\/svg+xml,%3Csvg%20xmlns%3D%22http%3A%2F%2Fwww.w3.org%2F2000%2Fsvg%22%20viewBox%3D%220%200%20300%20436%22%3E%3C%2Fsvg%3E\" alt width=\"300\" height=\"436\" srcset=\"data:image\/svg+xml,%3Csvg%20xmlns%3D%22http%3A%2F%2Fwww.w3.org%2F2000%2Fsvg%22%20viewBox%3D%220%200%20300%20436%22%3E%3C%2Fsvg%3E 300w\" sizes=\"(max-width: 300px) 100vw, 300px\" data-srcset=\"https:\/\/autorenbuchhandlung-marx.de\/www\/wp-content\/uploads\/2017\/06\/9783593507323.jpg 300w, https:\/\/autorenbuchhandlung-marx.de\/www\/wp-content\/uploads\/2017\/06\/9783593507323-206x300.jpg 206w\" data-src=\"http:\/\/autorenbuchhandlung-marx.de\/www\/wp-content\/uploads\/2017\/06\/9783593507323.jpg\">Judith Mohrmann und Johannes V\u00f6lz im Gespr\u00e4ch mit Felix Trautmann<\/h3>\n<h3>Montag, 26. Juni 2017, 20 Uhr<\/h3>\n<h3>Prismen \u2013 Institut f\u00fcr Sozialforschung bei Marx &amp; Co<\/h3>\n<p>Betrachtet man aktuelle politische Krisendiagnosen, so f\u00e4llt auf, dass diese selten ohne den Verweis auf die entsprechende Gef\u00fchlslage der politischen Subjekte auskommen. Mal sind diese entt\u00e4uscht, verdrossen oder apathisch, mal w\u00fctend, rasend oder sogar von Hass erf\u00fcllt. Diese Rolle von Leidenschaften und Affekten in der Politik wird allerdings meist mit Sorge betrachtet: sie scheinen unkontrollierbar und irrational. Dass Politik jedoch nicht ohne Affekte und insbesondere nicht ohne eine Leidenschaft f\u00fcr die Politik auskommt, behauptet bereits Anfang des 19. Jahrhunderts Alexis de Tocqueville. Ihm zufolge l\u00e4sst sich die Demokratie als eine soziale Lebensform verstehen, in der bestimmte emotionale und affektive Verhaltensweisen gleicherma\u00dfen positive wie negative Auswirkungen auf die demokratische Freiheit und Gleichheit haben k\u00f6nnen. Anhand verschiedener Affekte veranschaulicht er die inneren Widerspr\u00fcche der demokratischen Ideale.<br>\nMit Blick auf die aktuellen politischen Verh\u00e4ltnisse, die von sozialer Ungleichheit, einem schwindenden Vertrauen in politische Parteien und Institutionen sowie der populistischen Mobilisierung gepr\u00e4gt sind, stellen sich diese Fragen erneut: wie l\u00e4sst sich die Rolle von Affekten in der Demokratie verstehen? Welche von ihnen werden in der Politik zur Gefahr f\u00fcr andere und wann sind Affekte gerade das Antidot einer drohenden Entpolitisierung?<\/p>\n<p>\u00dcber diese und weitere Fragen diskutieren die Philosophin Judith Mohrmann vom Institut f\u00fcr Sozialforschung und Johannes V\u00f6lz, Heisenberg-Professor f\u00fcr Amerikanistik an der Goethe-Universit\u00e4t Frankfurt, mit Felix Trautmann (Institut f\u00fcr Sozialforschung). Hintergrund der Diskussion bildet der Themenschwerpunkt \u201eAlexis de Tocqueville und die Paradoxien der Gleichheit\u201c in <em>WestEnd. Neue Zeitschrift f\u00fcr Sozialforschung<\/em> 1\/2017.<\/p>\n<p><strong>Judith Mohrmann<\/strong> ist wissenschaftliche Mitarbeiterin am Institut f\u00fcr Sozialforschung im Rahmen des Forschungsprojekts \u201eVerhandlungsformen normativer Paradoxien\u201c. Sie promovierte 2013 an der Goethe-Universit\u00e4t Frankfurt mit einer Arbeit \u00fcber die Rolle der Affekte in der Franz\u00f6sischen Revolution sowie im Denken von Hannah Arendt und Immanuel Kant. In ihrer aktuellen Forschungsarbeit befasst sie sich mit der Rolle des guten Lebens im Kapitalismus.<\/p>\n<p><strong>Felix Trautmann<\/strong> ist wissenschaftlicher Mitarbeiter am Institut f\u00fcr Sozialforschung. Seine 2015 abgeschlossene Promotion behandelt die von Machiavelli und La Bo\u00e9tie formulierte Diagnose einer \u201afreiwilligen Knechtschaft\u2018 und erweitert diese f\u00fcr demokratische Gesellschaften. Aktuell arbeitet er in einem Forschungsprojekt mit dem Titel \u201eParadoxien der Gleichheit. Die Demokratie und ihre Kulturindustrie\u201c.<\/p>\n<p><strong>Johannes V\u00f6lz<\/strong> ist Heisenberg-Professor f\u00fcr Amerikanistik mit dem Schwerpunkt \u201eDemokratie und \u00c4sthetik\u201c an der Goethe-Universit\u00e4t Frankfurt. In seinen j\u00fcngsten Buchpublikationen befasst er sich mit den Themen Angst, Sicherheit und Ungewissheit in der amerikanischen Literatur vom 19. Jahrhundert bis zur Gegenwart. In einem weiteren Forschungsprojekt untersucht er den Wandel von Privatheitsheitsvorstellungen in der amerikanischen Gegenwartsliteratur.<\/p>\n<div class=\"shariff shariff-align-flex-start shariff-widget-align-flex-start\" data-services=\"facebook%7Ctwitter\" data-url=\"https%3A%2F%2Fautorenbuchhandlung-marx.de%2Fwww%2Fdie-demokratie-und-ihre-leidenschaften-zur-aktualitaet-von-alexis-de-tocqueville%2F\" data-timestamp=\"1497463162\" data-backendurl=\"https:\/\/autorenbuchhandlung-marx.de\/www\/wp-json\/shariff\/v1\/share_counts?\"><ul class=\"shariff-buttons theme-round orientation-horizontal buttonsize-medium\"><li class=\"shariff-button facebook shariff-nocustomcolor\" style=\"background-color:#4273c8\"><a href=\"https:\/\/www.facebook.com\/sharer\/sharer.php?u=https%3A%2F%2Fautorenbuchhandlung-marx.de%2Fwww%2Fdie-demokratie-und-ihre-leidenschaften-zur-aktualitaet-von-alexis-de-tocqueville%2F\" title=\"Bei Facebook teilen\" aria-label=\"Bei Facebook teilen\" role=\"button\" rel=\"nofollow\" class=\"shariff-link\" style=\"; background-color:#3b5998; color:#fff\" target=\"_blank\"><span class=\"shariff-icon\" style><svg width=\"32px\" height=\"20px\" viewBox=\"0 0 18 32\"><path fill=\"#3b5998\" d=\"M17.1 0.2v4.7h-2.8q-1.5 0-2.1 0.6t-0.5 1.9v3.4h5.2l-0.7 5.3h-4.5v13.6h-5.5v-13.6h-4.5v-5.3h4.5v-3.9q0-3.3 1.9-5.2t5-1.8q2.6 0 4.1 0.2z\" \/><\/svg><\/span><\/a><\/li><li class=\"shariff-button twitter shariff-nocustomcolor\" style=\"background-color:#32bbf5\"><a href=\"https:\/\/twitter.com\/share?url=https%3A%2F%2Fautorenbuchhandlung-marx.de%2Fwww%2Fdie-demokratie-und-ihre-leidenschaften-zur-aktualitaet-von-alexis-de-tocqueville%2F&amp;text=Die%20Demokratie%20und%20ihre%20Leidenschaften%20%E2%80%93%20Zur%20Aktualit%C3%A4t%20von%20Alexis%20de%20Tocqueville\" title=\"Bei Twitter teilen\" aria-label=\"Bei Twitter teilen\" role=\"button\" rel=\"noopener nofollow\" class=\"shariff-link\" style=\"; background-color:#55acee; color:#fff\" target=\"_blank\"><span class=\"shariff-icon\" style><svg width=\"32px\" height=\"20px\" viewBox=\"0 0 30 32\"><path fill=\"#55acee\" d=\"M29.7 6.8q-1.2 1.8-3 3.1 0 0.3 0 0.8 0 2.5-0.7 4.9t-2.2 4.7-3.5 4-4.9 2.8-6.1 1q-5.1 0-9.3-2.7 0.6 0.1 1.5 0.1 4.3 0 7.6-2.6-2-0.1-3.5-1.2t-2.2-3q0.6 0.1 1.1 0.1 0.8 0 1.6-0.2-2.1-0.4-3.5-2.1t-1.4-3.9v-0.1q1.3 0.7 2.8 0.8-1.2-0.8-2-2.2t-0.7-2.9q0-1.7 0.8-3.1 2.3 2.8 5.5 4.5t7 1.9q-0.2-0.7-0.2-1.4 0-2.5 1.8-4.3t4.3-1.8q2.7 0 4.5 1.9 2.1-0.4 3.9-1.5-0.7 2.2-2.7 3.4 1.8-0.2 3.5-0.9z\" \/><\/svg><\/span><\/a><\/li><\/ul><\/div>","protected":false},"excerpt":{"rendered":"<p>Judith Mohrmann und Johannes V\u00f6lz im Gespr\u00e4ch mit Felix Trautmann Montag, 26. Juni 2017, 20 Uhr Prismen \u2013 Institut f\u00fcr Sozialforschung bei Marx &amp; Co Betrachtet man aktuelle politische Krisendiagnosen, so f\u00e4llt auf, dass diese selten ohne den Verweis auf die entsprechende Gef\u00fchlslage der politischen Subjekte auskommen. Mal sind diese entt\u00e4uscht, verdrossen oder apathisch, mal [&hellip;]<\/p>\n","protected":false},"author":1,"featured_media":0,"comment_status":"closed","ping_status":"closed","sticky":false,"template":"","format":"standard","meta":{"_links_to":"","_links_to_target":""},"categories":[1],"tags":[],"_links":{"self":[{"href":"https:\/\/autorenbuchhandlung-marx.de\/www\/wp-json\/wp\/v2\/posts\/695"}],"collection":[{"href":"https:\/\/autorenbuchhandlung-marx.de\/www\/wp-json\/wp\/v2\/posts"}],"about":[{"href":"https:\/\/autorenbuchhandlung-marx.de\/www\/wp-json\/wp\/v2\/types\/post"}],"author":[{"embeddable":true,"href":"https:\/\/autorenbuchhandlung-marx.de\/www\/wp-json\/wp\/v2\/users\/1"}],"replies":[{"embeddable":true,"href":"https:\/\/autorenbuchhandlung-marx.de\/www\/wp-json\/wp\/v2\/comments?post=695"}],"version-history":[{"count":2,"href":"https:\/\/autorenbuchhandlung-marx.de\/www\/wp-json\/wp\/v2\/posts\/695\/revisions"}],"predecessor-version":[{"id":699,"href":"https:\/\/autorenbuchhandlung-marx.de\/www\/wp-json\/wp\/v2\/posts\/695\/revisions\/699"}],"wp:attachment":[{"href":"https:\/\/autorenbuchhandlung-marx.de\/www\/wp-json\/wp\/v2\/media?parent=695"}],"wp:term":[{"taxonomy":"category","embeddable":true,"href":"https:\/\/autorenbuchhandlung-marx.de\/www\/wp-json\/wp\/v2\/categories?post=695"},{"taxonomy":"post_tag","embeddable":true,"href":"https:\/\/autorenbuchhandlung-marx.de\/www\/wp-json\/wp\/v2\/tags?post=695"}],"curies":[{"name":"wp","href":"https:\/\/api.w.org\/{rel}","templated":true}]}}