{"id":684,"date":"2017-04-05T12:00:34","date_gmt":"2017-04-05T10:00:34","guid":{"rendered":"http:\/\/autorenbuchhandlung-marx.de\/www\/?p=684"},"modified":"2017-04-05T12:00:34","modified_gmt":"2017-04-05T10:00:34","slug":"die-gegenwart-der-homophobie","status":"publish","type":"post","link":"https:\/\/autorenbuchhandlung-marx.de\/www\/die-gegenwart-der-homophobie\/","title":{"rendered":"Die Gegenwart der Homophobie"},"content":{"rendered":"<h3><noscript><img class=\"size-full wp-image-686 alignright\" src=\"http:\/\/autorenbuchhandlung-marx.de\/www\/wp-content\/uploads\/2017\/04\/9783593506555.jpg\" alt width=\"300\" height=\"424\" srcset=\"https:\/\/autorenbuchhandlung-marx.de\/www\/wp-content\/uploads\/2017\/04\/9783593506555.jpg 300w, https:\/\/autorenbuchhandlung-marx.de\/www\/wp-content\/uploads\/2017\/04\/9783593506555-212x300.jpg 212w\" sizes=\"(max-width: 300px) 100vw, 300px\"><\/noscript><img class=\"size-full wp-image-686 alignright lazyload\" src=\"data:image\/svg+xml,%3Csvg%20xmlns%3D%22http%3A%2F%2Fwww.w3.org%2F2000%2Fsvg%22%20viewBox%3D%220%200%20300%20424%22%3E%3C%2Fsvg%3E\" alt width=\"300\" height=\"424\" srcset=\"data:image\/svg+xml,%3Csvg%20xmlns%3D%22http%3A%2F%2Fwww.w3.org%2F2000%2Fsvg%22%20viewBox%3D%220%200%20300%20424%22%3E%3C%2Fsvg%3E 300w\" sizes=\"(max-width: 300px) 100vw, 300px\" data-srcset=\"https:\/\/autorenbuchhandlung-marx.de\/www\/wp-content\/uploads\/2017\/04\/9783593506555.jpg 300w, https:\/\/autorenbuchhandlung-marx.de\/www\/wp-content\/uploads\/2017\/04\/9783593506555-212x300.jpg 212w\" data-src=\"http:\/\/autorenbuchhandlung-marx.de\/www\/wp-content\/uploads\/2017\/04\/9783593506555.jpg\">Volker M. Heins im Gespr\u00e4ch mit Sophinette Becker und Bernd Simon<\/h3>\n<h3>Montag, 24. April 2017, 20 Uhr<\/h3>\n<h3>Prismen \u2013 Institut f\u00fcr Sozialforschung bei Marx &amp; Co<\/h3>\n<p>Vieles spricht daf\u00fcr, den Kampf um die rechtliche Gleichstellung und gesellschaftliche Akzeptanz von nicht-heterosexuellen Menschen als eine gro\u00dfe Erfolgsgeschichte zu erz\u00e4hlen. Lesben, Schwule, Bisexuelle und Transgender sind in einer Weise rechtlich, medial und sozial aufgewertet worden, wie man es noch in den 1960er Jahren nicht f\u00fcr m\u00f6glich gehalten h\u00e4tte. Dennoch stellt sich bei n\u00e4herem Hinsehen eine Vielzahl von Fragen: Was sind die Gr\u00fcnde f\u00fcr die wachsende Akzeptanz von Schwulen und Lesben? Wie stabil oder br\u00fcchig ist dieser Trend? L\u00e4sst er sich globalisieren? Wie verh\u00e4lt sich eine progressive Gesetzgebung zum Abbau von gruppenbezogenen Vorurteilen? Vor allem: Was bedeutet eigentlich \u00bbAnerkennung\u00ab in diesem Zusammenhang?<\/p>\n<p>\u00dcber diese und weitere Fragen diskutieren der Kieler Psychologe Bernd Simon und die Frankfurter Psychoanalytikerin Sophinette Becker. Moderieren wird Volker M. Heins vom Kulturwissenschaftlichen Institut Essen (KWI). Den Hintergrund bildet der Themenschwerpunkt \u00bbDie Gegenwart der Homophobie\u00ab in WestEnd. Neue Zeitschrift f\u00fcr Sozialforschung 2\/2016.<\/p>\n<p><strong>Sophinette Becker<\/strong> ist Psychoanalytikerin. Sie leitete bis 2011 die Sexualmedizinische Am\u00adbulanz der Uniklinik Frankfurt. Die Psychotherapeutin und Sexualwissenschaftlerin ist seit vielen Jahren auf Transsexualit\u00e4t und andere Besonderheiten der Geschlechteridentit\u00e4t, aber auch auf den kulturellen Wandel der Sexualit\u00e4t spezialisiert. Sie war lange Zeit Mitherausge\u00adberin der renommierten <em>Zeitschrift f\u00fcr Sexualforschung<\/em>.<\/p>\n<p><strong>Volker M. Heins<\/strong> ist Permanent Fellow und Leiter des Forschungsbereichs Interkultur am Kulturwissenschaftlichen Institut Essen (KWI). Er ist Mitglied der sozialwissenschaftlichen Fakult\u00e4t der Ruhr-Universit\u00e4t Bochum sowie Leiter des Forschungsbereichs \u00bbGlobale Kul\u00adturkonflikte und transkulturelle Kooperation\u00ab am Centre for Global Cooperation Research \/ K\u00e4te Hamburger Kolleg in Duisburg.<\/p>\n<p><strong>Bernd Simon<\/strong> ist Professor f\u00fcr Sozialpsychologie und Politische Psychologie am Institut f\u00fcr Psychologie der Christian-Albrechts-Universit\u00e4t Kiel. Seine Arbeitsschwerpunkte sind die Identit\u00e4ts-und Gruppenforschung unter besonderer Ber\u00fccksichtigung von Beziehungen zwi\u00adschen Minorit\u00e4ten und Majorit\u00e4ten, Politisierungsprozessen, Macht, Respekt und Toleranz.<\/p>\n<div class=\"shariff shariff-align-flex-start shariff-widget-align-flex-start\" data-services=\"facebook%7Ctwitter\" data-url=\"https%3A%2F%2Fautorenbuchhandlung-marx.de%2Fwww%2Fdie-gegenwart-der-homophobie%2F\" data-timestamp=\"1491393634\" data-backendurl=\"https:\/\/autorenbuchhandlung-marx.de\/www\/wp-json\/shariff\/v1\/share_counts?\"><ul class=\"shariff-buttons theme-round orientation-horizontal buttonsize-medium\"><li class=\"shariff-button facebook shariff-nocustomcolor\" style=\"background-color:#4273c8\"><a href=\"https:\/\/www.facebook.com\/sharer\/sharer.php?u=https%3A%2F%2Fautorenbuchhandlung-marx.de%2Fwww%2Fdie-gegenwart-der-homophobie%2F\" title=\"Bei Facebook teilen\" aria-label=\"Bei Facebook teilen\" role=\"button\" rel=\"nofollow\" class=\"shariff-link\" style=\"; background-color:#3b5998; color:#fff\" target=\"_blank\"><span class=\"shariff-icon\" style><svg width=\"32px\" height=\"20px\" viewBox=\"0 0 18 32\"><path fill=\"#3b5998\" d=\"M17.1 0.2v4.7h-2.8q-1.5 0-2.1 0.6t-0.5 1.9v3.4h5.2l-0.7 5.3h-4.5v13.6h-5.5v-13.6h-4.5v-5.3h4.5v-3.9q0-3.3 1.9-5.2t5-1.8q2.6 0 4.1 0.2z\" \/><\/svg><\/span><\/a><\/li><li class=\"shariff-button twitter shariff-nocustomcolor\" style=\"background-color:#32bbf5\"><a href=\"https:\/\/twitter.com\/share?url=https%3A%2F%2Fautorenbuchhandlung-marx.de%2Fwww%2Fdie-gegenwart-der-homophobie%2F&amp;text=Die%20Gegenwart%20der%20Homophobie\" title=\"Bei Twitter teilen\" aria-label=\"Bei Twitter teilen\" role=\"button\" rel=\"noopener nofollow\" class=\"shariff-link\" style=\"; background-color:#55acee; color:#fff\" target=\"_blank\"><span class=\"shariff-icon\" style><svg width=\"32px\" height=\"20px\" viewBox=\"0 0 30 32\"><path fill=\"#55acee\" d=\"M29.7 6.8q-1.2 1.8-3 3.1 0 0.3 0 0.8 0 2.5-0.7 4.9t-2.2 4.7-3.5 4-4.9 2.8-6.1 1q-5.1 0-9.3-2.7 0.6 0.1 1.5 0.1 4.3 0 7.6-2.6-2-0.1-3.5-1.2t-2.2-3q0.6 0.1 1.1 0.1 0.8 0 1.6-0.2-2.1-0.4-3.5-2.1t-1.4-3.9v-0.1q1.3 0.7 2.8 0.8-1.2-0.8-2-2.2t-0.7-2.9q0-1.7 0.8-3.1 2.3 2.8 5.5 4.5t7 1.9q-0.2-0.7-0.2-1.4 0-2.5 1.8-4.3t4.3-1.8q2.7 0 4.5 1.9 2.1-0.4 3.9-1.5-0.7 2.2-2.7 3.4 1.8-0.2 3.5-0.9z\" \/><\/svg><\/span><\/a><\/li><\/ul><\/div>","protected":false},"excerpt":{"rendered":"<p>Volker M. Heins im Gespr\u00e4ch mit Sophinette Becker und Bernd Simon Montag, 24. April 2017, 20 Uhr Prismen \u2013 Institut f\u00fcr Sozialforschung bei Marx &amp; Co Vieles spricht daf\u00fcr, den Kampf um die rechtliche Gleichstellung und gesellschaftliche Akzeptanz von nicht-heterosexuellen Menschen als eine gro\u00dfe Erfolgsgeschichte zu erz\u00e4hlen. Lesben, Schwule, Bisexuelle und Transgender sind in einer [&hellip;]<\/p>\n","protected":false},"author":1,"featured_media":0,"comment_status":"closed","ping_status":"closed","sticky":false,"template":"","format":"standard","meta":{"_links_to":"","_links_to_target":""},"categories":[1],"tags":[],"_links":{"self":[{"href":"https:\/\/autorenbuchhandlung-marx.de\/www\/wp-json\/wp\/v2\/posts\/684"}],"collection":[{"href":"https:\/\/autorenbuchhandlung-marx.de\/www\/wp-json\/wp\/v2\/posts"}],"about":[{"href":"https:\/\/autorenbuchhandlung-marx.de\/www\/wp-json\/wp\/v2\/types\/post"}],"author":[{"embeddable":true,"href":"https:\/\/autorenbuchhandlung-marx.de\/www\/wp-json\/wp\/v2\/users\/1"}],"replies":[{"embeddable":true,"href":"https:\/\/autorenbuchhandlung-marx.de\/www\/wp-json\/wp\/v2\/comments?post=684"}],"version-history":[{"count":3,"href":"https:\/\/autorenbuchhandlung-marx.de\/www\/wp-json\/wp\/v2\/posts\/684\/revisions"}],"predecessor-version":[{"id":688,"href":"https:\/\/autorenbuchhandlung-marx.de\/www\/wp-json\/wp\/v2\/posts\/684\/revisions\/688"}],"wp:attachment":[{"href":"https:\/\/autorenbuchhandlung-marx.de\/www\/wp-json\/wp\/v2\/media?parent=684"}],"wp:term":[{"taxonomy":"category","embeddable":true,"href":"https:\/\/autorenbuchhandlung-marx.de\/www\/wp-json\/wp\/v2\/categories?post=684"},{"taxonomy":"post_tag","embeddable":true,"href":"https:\/\/autorenbuchhandlung-marx.de\/www\/wp-json\/wp\/v2\/tags?post=684"}],"curies":[{"name":"wp","href":"https:\/\/api.w.org\/{rel}","templated":true}]}}