{"id":677,"date":"2017-03-09T15:41:24","date_gmt":"2017-03-09T13:41:24","guid":{"rendered":"http:\/\/autorenbuchhandlung-marx.de\/www\/?p=677"},"modified":"2017-03-10T11:36:51","modified_gmt":"2017-03-10T09:36:51","slug":"joerg-spaeter-siegfried-kracauer-eine-biographie","status":"publish","type":"post","link":"https:\/\/autorenbuchhandlung-marx.de\/www\/joerg-spaeter-siegfried-kracauer-eine-biographie\/","title":{"rendered":"J\u00f6rg Sp\u00e4ter. Siegfried Kracauer. Eine Biographie"},"content":{"rendered":"<figure id=\"attachment_678\" aria-describedby=\"caption-attachment-678\" style=\"width: 189px\" class=\"wp-caption alignleft\"><a href=\"http:\/\/www.suhrkamp.de\/buecher\/siegfried_kracauer-joerg_spaeter_42572.html\"><noscript><img class=\"size-medium wp-image-678\" src=\"http:\/\/autorenbuchhandlung-marx.de\/www\/wp-content\/uploads\/2017\/03\/kracauer-189x300.jpg\" alt width=\"189\" height=\"300\" srcset=\"https:\/\/autorenbuchhandlung-marx.de\/www\/wp-content\/uploads\/2017\/03\/kracauer-189x300.jpg 189w, https:\/\/autorenbuchhandlung-marx.de\/www\/wp-content\/uploads\/2017\/03\/kracauer.jpg 403w\" sizes=\"(max-width: 189px) 100vw, 189px\"><\/noscript><img class=\"size-medium wp-image-678 lazyload\" src=\"data:image\/svg+xml,%3Csvg%20xmlns%3D%22http%3A%2F%2Fwww.w3.org%2F2000%2Fsvg%22%20viewBox%3D%220%200%20189%20300%22%3E%3C%2Fsvg%3E\" alt width=\"189\" height=\"300\" srcset=\"data:image\/svg+xml,%3Csvg%20xmlns%3D%22http%3A%2F%2Fwww.w3.org%2F2000%2Fsvg%22%20viewBox%3D%220%200%20189%20300%22%3E%3C%2Fsvg%3E 189w\" sizes=\"(max-width: 189px) 100vw, 189px\" data-srcset=\"https:\/\/autorenbuchhandlung-marx.de\/www\/wp-content\/uploads\/2017\/03\/kracauer-189x300.jpg 189w, https:\/\/autorenbuchhandlung-marx.de\/www\/wp-content\/uploads\/2017\/03\/kracauer.jpg 403w\" data-src=\"http:\/\/autorenbuchhandlung-marx.de\/www\/wp-content\/uploads\/2017\/03\/kracauer-189x300.jpg\"><\/a><figcaption id=\"caption-attachment-678\" class=\"wp-caption-text\">Suhrkamp, 39.95 \u20ac<\/figcaption><\/figure>\n<h3>Detlev Claussen spricht mit J\u00f6rg Sp\u00e4ter \u00fcber seine Kracauer Biographie<\/h3>\n<h3>Mittwoch, 29.03.2017, 20 Uhr<\/h3>\n<p>Siegfried Kracauer (* 1889 Frankfurt am Main \u2013 \u2020 1966 New York) war Journalist und Soziologe, Filmwissenschaftler und Romancier. Er war Teil des philosophischen Quartetts mit Adorno, Benjamin und Bloch. Als Jude und politisch Linker musste er 1933 aus Deutschland fliehen.<\/p>\n<p>Kracauers soziologische und filmtheoretische Studien zu den <em>Angestellten<\/em>, zum <em>Ornament der Masse<\/em> und <em>Von Caligari zu Hitler<\/em> gelten heute noch als Meilensteine \u2013 erstaunlich genug, dass es \u00fcber ihn, den \u201ewunderlichen Realisten\u201c (Adorno), bis heute keine gro\u00dfe Biographie gegeben hat. Eine L\u00fccke, die der Historiker J\u00f6rg Sp\u00e4ter schlie\u00dft und erfreulicherweise Kracauers Tugenden fortsetzt: leichte Lesbarkeit mit tiefsinnigen Einsichten zu verkn\u00fcpfen. Dabei entfaltet Sp\u00e4ter nicht nur das ganze Panorama von Kracauers Leben, sondern auch das einer ganzen Generation und Epoche.<\/p>\n<p><strong>J\u00f6rg Spa\u0308ter<\/strong>, geboren 1966, studierte Politikwissenschaft, Islamwissenschaft und Neuere und Neueste Geschichte. Der promovierte Historiker ist Mitarbeiter am Lehrstuhl fu\u0308r Neuere und Neueste Geschichte an der Universit\u00e4t Freiburg.<\/p>\n<p><strong>Detlev Claussen<\/strong>, geboren 1948, studierte Philosophie, Soziologie, Literatur und Politik in Frankfurt am Main, u.a. bei Adorno, und lehrte als Professor f\u00fcr Gesellschaftstheorie, Kultur- und Wissenschaftssoziologie an der Gottfried Wilhelm Leibniz Universit\u00e4t Hannover.<\/p>\n<div class=\"shariff shariff-align-flex-start shariff-widget-align-flex-start\" data-services=\"facebook%7Ctwitter\" data-url=\"https%3A%2F%2Fautorenbuchhandlung-marx.de%2Fwww%2Fjoerg-spaeter-siegfried-kracauer-eine-biographie%2F\" data-timestamp=\"1489145811\" data-backendurl=\"https:\/\/autorenbuchhandlung-marx.de\/www\/wp-json\/shariff\/v1\/share_counts?\"><ul class=\"shariff-buttons theme-round orientation-horizontal buttonsize-medium\"><li class=\"shariff-button facebook shariff-nocustomcolor\" style=\"background-color:#4273c8\"><a href=\"https:\/\/www.facebook.com\/sharer\/sharer.php?u=https%3A%2F%2Fautorenbuchhandlung-marx.de%2Fwww%2Fjoerg-spaeter-siegfried-kracauer-eine-biographie%2F\" title=\"Bei Facebook teilen\" aria-label=\"Bei Facebook teilen\" role=\"button\" rel=\"nofollow\" class=\"shariff-link\" style=\"; background-color:#3b5998; color:#fff\" target=\"_blank\"><span class=\"shariff-icon\" style><svg width=\"32px\" height=\"20px\" viewBox=\"0 0 18 32\"><path fill=\"#3b5998\" d=\"M17.1 0.2v4.7h-2.8q-1.5 0-2.1 0.6t-0.5 1.9v3.4h5.2l-0.7 5.3h-4.5v13.6h-5.5v-13.6h-4.5v-5.3h4.5v-3.9q0-3.3 1.9-5.2t5-1.8q2.6 0 4.1 0.2z\" \/><\/svg><\/span><\/a><\/li><li class=\"shariff-button twitter shariff-nocustomcolor\" style=\"background-color:#32bbf5\"><a href=\"https:\/\/twitter.com\/share?url=https%3A%2F%2Fautorenbuchhandlung-marx.de%2Fwww%2Fjoerg-spaeter-siegfried-kracauer-eine-biographie%2F&amp;text=J%C3%B6rg%20Sp%C3%A4ter.%20Siegfried%20Kracauer.%20Eine%20Biographie\" title=\"Bei Twitter teilen\" aria-label=\"Bei Twitter teilen\" role=\"button\" rel=\"noopener nofollow\" class=\"shariff-link\" style=\"; background-color:#55acee; color:#fff\" target=\"_blank\"><span class=\"shariff-icon\" style><svg width=\"32px\" height=\"20px\" viewBox=\"0 0 30 32\"><path fill=\"#55acee\" d=\"M29.7 6.8q-1.2 1.8-3 3.1 0 0.3 0 0.8 0 2.5-0.7 4.9t-2.2 4.7-3.5 4-4.9 2.8-6.1 1q-5.1 0-9.3-2.7 0.6 0.1 1.5 0.1 4.3 0 7.6-2.6-2-0.1-3.5-1.2t-2.2-3q0.6 0.1 1.1 0.1 0.8 0 1.6-0.2-2.1-0.4-3.5-2.1t-1.4-3.9v-0.1q1.3 0.7 2.8 0.8-1.2-0.8-2-2.2t-0.7-2.9q0-1.7 0.8-3.1 2.3 2.8 5.5 4.5t7 1.9q-0.2-0.7-0.2-1.4 0-2.5 1.8-4.3t4.3-1.8q2.7 0 4.5 1.9 2.1-0.4 3.9-1.5-0.7 2.2-2.7 3.4 1.8-0.2 3.5-0.9z\" \/><\/svg><\/span><\/a><\/li><\/ul><\/div>","protected":false},"excerpt":{"rendered":"<p>Detlev Claussen spricht mit J\u00f6rg Sp\u00e4ter \u00fcber seine Kracauer Biographie Mittwoch, 29.03.2017, 20 Uhr Siegfried Kracauer (* 1889 Frankfurt am Main \u2013 \u2020 1966 New York) war Journalist und Soziologe, Filmwissenschaftler und Romancier. Er war Teil des philosophischen Quartetts mit Adorno, Benjamin und Bloch. Als Jude und politisch Linker musste er 1933 aus Deutschland fliehen. [&hellip;]<\/p>\n","protected":false},"author":1,"featured_media":0,"comment_status":"closed","ping_status":"closed","sticky":false,"template":"","format":"standard","meta":{"_links_to":"","_links_to_target":""},"categories":[1],"tags":[],"_links":{"self":[{"href":"https:\/\/autorenbuchhandlung-marx.de\/www\/wp-json\/wp\/v2\/posts\/677"}],"collection":[{"href":"https:\/\/autorenbuchhandlung-marx.de\/www\/wp-json\/wp\/v2\/posts"}],"about":[{"href":"https:\/\/autorenbuchhandlung-marx.de\/www\/wp-json\/wp\/v2\/types\/post"}],"author":[{"embeddable":true,"href":"https:\/\/autorenbuchhandlung-marx.de\/www\/wp-json\/wp\/v2\/users\/1"}],"replies":[{"embeddable":true,"href":"https:\/\/autorenbuchhandlung-marx.de\/www\/wp-json\/wp\/v2\/comments?post=677"}],"version-history":[{"count":3,"href":"https:\/\/autorenbuchhandlung-marx.de\/www\/wp-json\/wp\/v2\/posts\/677\/revisions"}],"predecessor-version":[{"id":682,"href":"https:\/\/autorenbuchhandlung-marx.de\/www\/wp-json\/wp\/v2\/posts\/677\/revisions\/682"}],"wp:attachment":[{"href":"https:\/\/autorenbuchhandlung-marx.de\/www\/wp-json\/wp\/v2\/media?parent=677"}],"wp:term":[{"taxonomy":"category","embeddable":true,"href":"https:\/\/autorenbuchhandlung-marx.de\/www\/wp-json\/wp\/v2\/categories?post=677"},{"taxonomy":"post_tag","embeddable":true,"href":"https:\/\/autorenbuchhandlung-marx.de\/www\/wp-json\/wp\/v2\/tags?post=677"}],"curies":[{"name":"wp","href":"https:\/\/api.w.org\/{rel}","templated":true}]}}