{"id":574,"date":"2016-05-11T17:00:39","date_gmt":"2016-05-11T15:00:39","guid":{"rendered":"http:\/\/autorenbuchhandlung-marx.de\/www\/?p=574"},"modified":"2016-05-25T16:09:18","modified_gmt":"2016-05-25T14:09:18","slug":"michael-eberth-im-gespraech-mit-oliver-reese","status":"publish","type":"post","link":"https:\/\/autorenbuchhandlung-marx.de\/www\/michael-eberth-im-gespraech-mit-oliver-reese\/","title":{"rendered":"Michael Eberth und Oliver Reese        im Gespr\u00e4ch mit Karlheinz Braun"},"content":{"rendered":"<figure id=\"attachment_576\" aria-describedby=\"caption-attachment-576\" style=\"width: 189px\" class=\"wp-caption alignleft\"><a href=\"https:\/\/www.alexander-verlag.com\/programm\/in-vorbereitung\/titel\/362-EINHEIT.html?order_by=alpha&amp;start=\"><noscript><img class=\"wp-image-576 size-medium\" src=\"http:\/\/autorenbuchhandlung-marx.de\/www\/wp-content\/uploads\/2016\/05\/EberthCover-189x300.jpg\" alt=\"EberthCover\" width=\"189\" height=\"300\"><\/noscript><img class=\"wp-image-576 size-medium lazyload\" src=\"data:image\/svg+xml,%3Csvg%20xmlns%3D%22http%3A%2F%2Fwww.w3.org%2F2000%2Fsvg%22%20viewBox%3D%220%200%20189%20300%22%3E%3C%2Fsvg%3E\" alt=\"EberthCover\" width=\"189\" height=\"300\" data-src=\"http:\/\/autorenbuchhandlung-marx.de\/www\/wp-content\/uploads\/2016\/05\/EberthCover-189x300.jpg\"><\/a><figcaption id=\"caption-attachment-576\" class=\"wp-caption-text\">Alexander Verlag, 24,90 \u20ac<\/figcaption><\/figure>\n<h3>Donnerstag, 2. Juni 2016, 20 Uhr<\/h3>\n<h3>Buchvorstellung &#8211; Einheit. Berliner Theatertageb\u00fccher 91-96<\/h3>\n<p>Michael Eberth erz\u00e4hlt in seinen \u201eBerliner Theatertageb\u00fcchern\u201c den komplizierten Prozess der Wiedervereinigung am Beispiel des Deutschen Theaters Berlin, dem ehemaligen Staatstheater der DDR, in der Nachwendezeit.<br>\n1990 folgte Eberth dem Ruf Thomas Langhoffs als Chefdramaturg an das Deutsche Theater. Langhoff, mit dem Eberth eine langj\u00e4hrige Arbeitsbeziehung verband, entschied sich bewusst f\u00fcr einen \u201eWestdramaturgen&#8220;. Eberth war gespannt auf das Neue \u2013 und stie\u00df auf menschlich, organisatorisch und vor allem k\u00fcnstlerisch fremde Strukturen, die ihn an den Rand der Verzweiflung brachten.<\/p>\n<p>Eberths Tageb\u00fccher sind ein au\u00dfergew\u00f6hnliches Dokument \u00fcber die Schwierigkeiten der Wiedervereinigung auf dem Boden des Deutschen Theaters. Sie sind ein theatergeschichtliches Zeitzeugnis und geben teils haarstr\u00e4ubende Einblicke hinter die Kulissen des von Eitelkeiten und Wahn durchdrungenen Kunst- und Politikbetriebs der neuen Hauptstadt. Sie sind ein leidenschaftliches Pl\u00e4doyer f\u00fcr eine alte und vermeintlich unzeitgem\u00e4\u00dfe Kunst.<\/p>\n<p><strong>Michael Eberth<\/strong>, geb. 1943, war Dramaturg an Theatern in Berlin, Frankfurt, Hamburg, M\u00fcnchen, Wien und arbeitete mit Regisseuren wie Andrea Breth, J\u00fcrgen Gosch, Sebastian Hartmann, Alexander Lang, Thomas Langhoff, Claus Peymann und Stefan Pucher. Er hatte Gastprofessuren und Lehrauftr\u00e4ge im In- und Ausland. Eberth lebt als Autor und \u00dcbersetzer in Berlin.<\/p>\n<p><strong>Oliver Reese<\/strong>, geb. 1964, ist Intendant des Frankfurter Schauspiels. Er war Dramaturg in M\u00fcnchen, Ulm und von 1994 bis 2001 Chefdramaturg am Maxim Gorki Theater Berlin, danach Chefdramaturg am Deutschen Theater Berlin, wo er u.a. mit Hans Neuenfels, Robert Wilson, Michael Thalheimer und J\u00fcrgen Gosch arbeitete. In der Spielzeit 2008\/09 war er Intendant am Deutschen Theater.<\/p>\n<p><strong>Karlheinz Braun, <\/strong>geb. 1932.&nbsp; Von 1959 bis1969 Leiter des Theaterverlags Suhrkamp, zugleich Sekret\u00e4r der Deutschen Akademie der darstellenden K\u00fcnste und (zusammen mit Peter Iden) Leiter der Frankfurter <em>experimenta-Festivals 1-5<\/em>. Mitgr\u00fcnder und Gesch\u00e4ftsf\u00fchrer des Verlages der Autoren 1969 bis 2003, von 1976 bis 1979 Gesch\u00e4ftsf\u00fchrender Direktor vom Schauspiel Frankfurt.<\/p>\n<p>Buchbesprechung von Karl Heinz Braun: <a href=\"http:\/\/faustkultur.de\/index.php?article_id=2407\">http:\/\/faustkultur.de\/index.php?article_id=2407<\/a><\/p>\n<p>&nbsp;<\/p>\n<div class=\"shariff shariff-align-flex-start shariff-widget-align-flex-start\" data-services=\"facebook%7Ctwitter\" data-url=\"https%3A%2F%2Fautorenbuchhandlung-marx.de%2Fwww%2Fmichael-eberth-im-gespraech-mit-oliver-reese%2F\" data-timestamp=\"1464192558\" data-backendurl=\"https:\/\/autorenbuchhandlung-marx.de\/www\/wp-json\/shariff\/v1\/share_counts?\"><ul class=\"shariff-buttons theme-round orientation-horizontal buttonsize-medium\"><li class=\"shariff-button facebook shariff-nocustomcolor\" style=\"background-color:#4273c8\"><a href=\"https:\/\/www.facebook.com\/sharer\/sharer.php?u=https%3A%2F%2Fautorenbuchhandlung-marx.de%2Fwww%2Fmichael-eberth-im-gespraech-mit-oliver-reese%2F\" title=\"Bei Facebook teilen\" aria-label=\"Bei Facebook teilen\" role=\"button\" rel=\"nofollow\" class=\"shariff-link\" style=\"; background-color:#3b5998; color:#fff\" target=\"_blank\"><span class=\"shariff-icon\" style><svg width=\"32px\" height=\"20px\" viewBox=\"0 0 18 32\"><path fill=\"#3b5998\" d=\"M17.1 0.2v4.7h-2.8q-1.5 0-2.1 0.6t-0.5 1.9v3.4h5.2l-0.7 5.3h-4.5v13.6h-5.5v-13.6h-4.5v-5.3h4.5v-3.9q0-3.3 1.9-5.2t5-1.8q2.6 0 4.1 0.2z\" \/><\/svg><\/span><\/a><\/li><li class=\"shariff-button twitter shariff-nocustomcolor\" style=\"background-color:#32bbf5\"><a href=\"https:\/\/twitter.com\/share?url=https%3A%2F%2Fautorenbuchhandlung-marx.de%2Fwww%2Fmichael-eberth-im-gespraech-mit-oliver-reese%2F&amp;text=Michael%20Eberth%20und%20Oliver%20Reese%20%20%20%20%20%20%20%20im%20Gespr%C3%A4ch%20mit%20Karlheinz%20Braun\" title=\"Bei Twitter teilen\" aria-label=\"Bei Twitter teilen\" role=\"button\" rel=\"noopener nofollow\" class=\"shariff-link\" style=\"; background-color:#55acee; color:#fff\" target=\"_blank\"><span class=\"shariff-icon\" style><svg width=\"32px\" height=\"20px\" viewBox=\"0 0 30 32\"><path fill=\"#55acee\" d=\"M29.7 6.8q-1.2 1.8-3 3.1 0 0.3 0 0.8 0 2.5-0.7 4.9t-2.2 4.7-3.5 4-4.9 2.8-6.1 1q-5.1 0-9.3-2.7 0.6 0.1 1.5 0.1 4.3 0 7.6-2.6-2-0.1-3.5-1.2t-2.2-3q0.6 0.1 1.1 0.1 0.8 0 1.6-0.2-2.1-0.4-3.5-2.1t-1.4-3.9v-0.1q1.3 0.7 2.8 0.8-1.2-0.8-2-2.2t-0.7-2.9q0-1.7 0.8-3.1 2.3 2.8 5.5 4.5t7 1.9q-0.2-0.7-0.2-1.4 0-2.5 1.8-4.3t4.3-1.8q2.7 0 4.5 1.9 2.1-0.4 3.9-1.5-0.7 2.2-2.7 3.4 1.8-0.2 3.5-0.9z\" \/><\/svg><\/span><\/a><\/li><\/ul><\/div>","protected":false},"excerpt":{"rendered":"<p>Donnerstag, 2. Juni 2016, 20 Uhr Buchvorstellung &#8211; Einheit. Berliner Theatertageb\u00fccher 91-96 Michael Eberth erz\u00e4hlt in seinen \u201eBerliner Theatertageb\u00fcchern\u201c den komplizierten Prozess der Wiedervereinigung am Beispiel des Deutschen Theaters Berlin, dem ehemaligen Staatstheater der DDR, in der Nachwendezeit. 1990 folgte Eberth dem Ruf Thomas Langhoffs als Chefdramaturg an das Deutsche Theater. Langhoff, mit dem Eberth [&hellip;]<\/p>\n","protected":false},"author":1,"featured_media":0,"comment_status":"closed","ping_status":"closed","sticky":false,"template":"","format":"standard","meta":{"_links_to":"","_links_to_target":""},"categories":[1],"tags":[],"_links":{"self":[{"href":"https:\/\/autorenbuchhandlung-marx.de\/www\/wp-json\/wp\/v2\/posts\/574"}],"collection":[{"href":"https:\/\/autorenbuchhandlung-marx.de\/www\/wp-json\/wp\/v2\/posts"}],"about":[{"href":"https:\/\/autorenbuchhandlung-marx.de\/www\/wp-json\/wp\/v2\/types\/post"}],"author":[{"embeddable":true,"href":"https:\/\/autorenbuchhandlung-marx.de\/www\/wp-json\/wp\/v2\/users\/1"}],"replies":[{"embeddable":true,"href":"https:\/\/autorenbuchhandlung-marx.de\/www\/wp-json\/wp\/v2\/comments?post=574"}],"version-history":[{"count":14,"href":"https:\/\/autorenbuchhandlung-marx.de\/www\/wp-json\/wp\/v2\/posts\/574\/revisions"}],"predecessor-version":[{"id":591,"href":"https:\/\/autorenbuchhandlung-marx.de\/www\/wp-json\/wp\/v2\/posts\/574\/revisions\/591"}],"wp:attachment":[{"href":"https:\/\/autorenbuchhandlung-marx.de\/www\/wp-json\/wp\/v2\/media?parent=574"}],"wp:term":[{"taxonomy":"category","embeddable":true,"href":"https:\/\/autorenbuchhandlung-marx.de\/www\/wp-json\/wp\/v2\/categories?post=574"},{"taxonomy":"post_tag","embeddable":true,"href":"https:\/\/autorenbuchhandlung-marx.de\/www\/wp-json\/wp\/v2\/tags?post=574"}],"curies":[{"name":"wp","href":"https:\/\/api.w.org\/{rel}","templated":true}]}}