{"id":559,"date":"2016-04-21T13:34:01","date_gmt":"2016-04-21T11:34:01","guid":{"rendered":"http:\/\/autorenbuchhandlung-marx.de\/www\/?p=559"},"modified":"2016-04-21T13:34:36","modified_gmt":"2016-04-21T11:34:36","slug":"franz-mon-zum-90-im-gespraech-mit-sascha-michel","status":"publish","type":"post","link":"https:\/\/autorenbuchhandlung-marx.de\/www\/franz-mon-zum-90-im-gespraech-mit-sascha-michel\/","title":{"rendered":"Franz Mon zum 90. &#8211; Im Gespr\u00e4ch mit Sascha Michel"},"content":{"rendered":"<h3><noscript><img class=\"size-medium wp-image-560 alignright\" src=\"http:\/\/autorenbuchhandlung-marx.de\/www\/wp-content\/uploads\/2016\/04\/monmonmon-300x300.png\" alt=\"monmonmon\" width=\"300\" height=\"300\" srcset=\"https:\/\/autorenbuchhandlung-marx.de\/www\/wp-content\/uploads\/2016\/04\/monmonmon-300x300.png 300w, https:\/\/autorenbuchhandlung-marx.de\/www\/wp-content\/uploads\/2016\/04\/monmonmon-510x510.png 510w, https:\/\/autorenbuchhandlung-marx.de\/www\/wp-content\/uploads\/2016\/04\/monmonmon-150x150.png 150w, https:\/\/autorenbuchhandlung-marx.de\/www\/wp-content\/uploads\/2016\/04\/monmonmon.png 727w\" sizes=\"(max-width: 300px) 100vw, 300px\"><\/noscript><img class=\"size-medium wp-image-560 alignright lazyload\" src=\"data:image\/svg+xml,%3Csvg%20xmlns%3D%22http%3A%2F%2Fwww.w3.org%2F2000%2Fsvg%22%20viewBox%3D%220%200%20300%20300%22%3E%3C%2Fsvg%3E\" alt=\"monmonmon\" width=\"300\" height=\"300\" srcset=\"data:image\/svg+xml,%3Csvg%20xmlns%3D%22http%3A%2F%2Fwww.w3.org%2F2000%2Fsvg%22%20viewBox%3D%220%200%20300%20300%22%3E%3C%2Fsvg%3E 300w\" sizes=\"(max-width: 300px) 100vw, 300px\" data-srcset=\"https:\/\/autorenbuchhandlung-marx.de\/www\/wp-content\/uploads\/2016\/04\/monmonmon-300x300.png 300w, https:\/\/autorenbuchhandlung-marx.de\/www\/wp-content\/uploads\/2016\/04\/monmonmon-510x510.png 510w, https:\/\/autorenbuchhandlung-marx.de\/www\/wp-content\/uploads\/2016\/04\/monmonmon-150x150.png 150w, https:\/\/autorenbuchhandlung-marx.de\/www\/wp-content\/uploads\/2016\/04\/monmonmon.png 727w\" data-src=\"http:\/\/autorenbuchhandlung-marx.de\/www\/wp-content\/uploads\/2016\/04\/monmonmon-300x300.png\">\u00bbWir haben Sprache, und sie hat uns.\u00ab<\/h3>\n<h3>Dienstag, 3. Mai 2016, 20 Uhr<\/h3>\n<p>Was machen wir mit der Sprache, wenn wir sprechen und schreiben, uns artikulieren und lesen? Was macht die Sprache mit uns? Der in Frankfurt lebende Autor Franz Mon experimentiert schon seit den fr\u00fchen 1950er Jahren mit Buchstaben und Worten und geh\u00f6rt damit zu den Gr\u00fcn\u00addern der konkreten Poesie und der experimentellen Literatur.<\/p>\n<p>In seinen Gedichten, H\u00f6rspielen und Collagen macht er unsere Alltags\u00adsprache sp\u00fcrbar, schafft \u00bbW\u00f6rter voller Worte\u00ab, raubt und verdreht ihren Sinn, bringt W\u00f6rter spielerisch zusammen, \u00bbdie sich sonst nie kennengelernt h\u00e4tten\u00ab. Wie bei jedem Spiel ist das alles nur m\u00f6glich, weil es Regeln gibt. Zugleich aber f\u00fchren uns Franz Mons (Er-)Findungen ins Offene und \u00dcberra\u00adschende. Im Spiel mit den unendlichen M\u00f6glichkeiten der Sprache k\u00f6nnen wir erfahren, wie frei wir sind.<\/p>\n<p>Anl\u00e4sslich seines 90. Geburtstages und der aktuellen Publikation Sprache lebensl\u00e4nglich, Gesammelte Essays laden wir Franz Mon, den \u00bbhoch\u00adbegabten Konstrukteur komischer Versuchsanordnungen\u00ab, zu einem Gespr\u00e4ch mit seinem Lektor Sascha Michel (S. Fischer Verlag) ein.<\/p>\n<p><em>Franz Mon, Sprache lebensl\u00e4nglich, Gesam\u00admelte Essays, hrsg. von Michael Lentz, Fischer Verlag 2016, 656 S., \u20ac 24,99<\/em><\/p>\n<p>&nbsp;<\/p>\n<div class=\"shariff shariff-align-flex-start shariff-widget-align-flex-start\" data-services=\"facebook%7Ctwitter\" data-url=\"https%3A%2F%2Fautorenbuchhandlung-marx.de%2Fwww%2Ffranz-mon-zum-90-im-gespraech-mit-sascha-michel%2F\" data-timestamp=\"1461245676\" data-backendurl=\"https:\/\/autorenbuchhandlung-marx.de\/www\/wp-json\/shariff\/v1\/share_counts?\"><ul class=\"shariff-buttons theme-round orientation-horizontal buttonsize-medium\"><li class=\"shariff-button facebook shariff-nocustomcolor\" style=\"background-color:#4273c8\"><a href=\"https:\/\/www.facebook.com\/sharer\/sharer.php?u=https%3A%2F%2Fautorenbuchhandlung-marx.de%2Fwww%2Ffranz-mon-zum-90-im-gespraech-mit-sascha-michel%2F\" title=\"Bei Facebook teilen\" aria-label=\"Bei Facebook teilen\" role=\"button\" rel=\"nofollow\" class=\"shariff-link\" style=\"; background-color:#3b5998; color:#fff\" target=\"_blank\"><span class=\"shariff-icon\" style><svg width=\"32px\" height=\"20px\" viewBox=\"0 0 18 32\"><path fill=\"#3b5998\" d=\"M17.1 0.2v4.7h-2.8q-1.5 0-2.1 0.6t-0.5 1.9v3.4h5.2l-0.7 5.3h-4.5v13.6h-5.5v-13.6h-4.5v-5.3h4.5v-3.9q0-3.3 1.9-5.2t5-1.8q2.6 0 4.1 0.2z\" \/><\/svg><\/span><\/a><\/li><li class=\"shariff-button twitter shariff-nocustomcolor\" style=\"background-color:#32bbf5\"><a href=\"https:\/\/twitter.com\/share?url=https%3A%2F%2Fautorenbuchhandlung-marx.de%2Fwww%2Ffranz-mon-zum-90-im-gespraech-mit-sascha-michel%2F&amp;text=Franz%20Mon%20zum%2090.%20%E2%80%93%20Im%20Gespr%C3%A4ch%20mit%20Sascha%20Michel\" title=\"Bei Twitter teilen\" aria-label=\"Bei Twitter teilen\" role=\"button\" rel=\"noopener nofollow\" class=\"shariff-link\" style=\"; background-color:#55acee; color:#fff\" target=\"_blank\"><span class=\"shariff-icon\" style><svg width=\"32px\" height=\"20px\" viewBox=\"0 0 30 32\"><path fill=\"#55acee\" d=\"M29.7 6.8q-1.2 1.8-3 3.1 0 0.3 0 0.8 0 2.5-0.7 4.9t-2.2 4.7-3.5 4-4.9 2.8-6.1 1q-5.1 0-9.3-2.7 0.6 0.1 1.5 0.1 4.3 0 7.6-2.6-2-0.1-3.5-1.2t-2.2-3q0.6 0.1 1.1 0.1 0.8 0 1.6-0.2-2.1-0.4-3.5-2.1t-1.4-3.9v-0.1q1.3 0.7 2.8 0.8-1.2-0.8-2-2.2t-0.7-2.9q0-1.7 0.8-3.1 2.3 2.8 5.5 4.5t7 1.9q-0.2-0.7-0.2-1.4 0-2.5 1.8-4.3t4.3-1.8q2.7 0 4.5 1.9 2.1-0.4 3.9-1.5-0.7 2.2-2.7 3.4 1.8-0.2 3.5-0.9z\" \/><\/svg><\/span><\/a><\/li><\/ul><\/div>","protected":false},"excerpt":{"rendered":"<p>\u00bbWir haben Sprache, und sie hat uns.\u00ab Dienstag, 3. Mai 2016, 20 Uhr Was machen wir mit der Sprache, wenn wir sprechen und schreiben, uns artikulieren und lesen? Was macht die Sprache mit uns? Der in Frankfurt lebende Autor Franz Mon experimentiert schon seit den fr\u00fchen 1950er Jahren mit Buchstaben und Worten und geh\u00f6rt damit [&hellip;]<\/p>\n","protected":false},"author":1,"featured_media":0,"comment_status":"closed","ping_status":"closed","sticky":false,"template":"","format":"standard","meta":{"_links_to":"","_links_to_target":""},"categories":[1],"tags":[],"_links":{"self":[{"href":"https:\/\/autorenbuchhandlung-marx.de\/www\/wp-json\/wp\/v2\/posts\/559"}],"collection":[{"href":"https:\/\/autorenbuchhandlung-marx.de\/www\/wp-json\/wp\/v2\/posts"}],"about":[{"href":"https:\/\/autorenbuchhandlung-marx.de\/www\/wp-json\/wp\/v2\/types\/post"}],"author":[{"embeddable":true,"href":"https:\/\/autorenbuchhandlung-marx.de\/www\/wp-json\/wp\/v2\/users\/1"}],"replies":[{"embeddable":true,"href":"https:\/\/autorenbuchhandlung-marx.de\/www\/wp-json\/wp\/v2\/comments?post=559"}],"version-history":[{"count":3,"href":"https:\/\/autorenbuchhandlung-marx.de\/www\/wp-json\/wp\/v2\/posts\/559\/revisions"}],"predecessor-version":[{"id":563,"href":"https:\/\/autorenbuchhandlung-marx.de\/www\/wp-json\/wp\/v2\/posts\/559\/revisions\/563"}],"wp:attachment":[{"href":"https:\/\/autorenbuchhandlung-marx.de\/www\/wp-json\/wp\/v2\/media?parent=559"}],"wp:term":[{"taxonomy":"category","embeddable":true,"href":"https:\/\/autorenbuchhandlung-marx.de\/www\/wp-json\/wp\/v2\/categories?post=559"},{"taxonomy":"post_tag","embeddable":true,"href":"https:\/\/autorenbuchhandlung-marx.de\/www\/wp-json\/wp\/v2\/tags?post=559"}],"curies":[{"name":"wp","href":"https:\/\/api.w.org\/{rel}","templated":true}]}}