{"id":546,"date":"2016-02-16T14:06:31","date_gmt":"2016-02-16T12:06:31","guid":{"rendered":"http:\/\/autorenbuchhandlung-marx.de\/www\/?p=546"},"modified":"2016-02-16T14:06:31","modified_gmt":"2016-02-16T12:06:31","slug":"buchempfehlung-abbas-khider-ohrfeige","status":"publish","type":"post","link":"https:\/\/autorenbuchhandlung-marx.de\/www\/buchempfehlung-abbas-khider-ohrfeige\/","title":{"rendered":"Buchempfehlung &#8211; Abbas Khider &#8222;Ohrfeige&#8220;"},"content":{"rendered":"<figure id=\"attachment_548\" aria-describedby=\"caption-attachment-548\" style=\"width: 183px\" class=\"wp-caption alignleft\"><noscript><img class=\"size-medium wp-image-548\" src=\"http:\/\/autorenbuchhandlung-marx.de\/www\/wp-content\/uploads\/2016\/02\/khider-1-183x300.jpg\" alt=\"Hanser Verlag, 19.90 \u20ac\" width=\"183\" height=\"300\" srcset=\"https:\/\/autorenbuchhandlung-marx.de\/www\/wp-content\/uploads\/2016\/02\/khider-1-183x300.jpg 183w, https:\/\/autorenbuchhandlung-marx.de\/www\/wp-content\/uploads\/2016\/02\/khider-1.jpg 200w\" sizes=\"(max-width: 183px) 100vw, 183px\"><\/noscript><img class=\"size-medium wp-image-548 lazyload\" src=\"data:image\/svg+xml,%3Csvg%20xmlns%3D%22http%3A%2F%2Fwww.w3.org%2F2000%2Fsvg%22%20viewBox%3D%220%200%20183%20300%22%3E%3C%2Fsvg%3E\" alt=\"Hanser Verlag, 19.90 \u20ac\" width=\"183\" height=\"300\" srcset=\"data:image\/svg+xml,%3Csvg%20xmlns%3D%22http%3A%2F%2Fwww.w3.org%2F2000%2Fsvg%22%20viewBox%3D%220%200%20183%20300%22%3E%3C%2Fsvg%3E 183w\" sizes=\"(max-width: 183px) 100vw, 183px\" data-srcset=\"https:\/\/autorenbuchhandlung-marx.de\/www\/wp-content\/uploads\/2016\/02\/khider-1-183x300.jpg 183w, https:\/\/autorenbuchhandlung-marx.de\/www\/wp-content\/uploads\/2016\/02\/khider-1.jpg 200w\" data-src=\"http:\/\/autorenbuchhandlung-marx.de\/www\/wp-content\/uploads\/2016\/02\/khider-1-183x300.jpg\"><figcaption id=\"caption-attachment-548\" class=\"wp-caption-text\">Hanser Verlag, 19.90 \u20ac<\/figcaption><\/figure>\n<p>Die titelgebende Ohrfeige ist f\u00fcr Frau Schulz bestimmt. Sie k\u00f6nnte auch Maier oder M\u00fcller hei\u00dfen, aber mit Sicherheit sitzt sie in einem deutschen Amt und macht Dienst nach Vorschrift. Wer hier die Hand hebt, ist zun\u00e4chst einmal einerlei, denn jeder, der mit Beh\u00f6rden oder auch nur Antr\u00e4gen zu tun hatte, stand schon einmal hier, der Verzweiflung nahe. Wem es aber gelingt, seine Formulare ordnungs- und wahrheitsgem\u00e4\u00df auszuf\u00fcllen, der darf sich gl\u00fccklich sch\u00e4tzen.<\/p>\n<p>Deshalb ist es dann doch nicht einerlei, wer Frau Schulz in Abbas Khiders Roman ohrfeigen m\u00f6chte, denn es ist kein B\u00fcrger dieses Landes, sondern einer jener jungen Asylsuchenden, die gerade tagein tagaus die Schlagzeilen beherrschen.<\/p>\n<p>Er hei\u00dft Karim Mensey, er ist Anfang 20, er stammt aus dem Irak. H\u00e4tte er Frau Schulz seine Geschichte wahrheitsgem\u00e4\u00df geschildert, er w\u00e4re l\u00e4ngst abgeschoben worden: Karim wurde in seinem Land nicht politisch verfolgt, ist aber trotzdem geflohen. Warum? Das soll hier gar nicht verraten werden, auch ein Roman hat seine Intimit\u00e4ten, die man nicht gleich preisgeben sollte, erst recht nicht, wenn der ruhige und klare Erz\u00e4hlstil dem Leser den Protagonisten so nah ans Herz zu legen vermag, als w\u00e4re er einer von uns. Als stamme Karim nicht aus einem 4000 Kilometer entfernten Land, in dem verheerende Kriege gef\u00fchrt wurden und werden und Terroranschl\u00e4ge auf der Tagesordnung stehen. Diese Version der Weltgeschichte tritt in Khiders Roman in den Hintergrund. Das kann man bem\u00e4ngeln. Aber man sollte sich deshalb die scheinbar so private Geschichte Karims nicht entgehen lassen, denn Karims Schicksal ist eines, das auch uns, unseren Kindern oder Kindeskindern passieren k\u00f6nnte \u2013nicht nur jenen armen Menschen, die das Pech hatten, zur falschen Zeit am falschen Ort auf die Welt gekommen zu sein: im Kulturland zwischen Euphrat und Tigris, dem Land der H\u00e4ngenden G\u00e4rten von Babylon.<\/p>\n<p>Karim flieht mit einem klaren Ziel vor Augen: er m\u00f6chte nach Paris, denn dort wartet Onkel Murad auf ihn. Am Vorabend der Flucht n\u00e4ht ihm die Mutter liebevoll das gesparte Geld in den G\u00fcrtel, k\u00fcsst ihren Sohn zum letzten Mal. Die Hoffnung ist gro\u00df. F\u00fcnf Wochen ist Karim unterwegs, im Auto, im Schlauchboot, auf der F\u00e4hre, im Zug und wieder im Auto \u2013 nur nachts d\u00fcrfen die Fl\u00fcchtlinge f\u00fcr ein paar Minuten ins Freie. Niemand sagt ihnen, wo sie sind, jegliche Kommunikation m\u00fcndet in babylonischer Sprachverwirrung. Bis ihn fr\u00fchmorgens der Fahrer eines Minitransporters auf irgendeiner Landstra\u00dfe aussetzt. Karim denkt, er sei in Frankreich \u2013 die Schlepper sollen die restliche Zahlung erst bekommen, wenn er sicher bei seinem Onkel angekommen ist \u2013, aber Karim wird sein Ziel niemals erreichen. Mitten im europ\u00e4ischen Winter l\u00e4sst er seine Fl\u00fcchtlingsklamotten in den Schnee fallen und versucht, notd\u00fcrftig hinter einem Baum versteckt, seine Herkunft hinter einer \u201eschicken schwarzen Hose\u201c und einem \u201eeleganten Hemd\u201c zu verbergen. Es n\u00fctzt alles nichts, kaum hat Karim das Bahnhofsgeb\u00e4ude betreten, fragt ihn die Polizei nach dem \u201ePassport?\u201c \u2013 \u201eNo Passport\u201c, die Handschellen klicken. Sie untersuchen alle \u00d6ffnungen der Kleider, alle \u00d6ffnungen des K\u00f6rpers, sie suchen routiniert und finden das liebevoll eingen\u00e4hte Geld, konfiszieren es ebenso unger\u00fchrt wie die letzten Zigaretten.<\/p>\n<p>Der eben noch Fliehende wird festgesetzt und ist f\u00fcr die kommenden Jahre jeglicher Aktivit\u00e4t beraubt: Karim darf nicht zu seinem Onkel nach Paris, hat er doch in Deutschland zuerst den europ\u00e4ischen Boden betreten und muss hier seinen Asylantrag stellen, Karim darf nicht arbeiten, er darf keinen Deutschkurs belegen, Karim darf nur eines: wohnen.<\/p>\n<p>Wie Karim gegen all die ihn erstickenden Vorschriften f\u00fcr ein menschenw\u00fcrdiges Leben k\u00e4mpft, wie all seine \u201cKollegen\u201c im Asylantenheim ihr Leben ertragen, es feiern und daran verzweifeln und wieder neue Hoffnung sch\u00f6pfen, das ist nicht nur Deutschland Anfang der Nullerjahre, das ist auch Deutschland 2016.<\/p>\n<p>Khider hat in diesen aufgeregten Zeiten einen wunderbar unaufgeregten Roman geschrieben.<\/p>\n<p><strong>Ines Lauffer, autorenbuchhandlung marx &amp; co, Frankfurt am Main<\/strong><\/p>\n<div class=\"shariff shariff-align-flex-start shariff-widget-align-flex-start\" data-services=\"facebook%7Ctwitter\" data-url=\"https%3A%2F%2Fautorenbuchhandlung-marx.de%2Fwww%2Fbuchempfehlung-abbas-khider-ohrfeige%2F\" data-timestamp=\"1455631591\" data-backendurl=\"https:\/\/autorenbuchhandlung-marx.de\/www\/wp-json\/shariff\/v1\/share_counts?\"><ul class=\"shariff-buttons theme-round orientation-horizontal buttonsize-medium\"><li class=\"shariff-button facebook shariff-nocustomcolor\" style=\"background-color:#4273c8\"><a href=\"https:\/\/www.facebook.com\/sharer\/sharer.php?u=https%3A%2F%2Fautorenbuchhandlung-marx.de%2Fwww%2Fbuchempfehlung-abbas-khider-ohrfeige%2F\" title=\"Bei Facebook teilen\" aria-label=\"Bei Facebook teilen\" role=\"button\" rel=\"nofollow\" class=\"shariff-link\" style=\"; background-color:#3b5998; color:#fff\" target=\"_blank\"><span class=\"shariff-icon\" style><svg width=\"32px\" height=\"20px\" viewBox=\"0 0 18 32\"><path fill=\"#3b5998\" d=\"M17.1 0.2v4.7h-2.8q-1.5 0-2.1 0.6t-0.5 1.9v3.4h5.2l-0.7 5.3h-4.5v13.6h-5.5v-13.6h-4.5v-5.3h4.5v-3.9q0-3.3 1.9-5.2t5-1.8q2.6 0 4.1 0.2z\" \/><\/svg><\/span><\/a><\/li><li class=\"shariff-button twitter shariff-nocustomcolor\" style=\"background-color:#32bbf5\"><a href=\"https:\/\/twitter.com\/share?url=https%3A%2F%2Fautorenbuchhandlung-marx.de%2Fwww%2Fbuchempfehlung-abbas-khider-ohrfeige%2F&amp;text=Buchempfehlung%20%E2%80%93%20Abbas%20Khider%20%E2%80%9EOhrfeige%E2%80%9C\" title=\"Bei Twitter teilen\" aria-label=\"Bei Twitter teilen\" role=\"button\" rel=\"noopener nofollow\" class=\"shariff-link\" style=\"; background-color:#55acee; color:#fff\" target=\"_blank\"><span class=\"shariff-icon\" style><svg width=\"32px\" height=\"20px\" viewBox=\"0 0 30 32\"><path fill=\"#55acee\" d=\"M29.7 6.8q-1.2 1.8-3 3.1 0 0.3 0 0.8 0 2.5-0.7 4.9t-2.2 4.7-3.5 4-4.9 2.8-6.1 1q-5.1 0-9.3-2.7 0.6 0.1 1.5 0.1 4.3 0 7.6-2.6-2-0.1-3.5-1.2t-2.2-3q0.6 0.1 1.1 0.1 0.8 0 1.6-0.2-2.1-0.4-3.5-2.1t-1.4-3.9v-0.1q1.3 0.7 2.8 0.8-1.2-0.8-2-2.2t-0.7-2.9q0-1.7 0.8-3.1 2.3 2.8 5.5 4.5t7 1.9q-0.2-0.7-0.2-1.4 0-2.5 1.8-4.3t4.3-1.8q2.7 0 4.5 1.9 2.1-0.4 3.9-1.5-0.7 2.2-2.7 3.4 1.8-0.2 3.5-0.9z\" \/><\/svg><\/span><\/a><\/li><\/ul><\/div>","protected":false},"excerpt":{"rendered":"<p>Die titelgebende Ohrfeige ist f\u00fcr Frau Schulz bestimmt. Sie k\u00f6nnte auch Maier oder M\u00fcller hei\u00dfen, aber mit Sicherheit sitzt sie in einem deutschen Amt und macht Dienst nach Vorschrift. Wer hier die Hand hebt, ist zun\u00e4chst einmal einerlei, denn jeder, der mit Beh\u00f6rden oder auch nur Antr\u00e4gen zu tun hatte, stand schon einmal hier, der [&hellip;]<\/p>\n","protected":false},"author":1,"featured_media":0,"comment_status":"closed","ping_status":"closed","sticky":false,"template":"","format":"standard","meta":{"_links_to":"","_links_to_target":""},"categories":[8],"tags":[],"_links":{"self":[{"href":"https:\/\/autorenbuchhandlung-marx.de\/www\/wp-json\/wp\/v2\/posts\/546"}],"collection":[{"href":"https:\/\/autorenbuchhandlung-marx.de\/www\/wp-json\/wp\/v2\/posts"}],"about":[{"href":"https:\/\/autorenbuchhandlung-marx.de\/www\/wp-json\/wp\/v2\/types\/post"}],"author":[{"embeddable":true,"href":"https:\/\/autorenbuchhandlung-marx.de\/www\/wp-json\/wp\/v2\/users\/1"}],"replies":[{"embeddable":true,"href":"https:\/\/autorenbuchhandlung-marx.de\/www\/wp-json\/wp\/v2\/comments?post=546"}],"version-history":[{"count":1,"href":"https:\/\/autorenbuchhandlung-marx.de\/www\/wp-json\/wp\/v2\/posts\/546\/revisions"}],"predecessor-version":[{"id":549,"href":"https:\/\/autorenbuchhandlung-marx.de\/www\/wp-json\/wp\/v2\/posts\/546\/revisions\/549"}],"wp:attachment":[{"href":"https:\/\/autorenbuchhandlung-marx.de\/www\/wp-json\/wp\/v2\/media?parent=546"}],"wp:term":[{"taxonomy":"category","embeddable":true,"href":"https:\/\/autorenbuchhandlung-marx.de\/www\/wp-json\/wp\/v2\/categories?post=546"},{"taxonomy":"post_tag","embeddable":true,"href":"https:\/\/autorenbuchhandlung-marx.de\/www\/wp-json\/wp\/v2\/tags?post=546"}],"curies":[{"name":"wp","href":"https:\/\/api.w.org\/{rel}","templated":true}]}}