{"id":531,"date":"2016-01-27T11:45:38","date_gmt":"2016-01-27T09:45:38","guid":{"rendered":"http:\/\/autorenbuchhandlung-marx.de\/www\/?p=531"},"modified":"2016-01-28T19:03:30","modified_gmt":"2016-01-28T17:03:30","slug":"die-idee-des-sozialismus-axel-honneth-im-gespraech-mit-peter-wagner","status":"publish","type":"post","link":"https:\/\/autorenbuchhandlung-marx.de\/www\/die-idee-des-sozialismus-axel-honneth-im-gespraech-mit-peter-wagner\/","title":{"rendered":"Die Idee des Sozialismus &#8211; Axel Honneth im Gespr\u00e4ch mit Peter Wagner"},"content":{"rendered":"<figure id=\"attachment_532\" aria-describedby=\"caption-attachment-532\" style=\"width: 180px\" class=\"wp-caption alignleft\"><noscript><img class=\"wp-image-532 size-medium\" src=\"http:\/\/autorenbuchhandlung-marx.de\/www\/wp-content\/uploads\/2016\/01\/honneth-180x300.jpg\" alt=\"Honneth\" width=\"180\" height=\"300\" srcset=\"https:\/\/autorenbuchhandlung-marx.de\/www\/wp-content\/uploads\/2016\/01\/honneth-180x300.jpg 180w, https:\/\/autorenbuchhandlung-marx.de\/www\/wp-content\/uploads\/2016\/01\/honneth.jpg 385w\" sizes=\"(max-width: 180px) 100vw, 180px\"><\/noscript><img class=\"wp-image-532 size-medium lazyload\" src=\"data:image\/svg+xml,%3Csvg%20xmlns%3D%22http%3A%2F%2Fwww.w3.org%2F2000%2Fsvg%22%20viewBox%3D%220%200%20180%20300%22%3E%3C%2Fsvg%3E\" alt=\"Honneth\" width=\"180\" height=\"300\" srcset=\"data:image\/svg+xml,%3Csvg%20xmlns%3D%22http%3A%2F%2Fwww.w3.org%2F2000%2Fsvg%22%20viewBox%3D%220%200%20180%20300%22%3E%3C%2Fsvg%3E 180w\" sizes=\"(max-width: 180px) 100vw, 180px\" data-srcset=\"https:\/\/autorenbuchhandlung-marx.de\/www\/wp-content\/uploads\/2016\/01\/honneth-180x300.jpg 180w, https:\/\/autorenbuchhandlung-marx.de\/www\/wp-content\/uploads\/2016\/01\/honneth.jpg 385w\" data-src=\"http:\/\/autorenbuchhandlung-marx.de\/www\/wp-content\/uploads\/2016\/01\/honneth-180x300.jpg\"><figcaption id=\"caption-attachment-532\" class=\"wp-caption-text\">Suhrkamp 2015 22,95 \u20ac<\/figcaption><\/figure>\n<h3>Mittwoch,&nbsp;10. Februar 2016, 20 Uhr<\/h3>\n<h3>Prismen \u2013 Institut f\u00fcr Sozialforschung bei Marx &amp; Co<\/h3>\n<p>Axel Honneths politisch-philosophischer Essay setzt mit einem irritierenden Befund ein: die Emp\u00f6rung \u00fcber die sozialen und politischen Folgen des global entfesselten Kapitalismus ist in unserer Gesellschaft allgegenw\u00e4rtig,&nbsp;aber dieser massenhaften Emp\u00f6rung fehlt ein normativer Richtungssinn und der Kritik kaum gelingt es kaum, Vorstellungen einer gesellschaftlichen Alternative jenseits des Kapitalismus zu entwickeln. Die Ideen des Sozialismus, die f\u00fcr mehr als 150 Jahre geschichtliche Orientierung zu geben vermochten, scheinen ihre \u00dcberzeugungskraft unwiderruflich verloren zu haben und f\u00fcr die Suche nach alternativen Lebensformen kein Anregungspotential mehr zu bieten. Weshalb? Und muss dem wirklich so sein? Gibt es in der reichen Ideengeschichte des Sozialismus nicht vielleicht doch Ans\u00e4tze, die sich so rekonstruieren lassen, dass sie unseren historischen Erfahrungen angemessen sind und Wege zu einer Umgestaltung der entgrenzten \u00d6konomie anzeigen, die in den Normen von Freiheit und Solidarit\u00e4t \u2013 Axel Honneth spricht von \u00bbsozialer Freiheit\u00ab \u2013 ihre Grundlage hat?<\/p>\n<p><strong>Axel Honneth<\/strong> ist Direktor des Instituts f\u00fcr Sozialforschung, Jack C. Weinstein Professor of the Humanities an der Columbia University, New York, sowie Senior Professor f\u00fcr Sozialphilosophie an der Goethe-Universit\u00e4t Frankfurt am Main. Ver\u00f6ffentlichungen u.a.:&nbsp;&nbsp;<em>Kampf um Anerkennung. Zur moralischen Grammatik sozialer Konflikte<\/em> (Suhrkamp 1992); <em>Das Recht der Freiheit. Grundri\u00df einer demokratischen Sittlichkeit<\/em> (Suhrkamp 2011).<br>\n<em>Die Idee des Sozialismus. Versuch einer Aktualisierung<\/em> (Suhrkamp 2015) wurde mit dem Bruno-Kreisky-Preis f\u00fcr das Politische Buch 2015 ausgezeichnet.<\/p>\n<p><strong>Peter Wagner<\/strong> ist ICREA Forschungsprofessor am Institut f\u00fcr Soziologische Theorie, Rechtsphilosophie und Methodologie der Sozialwissenschaften an der Universit\u00e4t von Barcelona; am Institut f\u00fcr Sozialforschung ist er Mitglied des Internationalen Wissenschaftlichen Beirats. In diesen Tagen ist von ihm erschienen: <em>Progress. A Reconstruction (<\/em>Polity Press 2016). Ver\u00f6ffentlichungen in Deutsch sind unter anderem <em>Moderne als Erfahrung und Interpretation. Eine neue Soziologie zur Moderne<\/em> (UVK 2009) und <em>Soziologie der Moderne. Freiheit und Disziplin<\/em> (Campus 1995).<\/p>\n<div class=\"shariff shariff-align-flex-start shariff-widget-align-flex-start\" data-services=\"facebook%7Ctwitter\" data-url=\"https%3A%2F%2Fautorenbuchhandlung-marx.de%2Fwww%2Fdie-idee-des-sozialismus-axel-honneth-im-gespraech-mit-peter-wagner%2F\" data-timestamp=\"1454007810\" data-backendurl=\"https:\/\/autorenbuchhandlung-marx.de\/www\/wp-json\/shariff\/v1\/share_counts?\"><ul class=\"shariff-buttons theme-round orientation-horizontal buttonsize-medium\"><li class=\"shariff-button facebook shariff-nocustomcolor\" style=\"background-color:#4273c8\"><a href=\"https:\/\/www.facebook.com\/sharer\/sharer.php?u=https%3A%2F%2Fautorenbuchhandlung-marx.de%2Fwww%2Fdie-idee-des-sozialismus-axel-honneth-im-gespraech-mit-peter-wagner%2F\" title=\"Bei Facebook teilen\" aria-label=\"Bei Facebook teilen\" role=\"button\" rel=\"nofollow\" class=\"shariff-link\" style=\"; background-color:#3b5998; color:#fff\" target=\"_blank\"><span class=\"shariff-icon\" style><svg width=\"32px\" height=\"20px\" viewBox=\"0 0 18 32\"><path fill=\"#3b5998\" d=\"M17.1 0.2v4.7h-2.8q-1.5 0-2.1 0.6t-0.5 1.9v3.4h5.2l-0.7 5.3h-4.5v13.6h-5.5v-13.6h-4.5v-5.3h4.5v-3.9q0-3.3 1.9-5.2t5-1.8q2.6 0 4.1 0.2z\" \/><\/svg><\/span><\/a><\/li><li class=\"shariff-button twitter shariff-nocustomcolor\" style=\"background-color:#32bbf5\"><a href=\"https:\/\/twitter.com\/share?url=https%3A%2F%2Fautorenbuchhandlung-marx.de%2Fwww%2Fdie-idee-des-sozialismus-axel-honneth-im-gespraech-mit-peter-wagner%2F&amp;text=Die%20Idee%20des%20Sozialismus%20%E2%80%93%20Axel%20Honneth%20im%20Gespr%C3%A4ch%20mit%20Peter%20Wagner\" title=\"Bei Twitter teilen\" aria-label=\"Bei Twitter teilen\" role=\"button\" rel=\"noopener nofollow\" class=\"shariff-link\" style=\"; background-color:#55acee; color:#fff\" target=\"_blank\"><span class=\"shariff-icon\" style><svg width=\"32px\" height=\"20px\" viewBox=\"0 0 30 32\"><path fill=\"#55acee\" d=\"M29.7 6.8q-1.2 1.8-3 3.1 0 0.3 0 0.8 0 2.5-0.7 4.9t-2.2 4.7-3.5 4-4.9 2.8-6.1 1q-5.1 0-9.3-2.7 0.6 0.1 1.5 0.1 4.3 0 7.6-2.6-2-0.1-3.5-1.2t-2.2-3q0.6 0.1 1.1 0.1 0.8 0 1.6-0.2-2.1-0.4-3.5-2.1t-1.4-3.9v-0.1q1.3 0.7 2.8 0.8-1.2-0.8-2-2.2t-0.7-2.9q0-1.7 0.8-3.1 2.3 2.8 5.5 4.5t7 1.9q-0.2-0.7-0.2-1.4 0-2.5 1.8-4.3t4.3-1.8q2.7 0 4.5 1.9 2.1-0.4 3.9-1.5-0.7 2.2-2.7 3.4 1.8-0.2 3.5-0.9z\" \/><\/svg><\/span><\/a><\/li><\/ul><\/div>","protected":false},"excerpt":{"rendered":"<p>Mittwoch,\u00a010. Februar 2016, 20 Uhr Prismen \u2013 Institut f\u00fcr Sozialforschung bei Marx &amp; Co Axel Honneths politisch-philosophischer Essay setzt mit einem irritierenden Befund ein: die Emp\u00f6rung \u00fcber die sozialen und politischen Folgen des global entfesselten Kapitalismus ist in unserer Gesellschaft allgegenw\u00e4rtig,\u00a0aber dieser massenhaften Emp\u00f6rung fehlt ein normativer Richtungssinn und der Kritik kaum gelingt es kaum, [&hellip;]<\/p>\n","protected":false},"author":1,"featured_media":0,"comment_status":"closed","ping_status":"closed","sticky":false,"template":"","format":"standard","meta":{"_links_to":"","_links_to_target":""},"categories":[1],"tags":[],"_links":{"self":[{"href":"https:\/\/autorenbuchhandlung-marx.de\/www\/wp-json\/wp\/v2\/posts\/531"}],"collection":[{"href":"https:\/\/autorenbuchhandlung-marx.de\/www\/wp-json\/wp\/v2\/posts"}],"about":[{"href":"https:\/\/autorenbuchhandlung-marx.de\/www\/wp-json\/wp\/v2\/types\/post"}],"author":[{"embeddable":true,"href":"https:\/\/autorenbuchhandlung-marx.de\/www\/wp-json\/wp\/v2\/users\/1"}],"replies":[{"embeddable":true,"href":"https:\/\/autorenbuchhandlung-marx.de\/www\/wp-json\/wp\/v2\/comments?post=531"}],"version-history":[{"count":11,"href":"https:\/\/autorenbuchhandlung-marx.de\/www\/wp-json\/wp\/v2\/posts\/531\/revisions"}],"predecessor-version":[{"id":544,"href":"https:\/\/autorenbuchhandlung-marx.de\/www\/wp-json\/wp\/v2\/posts\/531\/revisions\/544"}],"wp:attachment":[{"href":"https:\/\/autorenbuchhandlung-marx.de\/www\/wp-json\/wp\/v2\/media?parent=531"}],"wp:term":[{"taxonomy":"category","embeddable":true,"href":"https:\/\/autorenbuchhandlung-marx.de\/www\/wp-json\/wp\/v2\/categories?post=531"},{"taxonomy":"post_tag","embeddable":true,"href":"https:\/\/autorenbuchhandlung-marx.de\/www\/wp-json\/wp\/v2\/tags?post=531"}],"curies":[{"name":"wp","href":"https:\/\/api.w.org\/{rel}","templated":true}]}}