{"id":519,"date":"2015-12-03T16:46:29","date_gmt":"2015-12-03T14:46:29","guid":{"rendered":"http:\/\/autorenbuchhandlung-marx.de\/www\/?p=519"},"modified":"2015-12-03T16:54:17","modified_gmt":"2015-12-03T14:54:17","slug":"adventslesung-fuer-kinder-zwischen-4-8-jahren-am-samstag-5-12-um-16-uhr","status":"publish","type":"post","link":"https:\/\/autorenbuchhandlung-marx.de\/www\/adventslesung-fuer-kinder-zwischen-4-8-jahren-am-samstag-5-12-um-16-uhr\/","title":{"rendered":"Adventslesung f\u00fcr Kinder"},"content":{"rendered":"<h3><strong>Samstag, 5.12. um 16 Uhr<\/strong><\/h3>\n<p><big>Wir laden Sie herzlich ein zu unserer<\/big><span style=\"color: #cc0000;\"><br \/>\n<\/span><\/p>\n<h5 align=\"center\"><span style=\"color: #cc0000;\"><big><big>Adventslesung f\u00fcr Kinder zwischen 4 &amp; 8 Jahren <\/big><\/big><\/span><\/h5>\n<div align=\"center\"><\/div>\n<div style=\"text-align: left;\" align=\"center\">\n<p><em>Wei\u00dft Du noch, wie es letztes Jahr war? \u201eWir lagen auf Deinem Bett und starrten an die Decke und warteten auf das Christkind \u2026 Es war still geworden drau\u00dfen und in unserem Haus \u2026 und \u00fcberall roch es, wie es sonst nie riecht: Tanne, Kerzen, Pl\u00e4tzchen \u2026\u201c <\/em><\/p>\n<p><em>Noch ist es nicht soweit, aber es ist schon fast der zweite Advent. Dringend Zeit, sich gem\u00fctlich in unserer Buchhandlung zur diesj\u00e4hrigen Adventslesung f\u00fcr Kinder zu treffen. Es gibt so viele Geschichten zu erz\u00e4hlen: Vom Rentier Rudolf, der den Schlitten vom Weihnachtsmann zieht, vom Schnee, der sich so leise auf B\u00e4ume und Autos legt, und von Zwiebelchen. Wer ist Zwiebelchen? Das verraten wir am kommenden Samstag (5. Dezember) um 16 Uhr.<\/em><\/p>\n<p>Wir w\u00fcrden uns sehr freuen, wenn Sie mit Ihren Kindern, Enkelkindern oder auch anderen Kindern zu uns kommen. Vielleicht finden Sie parallel zur Lesung sogar schon die ersten Weihnachstgschenke bei uns.<\/p>\n<\/div>\n<div class=\"shariff shariff-align-flex-start shariff-widget-align-flex-start\" data-services=\"facebook%7Ctwitter\" data-url=\"https%3A%2F%2Fautorenbuchhandlung-marx.de%2Fwww%2Fadventslesung-fuer-kinder-zwischen-4-8-jahren-am-samstag-5-12-um-16-uhr%2F\" data-timestamp=\"1449161657\" data-backendurl=\"https:\/\/autorenbuchhandlung-marx.de\/www\/wp-json\/shariff\/v1\/share_counts?\"><ul class=\"shariff-buttons theme-round orientation-horizontal buttonsize-medium\"><li class=\"shariff-button facebook shariff-nocustomcolor\" style=\"background-color:#4273c8\"><a href=\"https:\/\/www.facebook.com\/sharer\/sharer.php?u=https%3A%2F%2Fautorenbuchhandlung-marx.de%2Fwww%2Fadventslesung-fuer-kinder-zwischen-4-8-jahren-am-samstag-5-12-um-16-uhr%2F\" title=\"Bei Facebook teilen\" aria-label=\"Bei Facebook teilen\" role=\"button\" rel=\"nofollow\" class=\"shariff-link\" style=\"; background-color:#3b5998; color:#fff\" target=\"_blank\"><span class=\"shariff-icon\" style=\"\"><svg width=\"32px\" height=\"20px\" xmlns=\"http:\/\/www.w3.org\/2000\/svg\" viewBox=\"0 0 18 32\"><path fill=\"#3b5998\" d=\"M17.1 0.2v4.7h-2.8q-1.5 0-2.1 0.6t-0.5 1.9v3.4h5.2l-0.7 5.3h-4.5v13.6h-5.5v-13.6h-4.5v-5.3h4.5v-3.9q0-3.3 1.9-5.2t5-1.8q2.6 0 4.1 0.2z\"\/><\/svg><\/span><\/a><\/li><li class=\"shariff-button twitter shariff-nocustomcolor\" style=\"background-color:#32bbf5\"><a href=\"https:\/\/twitter.com\/share?url=https%3A%2F%2Fautorenbuchhandlung-marx.de%2Fwww%2Fadventslesung-fuer-kinder-zwischen-4-8-jahren-am-samstag-5-12-um-16-uhr%2F&text=Adventslesung%20f%C3%BCr%20Kinder\" title=\"Bei Twitter teilen\" aria-label=\"Bei Twitter teilen\" role=\"button\" rel=\"noopener nofollow\" class=\"shariff-link\" style=\"; background-color:#55acee; color:#fff\" target=\"_blank\"><span class=\"shariff-icon\" style=\"\"><svg width=\"32px\" height=\"20px\" xmlns=\"http:\/\/www.w3.org\/2000\/svg\" viewBox=\"0 0 30 32\"><path fill=\"#55acee\" d=\"M29.7 6.8q-1.2 1.8-3 3.1 0 0.3 0 0.8 0 2.5-0.7 4.9t-2.2 4.7-3.5 4-4.9 2.8-6.1 1q-5.1 0-9.3-2.7 0.6 0.1 1.5 0.1 4.3 0 7.6-2.6-2-0.1-3.5-1.2t-2.2-3q0.6 0.1 1.1 0.1 0.8 0 1.6-0.2-2.1-0.4-3.5-2.1t-1.4-3.9v-0.1q1.3 0.7 2.8 0.8-1.2-0.8-2-2.2t-0.7-2.9q0-1.7 0.8-3.1 2.3 2.8 5.5 4.5t7 1.9q-0.2-0.7-0.2-1.4 0-2.5 1.8-4.3t4.3-1.8q2.7 0 4.5 1.9 2.1-0.4 3.9-1.5-0.7 2.2-2.7 3.4 1.8-0.2 3.5-0.9z\"\/><\/svg><\/span><\/a><\/li><\/ul><\/div>","protected":false},"excerpt":{"rendered":"<p>Samstag, 5.12. um 16 Uhr Wir laden Sie herzlich ein zu unserer Adventslesung f\u00fcr Kinder zwischen 4 &amp; 8 Jahren Wei\u00dft Du noch, wie es letztes Jahr war? \u201eWir lagen auf Deinem Bett und starrten an die Decke und warteten auf das Christkind \u2026 Es war still geworden drau\u00dfen und in unserem Haus \u2026 und [&hellip;]<\/p>\n","protected":false},"author":2,"featured_media":0,"comment_status":"closed","ping_status":"closed","sticky":false,"template":"","format":"standard","meta":{"_links_to":"","_links_to_target":""},"categories":[1],"tags":[],"_links":{"self":[{"href":"https:\/\/autorenbuchhandlung-marx.de\/www\/wp-json\/wp\/v2\/posts\/519"}],"collection":[{"href":"https:\/\/autorenbuchhandlung-marx.de\/www\/wp-json\/wp\/v2\/posts"}],"about":[{"href":"https:\/\/autorenbuchhandlung-marx.de\/www\/wp-json\/wp\/v2\/types\/post"}],"author":[{"embeddable":true,"href":"https:\/\/autorenbuchhandlung-marx.de\/www\/wp-json\/wp\/v2\/users\/2"}],"replies":[{"embeddable":true,"href":"https:\/\/autorenbuchhandlung-marx.de\/www\/wp-json\/wp\/v2\/comments?post=519"}],"version-history":[{"count":6,"href":"https:\/\/autorenbuchhandlung-marx.de\/www\/wp-json\/wp\/v2\/posts\/519\/revisions"}],"predecessor-version":[{"id":525,"href":"https:\/\/autorenbuchhandlung-marx.de\/www\/wp-json\/wp\/v2\/posts\/519\/revisions\/525"}],"wp:attachment":[{"href":"https:\/\/autorenbuchhandlung-marx.de\/www\/wp-json\/wp\/v2\/media?parent=519"}],"wp:term":[{"taxonomy":"category","embeddable":true,"href":"https:\/\/autorenbuchhandlung-marx.de\/www\/wp-json\/wp\/v2\/categories?post=519"},{"taxonomy":"post_tag","embeddable":true,"href":"https:\/\/autorenbuchhandlung-marx.de\/www\/wp-json\/wp\/v2\/tags?post=519"}],"curies":[{"name":"wp","href":"https:\/\/api.w.org\/{rel}","templated":true}]}}