{"id":511,"date":"2015-11-17T17:15:07","date_gmt":"2015-11-17T15:15:07","guid":{"rendered":"http:\/\/autorenbuchhandlung-marx.de\/www\/?p=511"},"modified":"2015-11-17T17:15:24","modified_gmt":"2015-11-17T15:15:24","slug":"kaempfe-um-europaeische-migrationspolitik-sonja-buckel-und-jens-wissel-im-gespraech","status":"publish","type":"post","link":"https:\/\/autorenbuchhandlung-marx.de\/www\/kaempfe-um-europaeische-migrationspolitik-sonja-buckel-und-jens-wissel-im-gespraech\/","title":{"rendered":"K\u00e4mpfe um europ\u00e4ische Migrationspolitik &#8211; Sonja Buckel und Jens Wissel im Gespr\u00e4ch"},"content":{"rendered":"<h3>Montag,&nbsp;30. November 2015, 20 Uhr<\/h3>\n<h3>Prismen \u2013 Institut f\u00fcr Sozialforschung bei Marx &amp; Co<\/h3>\n<p>Die Europ\u00e4ische Union ist kein neuer Staat. Sie ist fragmentiert, umk\u00e4mpft, voll innerer Widerspr\u00fcche. In wenigen Politikfeldern wird dies so deutlich wie im Bereich des europ\u00e4ischen Grenzregimes. Die gegenw\u00e4rtigen Auseinandersetzungen um die Aufnahme von Fl\u00fcchtenden nach Europa f\u00fchren dies drastisch vor Augen. Sonja Buckel und Jens Wissel diskutieren die Ergebnisse einer intensiven vierj\u00e4hrigen Forschungsarbeit am Institut f\u00fcr Sozialforschung. Ausgehend von aktuellen Debatten materialistischer Staatstheorie und kritischer Europaforschung wurden in dem Forschungsverbund die K\u00e4mpfe um europ\u00e4ische Migrationspolitik untersucht. Im Mittelpunkt standen dabei einerseits zentrale Projekte der EU (Blue Card, Frontex , Dublin-Verordnung, Unionsb\u00fcrgerschaft), andererseits Konflikte in Deutschland, Spanien und Gro\u00dfbritannien sowie auf europ\u00e4ischer Ebene. Die beiden Autor_innen werden veranschaulichen, vor welchen Schwierigkeiten die Forschungsarbeiten standen und wie ihre Studien den Hintergrund der aktuellen Konflikte beleuchten k\u00f6nnen.<\/p>\n<p><strong>Sonja Buckel<\/strong>, Dr. phil., ist Professorin f\u00fcr Politische Theorie an der Universit\u00e4t Kassel und assoziiertes Mitglied des Instituts f\u00fcr Sozialforschung. Sie studierte an der Goethe-Universit\u00e4t Frankfurt Politik- und Rechtswissenschaft und promovierte 2006 zur Rekonstruktion einer materialistischen Rechtstheorie. Sie ist Mitherausgeberin der Zeitschrift Kritische Justiz.<br>\n<strong>Jens Wissel<\/strong>, Dr. phil., ist Privatdozent am Fachbereich Gesellschaftswissenschaften der Universit\u00e4t Kassel und Gastwissenschaftler am Institut f\u00fcr Sozialforschung. Er studierte an der Goethe-Universit\u00e4t Frankfurt Politikwissenschaften sowie Soziologie und Philosophie und promovierte 2006 zur Transnationalisierung von Herrschaftsverh\u00e4ltnissen. Seine Habilitation \u00bbStaatsprojekt Europa &#8211; Grundz\u00fcge einer materialistischen Theorie der Europ\u00e4ischen Union\u00ab ist soeben als Buch erschienen.<\/p>\n<p>Aus dem am Institut f\u00fcr Sozialforschung von 2009\u20132013 durchgef\u00fchrten, von der DFG gef\u00f6rderten Forschungsprojekt zur Europ\u00e4ischen Migrationspolitik sind unter anderem die folgenden B\u00fccher hervorgegangen:<\/p>\n<figure id=\"attachment_512\" aria-describedby=\"caption-attachment-512\" style=\"width: 197px\" class=\"wp-caption alignleft\"><a href=\"http:\/\/autorenbuchhandlung-marx.de\/www\/wp-content\/uploads\/2015\/11\/migrationspolitik-e1447773031378.jpg\"><noscript><img class=\"wp-image-512 size-medium\" src=\"http:\/\/autorenbuchhandlung-marx.de\/www\/wp-content\/uploads\/2015\/11\/migrationspolitik-197x300.jpg\" alt=\"migrationspolitik\" width=\"197\" height=\"300\"><\/noscript><img class=\"wp-image-512 size-medium lazyload\" src=\"data:image\/svg+xml,%3Csvg%20xmlns%3D%22http%3A%2F%2Fwww.w3.org%2F2000%2Fsvg%22%20viewBox%3D%220%200%20197%20300%22%3E%3C%2Fsvg%3E\" alt=\"migrationspolitik\" width=\"197\" height=\"300\" data-src=\"http:\/\/autorenbuchhandlung-marx.de\/www\/wp-content\/uploads\/2015\/11\/migrationspolitik-197x300.jpg\"><\/a><figcaption id=\"caption-attachment-512\" class=\"wp-caption-text\">Forschungsgruppe \u00bbStaatsprojekt Europa\u00ab (Hg.): K\u00e4mpfe um Migrationspolitik. Theorie, Methoden und Analysen kritischer Europaforschung. Bielefeld: transcript 2014<\/figcaption><\/figure>\n<figure id=\"attachment_513\" aria-describedby=\"caption-attachment-513\" style=\"width: 197px\" class=\"wp-caption alignleft\"><a href=\"http:\/\/autorenbuchhandlung-marx.de\/www\/wp-content\/uploads\/2015\/11\/buckel-e1447773046592.jpg\"><noscript><img class=\"wp-image-513 size-medium\" src=\"http:\/\/autorenbuchhandlung-marx.de\/www\/wp-content\/uploads\/2015\/11\/buckel-197x300.jpg\" alt=\"buckel\" width=\"197\" height=\"300\"><\/noscript><img class=\"wp-image-513 size-medium lazyload\" src=\"data:image\/svg+xml,%3Csvg%20xmlns%3D%22http%3A%2F%2Fwww.w3.org%2F2000%2Fsvg%22%20viewBox%3D%220%200%20197%20300%22%3E%3C%2Fsvg%3E\" alt=\"buckel\" width=\"197\" height=\"300\" data-src=\"http:\/\/autorenbuchhandlung-marx.de\/www\/wp-content\/uploads\/2015\/11\/buckel-197x300.jpg\"><\/a><figcaption id=\"caption-attachment-513\" class=\"wp-caption-text\">Sonja Buckel: \u00bbWelcome to Europe\u00ab \u2013 Die Grenzen des europ\u00e4ischen Migrationsrechts. Bielefeld: transcript 2013<\/figcaption><\/figure>\n<figure id=\"attachment_515\" aria-describedby=\"caption-attachment-515\" style=\"width: 211px\" class=\"wp-caption alignleft\"><a href=\"http:\/\/autorenbuchhandlung-marx.de\/www\/wp-content\/uploads\/2015\/11\/wissel-e1447773115949.jpg\"><noscript><img class=\"wp-image-515 size-medium\" src=\"http:\/\/autorenbuchhandlung-marx.de\/www\/wp-content\/uploads\/2015\/11\/wissel-211x300.jpg\" alt=\"wissel\" width=\"211\" height=\"300\"><\/noscript><img class=\"wp-image-515 size-medium lazyload\" src=\"data:image\/svg+xml,%3Csvg%20xmlns%3D%22http%3A%2F%2Fwww.w3.org%2F2000%2Fsvg%22%20viewBox%3D%220%200%20211%20300%22%3E%3C%2Fsvg%3E\" alt=\"wissel\" width=\"211\" height=\"300\" data-src=\"http:\/\/autorenbuchhandlung-marx.de\/www\/wp-content\/uploads\/2015\/11\/wissel-211x300.jpg\"><\/a><figcaption id=\"caption-attachment-515\" class=\"wp-caption-text\">Jens Wissel: Staatsprojekt Europa. Grundz\u00fcge einer materialistischen Theorie der Europ\u00e4ischen Union. M\u00fcnster: Verlag Westf\u00e4lisches Dampfboot 2015<\/figcaption><\/figure>\n<p>&nbsp;<\/p>\n<p>&nbsp;<\/p>\n<p>&nbsp;<\/p>\n<div class=\"shariff shariff-align-flex-start shariff-widget-align-flex-start\" data-services=\"facebook%7Ctwitter\" data-url=\"https%3A%2F%2Fautorenbuchhandlung-marx.de%2Fwww%2Fkaempfe-um-europaeische-migrationspolitik-sonja-buckel-und-jens-wissel-im-gespraech%2F\" data-timestamp=\"1447780524\" data-backendurl=\"https:\/\/autorenbuchhandlung-marx.de\/www\/wp-json\/shariff\/v1\/share_counts?\"><ul class=\"shariff-buttons theme-round orientation-horizontal buttonsize-medium\"><li class=\"shariff-button facebook shariff-nocustomcolor\" style=\"background-color:#4273c8\"><a href=\"https:\/\/www.facebook.com\/sharer\/sharer.php?u=https%3A%2F%2Fautorenbuchhandlung-marx.de%2Fwww%2Fkaempfe-um-europaeische-migrationspolitik-sonja-buckel-und-jens-wissel-im-gespraech%2F\" title=\"Bei Facebook teilen\" aria-label=\"Bei Facebook teilen\" role=\"button\" rel=\"nofollow\" class=\"shariff-link\" style=\"; background-color:#3b5998; color:#fff\" target=\"_blank\"><span class=\"shariff-icon\" style><svg width=\"32px\" height=\"20px\" viewBox=\"0 0 18 32\"><path fill=\"#3b5998\" d=\"M17.1 0.2v4.7h-2.8q-1.5 0-2.1 0.6t-0.5 1.9v3.4h5.2l-0.7 5.3h-4.5v13.6h-5.5v-13.6h-4.5v-5.3h4.5v-3.9q0-3.3 1.9-5.2t5-1.8q2.6 0 4.1 0.2z\" \/><\/svg><\/span><\/a><\/li><li class=\"shariff-button twitter shariff-nocustomcolor\" style=\"background-color:#32bbf5\"><a href=\"https:\/\/twitter.com\/share?url=https%3A%2F%2Fautorenbuchhandlung-marx.de%2Fwww%2Fkaempfe-um-europaeische-migrationspolitik-sonja-buckel-und-jens-wissel-im-gespraech%2F&amp;text=K%C3%A4mpfe%20um%20europ%C3%A4ische%20Migrationspolitik%20%E2%80%93%20Sonja%20Buckel%20und%20Jens%20Wissel%20im%20Gespr%C3%A4ch\" title=\"Bei Twitter teilen\" aria-label=\"Bei Twitter teilen\" role=\"button\" rel=\"noopener nofollow\" class=\"shariff-link\" style=\"; background-color:#55acee; color:#fff\" target=\"_blank\"><span class=\"shariff-icon\" style><svg width=\"32px\" height=\"20px\" viewBox=\"0 0 30 32\"><path fill=\"#55acee\" d=\"M29.7 6.8q-1.2 1.8-3 3.1 0 0.3 0 0.8 0 2.5-0.7 4.9t-2.2 4.7-3.5 4-4.9 2.8-6.1 1q-5.1 0-9.3-2.7 0.6 0.1 1.5 0.1 4.3 0 7.6-2.6-2-0.1-3.5-1.2t-2.2-3q0.6 0.1 1.1 0.1 0.8 0 1.6-0.2-2.1-0.4-3.5-2.1t-1.4-3.9v-0.1q1.3 0.7 2.8 0.8-1.2-0.8-2-2.2t-0.7-2.9q0-1.7 0.8-3.1 2.3 2.8 5.5 4.5t7 1.9q-0.2-0.7-0.2-1.4 0-2.5 1.8-4.3t4.3-1.8q2.7 0 4.5 1.9 2.1-0.4 3.9-1.5-0.7 2.2-2.7 3.4 1.8-0.2 3.5-0.9z\" \/><\/svg><\/span><\/a><\/li><\/ul><\/div>","protected":false},"excerpt":{"rendered":"<p>Montag,\u00a030. November 2015, 20 Uhr Prismen \u2013 Institut f\u00fcr Sozialforschung bei Marx &amp; Co Die Europ\u00e4ische Union ist kein neuer Staat. Sie ist fragmentiert, umk\u00e4mpft, voll innerer Widerspr\u00fcche. In wenigen Politikfeldern wird dies so deutlich wie im Bereich des europ\u00e4ischen Grenzregimes. Die gegenw\u00e4rtigen Auseinandersetzungen um die Aufnahme von Fl\u00fcchtenden nach Europa f\u00fchren dies drastisch vor [&hellip;]<\/p>\n","protected":false},"author":1,"featured_media":0,"comment_status":"closed","ping_status":"closed","sticky":false,"template":"","format":"standard","meta":{"_links_to":"","_links_to_target":""},"categories":[1],"tags":[],"_links":{"self":[{"href":"https:\/\/autorenbuchhandlung-marx.de\/www\/wp-json\/wp\/v2\/posts\/511"}],"collection":[{"href":"https:\/\/autorenbuchhandlung-marx.de\/www\/wp-json\/wp\/v2\/posts"}],"about":[{"href":"https:\/\/autorenbuchhandlung-marx.de\/www\/wp-json\/wp\/v2\/types\/post"}],"author":[{"embeddable":true,"href":"https:\/\/autorenbuchhandlung-marx.de\/www\/wp-json\/wp\/v2\/users\/1"}],"replies":[{"embeddable":true,"href":"https:\/\/autorenbuchhandlung-marx.de\/www\/wp-json\/wp\/v2\/comments?post=511"}],"version-history":[{"count":1,"href":"https:\/\/autorenbuchhandlung-marx.de\/www\/wp-json\/wp\/v2\/posts\/511\/revisions"}],"predecessor-version":[{"id":516,"href":"https:\/\/autorenbuchhandlung-marx.de\/www\/wp-json\/wp\/v2\/posts\/511\/revisions\/516"}],"wp:attachment":[{"href":"https:\/\/autorenbuchhandlung-marx.de\/www\/wp-json\/wp\/v2\/media?parent=511"}],"wp:term":[{"taxonomy":"category","embeddable":true,"href":"https:\/\/autorenbuchhandlung-marx.de\/www\/wp-json\/wp\/v2\/categories?post=511"},{"taxonomy":"post_tag","embeddable":true,"href":"https:\/\/autorenbuchhandlung-marx.de\/www\/wp-json\/wp\/v2\/tags?post=511"}],"curies":[{"name":"wp","href":"https:\/\/api.w.org\/{rel}","templated":true}]}}