{"id":49,"date":"2010-03-20T00:38:55","date_gmt":"2010-03-19T22:38:55","guid":{"rendered":""},"modified":"2010-04-30T12:13:26","modified_gmt":"2010-04-30T10:13:26","slug":"49","status":"publish","type":"post","link":"https:\/\/autorenbuchhandlung-marx.de\/www\/49\/","title":{"rendered":"Hasenb\u00fccher &#8230; Hasenb\u00fccher &#8230; Hasenb\u00fccher"},"content":{"rendered":"<h2>Viele sch&ouml;ne Bilderb&uuml;cher gibt es zur Osterzeit. Eine Auswahl der sch&ouml;nsten (wie wir finden) empfehlen wir hier:<\/h2>\n<div align=\"right\">&nbsp;<\/div>\n<p><noscript><img height=\"187\" width=\"250\" src=\"http:\/\/tdb.carlsen.de\/carl2_resources\/uploads\/cover\/amazon\/9783551517159.jpg\" alt><\/noscript><img height=\"187\" width=\"250\" src=\"data:image\/svg+xml,%3Csvg%20xmlns%3D%22http%3A%2F%2Fwww.w3.org%2F2000%2Fsvg%22%20viewBox%3D%220%200%20250%20187%22%3E%3C%2Fsvg%3E\" alt data-src=\"http:\/\/tdb.carlsen.de\/carl2_resources\/uploads\/cover\/amazon\/9783551517159.jpg\" class=\" lazyload\"><noscript><img height=\"200\" width=\"200\" align=\"right\" alt src=\"http:\/\/vlb.bvdep.com\/image.asp?ISBN=978-3-935036-97-9\"><\/noscript><img height=\"200\" width=\"200\" align=\"right\" alt src=\"data:image\/svg+xml,%3Csvg%20xmlns%3D%22http%3A%2F%2Fwww.w3.org%2F2000%2Fsvg%22%20viewBox%3D%220%200%20200%20200%22%3E%3C%2Fsvg%3E\" data-src=\"http:\/\/vlb.bvdep.com\/image.asp?ISBN=978-3-935036-97-9\" class=\" lazyload\"><\/p>\n<h2>&nbsp;<\/h2>\n<h2>&nbsp;James Kr&uuml;ss: Der S&auml;ngerkrieg der Heidehasen<\/h2>\n<p><strong>Ab 4 Jahre H&ouml;rspiel mit Musik. Verlag: H&ouml;rcompany 2006 <\/strong><\/p>\n<p><strong>Das Bilderbuch, illustriert von Ole K&ouml;nnecke, ist 2009 im Carlsen Verlag erschienen.<\/strong><\/p>\n<p>\n&nbsp;<i>&bdquo;Jedes Jahr im warmen Sommer wird das Singen sehr publik \/ denn dann gibt&acute;s im Hasenreiche den ber&uuml;hmten S&auml;ngerkrieg. \/  Wer wird siegen, wer wird diesmal wohl der beste S&auml;nger sein? \/  Passt fein auf und spitzt die Ohren: gleich f&auml;llt die Trompete ein.&ldquo;<\/i><\/p>\n<p>Wie in jedem Jahr findet im Heidehasenreich ein S&auml;ngerwettstreit statt. Diesmal allerdings gibt es einen ganz besonderen Preis zu gewinnen: der beste S&auml;nger bekommt die Tochter von Lamprecht VII, dem K&ouml;nig der Hasen und Karnickel, zur Frau. Die besten Chancen hat Lodengr&uuml;n, ein junger Hase und begabter S&auml;nger. Doch einfach ist es nicht zu gewinnen. Wackelohr, der Direktor des Hasen-Musikvereins, will die Prinzessin auch, und das ist ihm einiges wert.<\/p>\n<p>Mit dem bestechlichen Minister f&uuml;r Hasengesang f&uuml;hrt er B&ouml;ses im Schilde &hellip; Dieses H&ouml;rspiel, eine Produktion des  Bayerischen Rundfunks aus dem Jahr 1952, ist Kult. Einmal geh&ouml;rt, wird man die wunderbare Arie aus Hoppelbergers Oper Hasenfr&uuml;hling  &bdquo;Nun ist der Schnee zerflossen \/ nun gibt es bald Salat&ldquo; nie mehr vergessen. Nat&uuml;rlich k&ouml;nnte man in diesem St&uuml;ck auch manche veritable Wagner-Parodie entdecken, allerdings geht es gar nicht darum, es ist musikalisch einfach ein gro&szlig;er Spa&szlig;, mit Klaus Hafenstein (M&uuml;nchner Lach- und Schie&szlig;gesellschaft) in der Rolle des Moritatens&auml;ngers und Franz Muxeneder als Lodengr&uuml;n. Das Ganze hat eindeutig Ohrwurmpotential und ist unbedingt wieder (mit oder ohne Kinder) an Ostern anzuh&ouml;ren! Wer die Geschichte nicht nur h&ouml;ren will, kann das Bilderbuch anschauen.<\/p>\n<p>Es ist 2009 im Carlsen Verlag erschienen. Ole K&ouml;nnecke &ndash; bekannt geworden durch seine witzigen, reduziert- comic&auml;hnlichen Zeichnungen, hat auch mit diesem Buch wieder einen kleinen Bilderbuchschatz geschaffen.  Die &Auml;sthetik erinnert an die Entstehungszeit von James Kr&uuml;ss&lsquo; S&auml;ngerkrieg und &ndash; wie es sich f&uuml;r ein richtig gutes Bilderbuch geh&ouml;rt &ndash; entdeckt man mit jedem Anschauen mehr von der eigenst&auml;ndigen Geschichte und skurrilen Komik, die in K&ouml;nneckes Illustration steckt.<\/p>\n<p><em>Claudia Biester<\/em>&nbsp;<\/p>\n<h2><noscript><img width=\"300\" alt src=\"http:\/\/vlb.bvdep.com\/image.asp?ISBN=978-3-7941-5237-7\"><\/noscript><img width=\"300\" alt src=\"data:image\/gif;base64,R0lGODlhAQABAIAAAAAAAP\/\/\/yH5BAEAAAAALAAAAAABAAEAAAIBRAA7\" data-src=\"http:\/\/vlb.bvdep.com\/image.asp?ISBN=978-3-7941-5237-7\" class=\" lazyload\"><\/h2>\n<h2>Emily Gravett: Das komische Ei<\/h2>\n<p><strong>Aus dem Englischen von Uwe-Michael Gutzschhahn Bilderbuch. Ab 3 Jahre. Verlag: Sauerl&auml;nder 2010<\/strong><\/p>\n<p>Alle V&ouml;gel haben ein Ei gelegt. Alle au&szlig;er Erpel. Doch Erpel findet ein Ei &#8211; das sch&ouml;nste der Welt! Die anderen V&ouml;gel sind da ganz anderer Meinung und erleben am Ende eine gro&szlig;e &Uuml;berraschung. &bdquo;Das komische Ei&ldquo; ist ein wundervolles Bilderbuch, das sich mit ausdrucksstarken Zeichnungen und kleinen Seitenhieben auf die Spie&szlig;b&uuml;rgerlichkeit von den vielen kitschigen Bilderb&uuml;chern zu Ostern abhebt.<\/p>\n<p><em>Silke Bexh&ouml;ft<\/em><\/p>\n<p><noscript><img height=\"200\" width=\"171\" alt src=\"http:\/\/vlb.bvdep.com\/image.asp?ISBN=978-3-7152-0602-8\"><\/noscript><img height=\"200\" width=\"171\" alt src=\"data:image\/svg+xml,%3Csvg%20xmlns%3D%22http%3A%2F%2Fwww.w3.org%2F2000%2Fsvg%22%20viewBox%3D%220%200%20171%20200%22%3E%3C%2Fsvg%3E\" data-src=\"http:\/\/vlb.bvdep.com\/image.asp?ISBN=978-3-7152-0602-8\" class=\" lazyload\"><\/p>\n<h2>Martina Mair: M&uuml;mmel sucht das Weite<\/h2>\n<p><strong>Bilderbuch. Ab 5 Jahre. Verlag: Atlantis 2010<\/strong><\/p>\n<p>Der Hase M&uuml;mmel hat viele Geschwister und die nerven ihn doch sehr. Er w&uuml;rde so gern in Ruhe seinen Gedanken nachh&auml;ngen und in sein Skizzenbuch zeichnen. Da er au&szlig;erdem neugierig auf die gro&szlig;e weite Welt ist, hat er schnell einen Plan gefasst: Er l&auml;sst den ganzen &quot;Kaninchenstall&quot; hinter sich und macht sich auf den Weg. Sein erstes Ziel ist sein Onkel Karl Karnickel, ein echter Sammler, der alles aufhebt, weil man es vielleicht noch mal gebrauchen kann. Dort gef&auml;llt es ihm gut, aber nachts schnarcht der Onkel so laut, dass sich M&uuml;mmels Schnauzhaare biegen. Da hilft nur weiterziehen. Er findet einen alten Hut und macht es sich bequem. Er streckt sich und genie&szlig;t die unendliche Stille, zeichnet, z&auml;hlt die Sterne &hellip;<\/p>\n<p>Ein bisschen langweilig wird das auf die Dauer schon, keiner zum Spielen da und die Familie weit weg. Am n&auml;chsten Morgen kommt der (betrunkene) Besitzer des Hutes vorbei und st&uuml;lpt ihn sich auf den Kopf. M&uuml;mmel ist erschrocken, aber dann froh &uuml;ber die neugewonnene Aussicht, wenn nur dieser schreckliche Hund an der Seite des Mannes nicht w&auml;re, der knurrt und fletscht die Z&auml;hne. Pl&ouml;tzlich sieht M&uuml;mmel seine heimatliche Wiese wieder, und ohne nachzudenken h&uuml;pft er vom Kopf und landet &ndash; na wo wohl: auf dem Hunder&uuml;cken. Reiten macht Spa&szlig;, und zum Gl&uuml;ck stellt sich der Hund als Kunstkenner heraus. Nachdem M&uuml;mmel ihm eine seiner Zeichnungen geschenkt hat, h&ouml;rt das Geknurre auf. Jetzt hat seine Familie ihn entdeckt und tr&auml;gt ihn im Triumphzug nach Hause. M&uuml;mmel hat viel zu erz&auml;hlen, und alle Hasen machen lange Ohren. Schlie&szlig;lich sagt M&uuml;mmel leise: Ich habe Euch so vermisst.<\/p>\n<p>Eine nette Geschichte &uuml;ber die schlichte Erkenntnis, dass manchmal ein bisschen Abstand n&ouml;tig ist, um zu sehen, was man an seiner Familie hat, auch wenn sie nervt. Das Ganze ist sch&ouml;n und liebevoll illustriert, ohne irgendwie  &bdquo;niedlich&ldquo; zu sein. Eine lese- und anschauenswerte Hasengeschichte ganz ohne Ostereier.<\/p>\n<p><em>Bettina Raue<\/em>&nbsp;<\/p>\n<h2><noscript><img height=\"200\" width=\"142\" alt src=\"http:\/\/vlb.bvdep.com\/image.asp?ISBN=978-3-7017-2066-8\"><\/noscript><img height=\"200\" width=\"142\" alt src=\"data:image\/svg+xml,%3Csvg%20xmlns%3D%22http%3A%2F%2Fwww.w3.org%2F2000%2Fsvg%22%20viewBox%3D%220%200%20142%20200%22%3E%3C%2Fsvg%3E\" data-src=\"http:\/\/vlb.bvdep.com\/image.asp?ISBN=978-3-7017-2066-8\" class=\" lazyload\"><\/h2>\n<h2>Majaleena Lembcke: Hasenlenz<\/h2>\n<p><strong>Illustration und grafische Gestaltung Verena Hochleitner Bilder- und Vorlesebuch. Ab 4 Jahre. Verlag: Residenz 2010<\/strong><\/p>\n<p>Ein buntes Buch, eine Einladung zum Anschauen und Vorlesen! Mit dem Betrachten kann es auch sofort losgehen, gleich auf dem Vorsatz sind zwei Schweine  auf einer Bank unter Fr&uuml;hlingsb&auml;umen abgebildet. Herr Schwein spielt Gitarre, Frau Schwein sitzt im gr&uuml;nen Tupfenkleid daneben, ihm sehr zugeneigt, die Pfoten im Scho&szlig; gefaltet. Ist das der Lenz? Oder ist es der Lenz, f&uuml;r den die  Amseln ein Nest bauen? Irgendetwas liegt in der Luft, sorgt daf&uuml;r, dass das Hasenkind Hassu laut rufen muss &bdquo;Ach was, die Sonne scheint&ldquo; (&hellip;) &bdquo;und ich bin so fr&ouml;hlich, dass ich r&uuml;ckw&auml;rts hoppeln k&ouml;nnte oder auf den Vorderpfoten laufen! Ich m&ouml;chte mit  dem Schwanz wedeln wie ein Hund, zwitschern wie ein Vogel und galoppieren wie ein Pferd.&ldquo;<\/p>\n<p>Seine Mutter meint, das mache der Lenz, und l&auml;sst ihr Kind mit dieser Erkl&auml;rung ratlos zur&uuml;ck. Neugierig macht sich der Kleine also auf die Suche nach der Antwort, was denn der Lenz sei. Er begegnet anderen Tieren, schlauen, dummen, griesgr&auml;migen ebenso wie scheuen und emsigen. &Uuml;berall das Gleiche: es liegt was in der Luft. Sein Vater will ihm schlie&szlig;lich erkl&auml;ren, was es mit dem Lenz auf sich hat, doch gerade in diesem Moment sieht Hassu das Wesen, von dem er in der Nacht getr&auml;umt hatte: &bdquo;Ein Hasenm&auml;dchen mit herrlich langen Ohren und einem entz&uuml;ckenden M&uuml;mmelmund.&ldquo;<\/p>\n<p>Ein pralles, sch&ouml;nes Spiel mit Farben, eine nette, fr&uuml;hlingsleichte Hasen-Geschichte zum Vorlesen, und zwischendurch gibt es in all den freundlich-lustigen Bildern immer mal  Ungew&ouml;hnliches zu Entdecken. Sehr nett!<\/p>\n<p><em>Claudia Biester<\/em>&nbsp;<\/p>\n<h2><noscript><img height=\"200\" width=\"152\" alt src=\"http:\/\/vlb.bvdep.com\/image.asp?ISBN=978-3-89565-195-3\"><\/noscript><img height=\"200\" width=\"152\" alt src=\"data:image\/svg+xml,%3Csvg%20xmlns%3D%22http%3A%2F%2Fwww.w3.org%2F2000%2Fsvg%22%20viewBox%3D%220%200%20152%20200%22%3E%3C%2Fsvg%3E\" data-src=\"http:\/\/vlb.bvdep.com\/image.asp?ISBN=978-3-89565-195-3\" class=\" lazyload\"><\/h2>\n<h2>Lida Dijkstra: Guck mal, wie niedlich!<\/h2>\n<p><strong>Aus dem Niederl&auml;ndischen von Barbara K&uuml;per Bilderbuch. Ab 3 Jahre. Moritz Verlag 2008<\/strong><\/p>\n<p>Ein Buch f&uuml;r alle, die eigentlich kein niedliches Hasenbuch mehr vorlesen wollen. Oder vielleicht doch? Niedlich ist Tobi, der kleine, weiche, wuschelige Hase jedenfalls, und genau das gef&auml;llt ihm gar nicht. Also besorgt er sich eine coole Sonnenbrille &ndash; doch das nutzt nichts. Auch ein Tattoo und ein Ring im Ohr bringen nichts. &bdquo;Was veranstaltet dieser niedliche Hase doch f&uuml;r ein Affentheater&ldquo;, sagen die anderen. Es ist doch frustrierend. Tobi im Ledermantel und mit Motorrad? Das reicht dann allerdings aus. Ausgerechnet Tine findet ihn ein Ekel.  Doch zum Gl&uuml;ck nicht f&uuml;r immer: Ratzfatz wirft Tobi alles weg, f&uuml;hlt sich richtig froh und kann jetzt auch wieder so sein, wie er eigentlich ist. Alles wird gut, Tobi zieht in Tines gro&szlig;e Hasenh&ouml;hle ein, dort gibt es viel Platz, und im n&auml;chsten Fr&uuml;hjahr kommen dann zw&ouml;lf kleine Hasenkinder dazu, weich, wuschelig und rotzfrech&hellip;<\/p>\n<p>Die Vorliebe der Illustratorin f&uuml;r harmlose, freche Sp&auml;&szlig;e am&uuml;siert beim Vorlesen, und der Moment, als Tine auf einer Giraffe sitzt und Tobi mit Blumenstrau&szlig; auf einem Zebra &uuml;ber die Blumenwiese angeritten kommt, ist so herzallerliebst gezeichnet, dass man eigentlich doch immer wieder kleine niedliche Hasengeschichten vorlesen m&ouml;chte.<\/p>\n<p><em>Claudia Biester<\/em>  <\/p>\n<p><b>Weitere Buchempfehlungen finden Sie bei <a href=\"http:\/\/www.kommbuch.com\">http:\/\/www.kommbuch.com<\/a><\/b><\/p>\n<p><b>  Bl&auml;ttern Sie, lassen Sie sich von der Vielfalt &uuml;berraschen!<\/b><\/p>\n<p>&nbsp;<\/p>\n<div class=\"shariff shariff-align-flex-start shariff-widget-align-flex-start\" data-services=\"facebook%7Ctwitter\" data-url=\"https%3A%2F%2Fautorenbuchhandlung-marx.de%2Fwww%2F49%2F\" data-timestamp=\"1272629606\" data-backendurl=\"https:\/\/autorenbuchhandlung-marx.de\/www\/wp-json\/shariff\/v1\/share_counts?\"><ul class=\"shariff-buttons theme-round orientation-horizontal buttonsize-medium\"><li class=\"shariff-button facebook shariff-nocustomcolor\" style=\"background-color:#4273c8\"><a href=\"https:\/\/www.facebook.com\/sharer\/sharer.php?u=https%3A%2F%2Fautorenbuchhandlung-marx.de%2Fwww%2F49%2F\" title=\"Bei Facebook teilen\" aria-label=\"Bei Facebook teilen\" role=\"button\" rel=\"nofollow\" class=\"shariff-link\" style=\"; background-color:#3b5998; color:#fff\" target=\"_blank\"><span class=\"shariff-icon\" style><svg width=\"32px\" height=\"20px\" viewBox=\"0 0 18 32\"><path fill=\"#3b5998\" d=\"M17.1 0.2v4.7h-2.8q-1.5 0-2.1 0.6t-0.5 1.9v3.4h5.2l-0.7 5.3h-4.5v13.6h-5.5v-13.6h-4.5v-5.3h4.5v-3.9q0-3.3 1.9-5.2t5-1.8q2.6 0 4.1 0.2z\" \/><\/svg><\/span><\/a><\/li><li class=\"shariff-button twitter shariff-nocustomcolor\" style=\"background-color:#32bbf5\"><a href=\"https:\/\/twitter.com\/share?url=https%3A%2F%2Fautorenbuchhandlung-marx.de%2Fwww%2F49%2F&amp;text=Hasenb%C3%BCcher%20%E2%80%A6%20Hasenb%C3%BCcher%20%E2%80%A6%20Hasenb%C3%BCcher\" title=\"Bei Twitter teilen\" aria-label=\"Bei Twitter teilen\" role=\"button\" rel=\"noopener nofollow\" class=\"shariff-link\" style=\"; background-color:#55acee; color:#fff\" target=\"_blank\"><span class=\"shariff-icon\" style><svg width=\"32px\" height=\"20px\" viewBox=\"0 0 30 32\"><path fill=\"#55acee\" d=\"M29.7 6.8q-1.2 1.8-3 3.1 0 0.3 0 0.8 0 2.5-0.7 4.9t-2.2 4.7-3.5 4-4.9 2.8-6.1 1q-5.1 0-9.3-2.7 0.6 0.1 1.5 0.1 4.3 0 7.6-2.6-2-0.1-3.5-1.2t-2.2-3q0.6 0.1 1.1 0.1 0.8 0 1.6-0.2-2.1-0.4-3.5-2.1t-1.4-3.9v-0.1q1.3 0.7 2.8 0.8-1.2-0.8-2-2.2t-0.7-2.9q0-1.7 0.8-3.1 2.3 2.8 5.5 4.5t7 1.9q-0.2-0.7-0.2-1.4 0-2.5 1.8-4.3t4.3-1.8q2.7 0 4.5 1.9 2.1-0.4 3.9-1.5-0.7 2.2-2.7 3.4 1.8-0.2 3.5-0.9z\" \/><\/svg><\/span><\/a><\/li><\/ul><\/div>","protected":false},"excerpt":{"rendered":"<h2>Viele sch&ouml;ne Bilderb&uuml;cher gibt es zur Osterzeit. Eine Auswahl der sch&ouml;nsten (wie wir finden) empfehlen wir hier:<\/h2>\n<div align=\"right\">&nbsp;<\/div>\n<p><img height=\"187\" width=\"250\" src=\"http:\/\/tdb.carlsen.de\/carl2_resources\/uploads\/cover\/amazon\/9783551517159.jpg\" alt=\"\" \/><img height=\"200\" width=\"200\" align=\"right\" alt=\"\" src=\"http:\/\/vlb.bvdep.com\/image.asp?ISBN=978-3-935036-97-9\" \/><\/p>\n<h2>&nbsp;<\/h2>\n<h2>&nbsp;James Kr&uuml;ss: Der S&auml;ngerkrieg der Heidehasen<\/h2>\n<p><strong>Ab 4 Jahre H&ouml;rspiel mit Musik. Verlag: H&ouml;rcompany 2006 <\/strong><\/p>\n<p><strong>Das Bilderbuch, illustriert von Ole K&ouml;nnecke, ist 2009 im Carlsen Verlag erschienen.<\/strong><\/p>\n<p>\n&nbsp;<i>&bdquo;Jedes Jahr im warmen Sommer wird das Singen sehr publik \/ denn dann gibt&acute;s im Hasenreiche den ber&uuml;hmten S&auml;ngerkrieg. \/  Wer wird siegen, wer wird diesmal wohl der beste S&auml;nger sein? \/  Passt fein auf und spitzt die Ohren: gleich f&auml;llt die Trompete ein.&ldquo;<\/i><\/p>\n<p>Wie in jedem Jahr findet im Heidehasenreich ein S&auml;ngerwettstreit statt. Diesmal allerdings gibt es einen ganz besonderen Preis zu gewinnen: der beste S&auml;nger bekommt die Tochter von Lamprecht VII, dem K&ouml;nig der Hasen und Karnickel, zur Frau. Die besten Chancen hat Lodengr&uuml;n, ein junger Hase und begabter S&auml;nger. Doch einfach ist es nicht zu gewinnen. Wackelohr, der Direktor des Hasen-Musikvereins, will die Prinzessin auch, und das ist ihm einiges wert.<\/p>\n<p>Mit dem bestechlichen Minister f&uuml;r Hasengesang f&uuml;hrt er B&ouml;ses im Schilde &hellip; Dieses H&ouml;rspiel, eine Produktion des  Bayerischen Rundfunks aus dem Jahr 1952, ist Kult. Einmal geh&ouml;rt, wird man die wunderbare Arie aus Hoppelbergers Oper Hasenfr&uuml;hling  &bdquo;Nun ist der Schnee zerflossen \/ nun gibt es bald Salat&ldquo; nie mehr vergessen. Nat&uuml;rlich k&ouml;nnte man in diesem St&uuml;ck auch manche veritable Wagner-Parodie entdecken, allerdings geht es gar nicht darum, es ist musikalisch einfach ein gro&szlig;er Spa&szlig;, mit Klaus Hafenstein (M&uuml;nchner Lach- und Schie&szlig;gesellschaft) in der Rolle des Moritatens&auml;ngers und Franz Muxeneder als Lodengr&uuml;n. Das Ganze hat eindeutig Ohrwurmpotential und ist unbedingt wieder (mit oder ohne Kinder) an Ostern anzuh&ouml;ren! Wer die Geschichte nicht nur h&ouml;ren will, kann das Bilderbuch anschauen.<\/p>\n<p>Es ist 2009 im Carlsen Verlag erschienen. Ole K&ouml;nnecke &ndash; bekannt geworden durch seine witzigen, reduziert- comic&auml;hnlichen Zeichnungen, hat auch mit diesem Buch wieder einen kleinen Bilderbuchschatz geschaffen.  Die &Auml;sthetik erinnert an die Entstehungszeit von James Kr&uuml;ss&lsquo; S&auml;ngerkrieg und &ndash; wie es sich f&uuml;r ein richtig gutes Bilderbuch geh&ouml;rt &ndash; entdeckt man mit jedem Anschauen mehr von der eigenst&auml;ndigen Geschichte und skurrilen Komik, die in K&ouml;nneckes Illustration steckt.<\/p>\n<p><em>Claudia Biester<\/em>&nbsp;<\/p>\n<h2><img width=\"300\" alt=\"\" src=\"http:\/\/vlb.bvdep.com\/image.asp?ISBN=978-3-7941-5237-7\" \/><\/h2>\n<h2>Emily Gravett: Das komische Ei<\/h2>\n<p><strong>Aus dem Englischen von Uwe-Michael Gutzschhahn Bilderbuch. Ab 3 Jahre. Verlag: Sauerl&auml;nder 2010<\/strong><\/p>\n<p>Alle V&ouml;gel haben ein Ei gelegt. Alle au&szlig;er Erpel. Doch Erpel findet ein Ei &#8211; das sch&ouml;nste der Welt! Die anderen V&ouml;gel sind da ganz anderer Meinung und erleben am Ende eine gro&szlig;e &Uuml;berraschung. &bdquo;Das komische Ei&ldquo; ist ein wundervolles Bilderbuch, das sich mit ausdrucksstarken Zeichnungen und kleinen Seitenhieben auf die Spie&szlig;b&uuml;rgerlichkeit von den vielen kitschigen Bilderb&uuml;chern zu Ostern abhebt.<\/p>\n<p><em>Silke Bexh&ouml;ft<\/em><\/p>\n<p><img height=\"200\" width=\"171\" alt=\"\" src=\"http:\/\/vlb.bvdep.com\/image.asp?ISBN=978-3-7152-0602-8\" \/><\/p>\n<h2>Martina Mair: M&uuml;mmel sucht das Weite<\/h2>\n<p><strong>Bilderbuch. Ab 5 Jahre. Verlag: Atlantis 2010<\/strong><\/p>\n<p>Der Hase M&uuml;mmel hat viele Geschwister und die nerven ihn doch sehr. Er w&uuml;rde so gern in Ruhe seinen Gedanken nachh&auml;ngen und in sein Skizzenbuch zeichnen. Da er au&szlig;erdem neugierig auf die gro&szlig;e weite Welt ist, hat er schnell einen Plan gefasst: Er l&auml;sst den ganzen &quot;Kaninchenstall&quot; hinter sich und macht sich auf den Weg. Sein erstes Ziel ist sein Onkel Karl Karnickel, ein echter Sammler, der alles aufhebt, weil man es vielleicht noch mal gebrauchen kann. Dort gef&auml;llt es ihm gut, aber nachts schnarcht der Onkel so laut, dass sich M&uuml;mmels Schnauzhaare biegen. Da hilft nur weiterziehen. Er findet einen alten Hut und macht es sich bequem. Er streckt sich und genie&szlig;t die unendliche Stille, zeichnet, z&auml;hlt die Sterne &hellip;<\/p>\n<p>Ein bisschen langweilig wird das auf die Dauer schon, keiner zum Spielen da und die Familie weit weg. Am n&auml;chsten Morgen kommt der (betrunkene) Besitzer des Hutes vorbei und st&uuml;lpt ihn sich auf den Kopf. M&uuml;mmel ist erschrocken, aber dann froh &uuml;ber die neugewonnene Aussicht, wenn nur dieser schreckliche Hund an der Seite des Mannes nicht w&auml;re, der knurrt und fletscht die Z&auml;hne. Pl&ouml;tzlich sieht M&uuml;mmel seine heimatliche Wiese wieder, und ohne nachzudenken h&uuml;pft er vom Kopf und landet &ndash; na wo wohl: auf dem Hunder&uuml;cken. Reiten macht Spa&szlig;, und zum Gl&uuml;ck stellt sich der Hund als Kunstkenner heraus. Nachdem M&uuml;mmel ihm eine seiner Zeichnungen geschenkt hat, h&ouml;rt das Geknurre auf. Jetzt hat seine Familie ihn entdeckt und tr&auml;gt ihn im Triumphzug nach Hause. M&uuml;mmel hat viel zu erz&auml;hlen, und alle Hasen machen lange Ohren. Schlie&szlig;lich sagt M&uuml;mmel leise: Ich habe Euch so vermisst.<\/p>\n<p>Eine nette Geschichte &uuml;ber die schlichte Erkenntnis, dass manchmal ein bisschen Abstand n&ouml;tig ist, um zu sehen, was man an seiner Familie hat, auch wenn sie nervt. Das Ganze ist sch&ouml;n und liebevoll illustriert, ohne irgendwie  &bdquo;niedlich&ldquo; zu sein. Eine lese- und anschauenswerte Hasengeschichte ganz ohne Ostereier.<\/p>\n<p><em>Bettina Raue<\/em>&nbsp;<\/p>\n<h2><img height=\"200\" width=\"142\" alt=\"\" src=\"http:\/\/vlb.bvdep.com\/image.asp?ISBN=978-3-7017-2066-8\" \/><\/h2>\n<h2>Majaleena Lembcke: Hasenlenz<\/h2>\n<p><strong>Illustration und grafische Gestaltung Verena Hochleitner Bilder- und Vorlesebuch. Ab 4 Jahre. Verlag: Residenz 2010<\/strong><\/p>\n<p>Ein buntes Buch, eine Einladung zum Anschauen und Vorlesen! Mit dem Betrachten kann es auch sofort losgehen, gleich auf dem Vorsatz sind zwei Schweine  auf einer Bank unter Fr&uuml;hlingsb&auml;umen abgebildet. Herr Schwein spielt Gitarre, Frau Schwein sitzt im gr&uuml;nen Tupfenkleid daneben, ihm sehr zugeneigt, die Pfoten im Scho&szlig; gefaltet. Ist das der Lenz? Oder ist es der Lenz, f&uuml;r den die  Amseln ein Nest bauen? Irgendetwas liegt in der Luft, sorgt daf&uuml;r, dass das Hasenkind Hassu laut rufen muss &bdquo;Ach was, die Sonne scheint&ldquo; (&hellip;) &bdquo;und ich bin so fr&ouml;hlich, dass ich r&uuml;ckw&auml;rts hoppeln k&ouml;nnte oder auf den Vorderpfoten laufen! Ich m&ouml;chte mit  dem Schwanz wedeln wie ein Hund, zwitschern wie ein Vogel und galoppieren wie ein Pferd.&ldquo;<\/p>\n<p>Seine Mutter meint, das mache der Lenz, und l&auml;sst ihr Kind mit dieser Erkl&auml;rung ratlos zur&uuml;ck. Neugierig macht sich der Kleine also auf die Suche nach der Antwort, was denn der Lenz sei. Er begegnet anderen Tieren, schlauen, dummen, griesgr&auml;migen ebenso wie scheuen und emsigen. &Uuml;berall das Gleiche: es liegt was in der Luft. Sein Vater will ihm schlie&szlig;lich erkl&auml;ren, was es mit dem Lenz auf sich hat, doch gerade in diesem Moment sieht Hassu das Wesen, von dem er in der Nacht getr&auml;umt hatte: &bdquo;Ein Hasenm&auml;dchen mit herrlich langen Ohren und einem entz&uuml;ckenden M&uuml;mmelmund.&ldquo;<\/p>\n<p>Ein pralles, sch&ouml;nes Spiel mit Farben, eine nette, fr&uuml;hlingsleichte Hasen-Geschichte zum Vorlesen, und zwischendurch gibt es in all den freundlich-lustigen Bildern immer mal  Ungew&ouml;hnliches zu Entdecken. Sehr nett!<\/p>\n<p><em>Claudia Biester<\/em>&nbsp;<\/p>\n<h2><img height=\"200\" width=\"152\" alt=\"\" src=\"http:\/\/vlb.bvdep.com\/image.asp?ISBN=978-3-89565-195-3\" \/><\/h2>\n<h2>Lida Dijkstra: Guck mal, wie niedlich!<\/h2>\n<p><strong>Aus dem Niederl&auml;ndischen von Barbara K&uuml;per Bilderbuch. Ab 3 Jahre. Moritz Verlag 2008<\/strong><\/p>\n<p>Ein Buch f&uuml;r alle, die eigentlich kein niedliches Hasenbuch mehr vorlesen wollen. Oder vielleicht doch? Niedlich ist Tobi, der kleine, weiche, wuschelige Hase jedenfalls, und genau das gef&auml;llt ihm gar nicht. Also besorgt er sich eine coole Sonnenbrille &ndash; doch das nutzt nichts. Auch ein Tattoo und ein Ring im Ohr bringen nichts. &bdquo;Was veranstaltet dieser niedliche Hase doch f&uuml;r ein Affentheater&ldquo;, sagen die anderen. Es ist doch frustrierend. Tobi im Ledermantel und mit Motorrad? Das reicht dann allerdings aus. Ausgerechnet Tine findet ihn ein Ekel.  Doch zum Gl&uuml;ck nicht f&uuml;r immer: Ratzfatz wirft Tobi alles weg, f&uuml;hlt sich richtig froh und kann jetzt auch wieder so sein, wie er eigentlich ist. Alles wird gut, Tobi zieht in Tines gro&szlig;e Hasenh&ouml;hle ein, dort gibt es viel Platz, und im n&auml;chsten Fr&uuml;hjahr kommen dann zw&ouml;lf kleine Hasenkinder dazu, weich, wuschelig und rotzfrech&hellip;<\/p>\n<p>Die Vorliebe der Illustratorin f&uuml;r harmlose, freche Sp&auml;&szlig;e am&uuml;siert beim Vorlesen, und der Moment, als Tine auf einer Giraffe sitzt und Tobi mit Blumenstrau&szlig; auf einem Zebra &uuml;ber die Blumenwiese angeritten kommt, ist so herzallerliebst gezeichnet, dass man eigentlich doch immer wieder kleine niedliche Hasengeschichten vorlesen m&ouml;chte.<\/p>\n<p><em>Claudia Biester<\/em>  <\/p>\n<p><b>Weitere Buchempfehlungen finden Sie bei <a href=\"http:\/\/www.kommbuch.com\">http:\/\/www.kommbuch.com<\/a><\/b><\/p>\n<p><b>  Bl&auml;ttern Sie, lassen Sie sich von der Vielfalt &uuml;berraschen!<\/b><\/p>\n<p>&nbsp;<\/p>\n","protected":false},"author":0,"featured_media":0,"comment_status":"open","ping_status":"open","sticky":false,"template":"","format":"standard","meta":{"_links_to":"","_links_to_target":""},"categories":[8],"tags":[],"_links":{"self":[{"href":"https:\/\/autorenbuchhandlung-marx.de\/www\/wp-json\/wp\/v2\/posts\/49"}],"collection":[{"href":"https:\/\/autorenbuchhandlung-marx.de\/www\/wp-json\/wp\/v2\/posts"}],"about":[{"href":"https:\/\/autorenbuchhandlung-marx.de\/www\/wp-json\/wp\/v2\/types\/post"}],"replies":[{"embeddable":true,"href":"https:\/\/autorenbuchhandlung-marx.de\/www\/wp-json\/wp\/v2\/comments?post=49"}],"version-history":[{"count":0,"href":"https:\/\/autorenbuchhandlung-marx.de\/www\/wp-json\/wp\/v2\/posts\/49\/revisions"}],"wp:attachment":[{"href":"https:\/\/autorenbuchhandlung-marx.de\/www\/wp-json\/wp\/v2\/media?parent=49"}],"wp:term":[{"taxonomy":"category","embeddable":true,"href":"https:\/\/autorenbuchhandlung-marx.de\/www\/wp-json\/wp\/v2\/categories?post=49"},{"taxonomy":"post_tag","embeddable":true,"href":"https:\/\/autorenbuchhandlung-marx.de\/www\/wp-json\/wp\/v2\/tags?post=49"}],"curies":[{"name":"wp","href":"https:\/\/api.w.org\/{rel}","templated":true}]}}