{"id":3775,"date":"2026-03-09T17:12:02","date_gmt":"2026-03-09T15:12:02","guid":{"rendered":"https:\/\/autorenbuchhandlung-marx.de\/www\/?p=3775"},"modified":"2026-04-15T12:42:31","modified_gmt":"2026-04-15T10:42:31","slug":"pressemitteilung-zum-ausschluss-dreier-buchlaeden-vom-buchhandlungspreis-im-maerz-2026","status":"publish","type":"post","link":"https:\/\/autorenbuchhandlung-marx.de\/www\/pressemitteilung-zum-ausschluss-dreier-buchlaeden-vom-buchhandlungspreis-im-maerz-2026\/","title":{"rendered":"Pressemitteilung zum Ausschluss dreier Buchl\u00e4den vom Buchhandlungspreis im M\u00e4rz 2026"},"content":{"rendered":"\n<p>9. M\u00e4rz 2026<\/p>\n\n\n\n<p class=\"has-text-align-left\">Die Frankfurter Buchhandlungen Autorenbuchhandlung Marx &amp; Co, Karl Marx Buchhandlung und Land in Sicht Buchladen verurteilen den Ausschluss dreier Buchhandlungen vom aktuellen Buchhandlungspreis und kritisieren das Verhalten von Kulturstaatsminister Weimer in einem gemeinsamen Statement.<\/p>\n\n\n\n<p class=\"has-text-align-left\"><br>Als Buchhandlungen haben wir es uns zum Ziel gesetzt, mit unserem Programm und unseren Veranstaltungen das kulturelle Angebot in Frankfurt am Main zu bereichern und f\u00fcr neue Perspektiven zu \u00f6ffnen. Wir wollen Literatur und Wissenschaft in all ihren Facetten f\u00fcr jede Person zug\u00e4nglich machen. Daf\u00fcr ist Haltung n\u00f6tig, auch und in vielen F\u00e4llen sogar besonders eine politische. Wir alle haben uns sehr dar\u00fcber gefreut, dieses Jahr mit dem Buchhandlungspreis ausgezeichnet worden zu sein. Dieser Ausdruck der Wertsch\u00e4tzung und das damit verbundene Preisgeld wird von uns, wie von den allermeisten unabh\u00e4ngigen Buchhandlungen, ben\u00f6tigt und genutzt, um gerade dieses Angebot zu wahren, um Zug\u00e4nge zu erm\u00f6glichen und gerade kleine Verlage und ihr vielf\u00e4ltiges Programm dem Publikum pr\u00e4sentieren zu k\u00f6nnen.<\/p>\n\n\n\n<p class=\"has-text-align-left\"><br>Umso irritierter sind wir, dass dieser Buchhandlungspreis drei Buchhandlungen, die diese Haltung teilen, denen wir in ihrer politischen und inhaltlichen Ausrichtung nahestehen, die wie unsere L\u00e4den als Kollektive gef\u00fchrt werden, nun aberkannt wird. Wir fordern mit Nachdruck, dass die beispiellose Entscheidung von einem unabh\u00e4ngigen Preisvergabeverfahren nachtr\u00e4glich auszuschlie\u00dfen, r\u00fcckg\u00e4ngig gemacht wird und dass die Vorg\u00e4nge die zu dieser Entscheidung gef\u00fchrt haben restlos aufgekl\u00e4rt werden. Und wir sind bereit unsere betroffenen Kolleg*innen in jedweder Hinsicht zu unterst\u00fctzen.<\/p>\n\n\n\n<p class=\"has-text-align-left\"><br>Unsere Kritik gilt dem Kulturstaatsminister Wolfram Weimer. Nicht nur weil er dem Votum der unabh\u00e4ngigen Jury in einer intransparenten Weise widerspricht, sondern vorallem weil er diesen Preis f\u00fcr ein ungeheures politisches Man\u00f6ver nutzt. Er macht deutlich, dass die Kriterien des Buchhandlungspreises nur sekund\u00e4r zu sein scheinen, dass die Durchsetzung einer politischen Linie \u00fcberwiegt. F\u00fcr die Durchsetzung dieser politischen Linie greift er sogar auf den Verfassungschutz zur\u00fcck. Damit stellt er unabh\u00e4ngige Buchhandlungen unter einen Generalverdacht, der sie in ihrem Engagement verunsichern soll und dieses Engagement auf lange Sicht verunm\u00f6glichen wird.<\/p>\n\n\n\n<p class=\"has-text-align-left\"><br>In Zeiten eines gesellschaftlichen Rechtsrucks Buchhandlungen unter Beschuss zu nehmen, die sich mit ihrem Sortiment, ihren Veranstaltungen und ihrer schieren Pr\u00e4senz antidemokratischen Kr\u00e4ften in den Weg stellen, kann nicht anders verstanden werden als eine Unterst\u00fctzung eines rechten Kulturkampfes. Die Entscheidung des Ministers zeigt mit welchen Herausforderungen wir uns als unabh\u00e4ngiger Buchhandel und in der Literaturlandschaft heute auseinandersetzen m\u00fcssen.<\/p>\n\n\n\n<p class=\"has-text-align-left\"><br>Wir werden mit unseren Buchhandlungen weiter f\u00fcr einen solidarischen und politisch engagierten Buchhandel einstehen und uns mit unserer t\u00e4glichen Arbeit daf\u00fcr einsetzen.<br><\/p>\n\n\n\n<p class=\"has-text-align-left\">Autorenbuchhandlung Marx &amp; Co<br>Karl Marx Buchhandlung<br>Land in Sicht Buchladen<\/p>\n\n\n\n<p class=\"has-text-align-left\"><\/p>\n<div class=\"shariff shariff-align-flex-start shariff-widget-align-flex-start\" data-services=\"facebook%7Ctwitter\" data-url=\"https%3A%2F%2Fautorenbuchhandlung-marx.de%2Fwww%2Fpressemitteilung-zum-ausschluss-dreier-buchlaeden-vom-buchhandlungspreis-im-maerz-2026%2F\" data-timestamp=\"1776256951\" data-backendurl=\"https:\/\/autorenbuchhandlung-marx.de\/www\/wp-json\/shariff\/v1\/share_counts?\"><ul class=\"shariff-buttons theme-round orientation-horizontal buttonsize-medium\"><li class=\"shariff-button facebook shariff-nocustomcolor\" style=\"background-color:#4273c8\"><a href=\"https:\/\/www.facebook.com\/sharer\/sharer.php?u=https%3A%2F%2Fautorenbuchhandlung-marx.de%2Fwww%2Fpressemitteilung-zum-ausschluss-dreier-buchlaeden-vom-buchhandlungspreis-im-maerz-2026%2F\" title=\"Bei Facebook teilen\" aria-label=\"Bei Facebook teilen\" role=\"button\" rel=\"nofollow\" class=\"shariff-link\" style=\"; background-color:#3b5998; color:#fff\" target=\"_blank\"><span class=\"shariff-icon\" style=\"\"><svg width=\"32px\" height=\"20px\" xmlns=\"http:\/\/www.w3.org\/2000\/svg\" viewBox=\"0 0 18 32\"><path fill=\"#3b5998\" d=\"M17.1 0.2v4.7h-2.8q-1.5 0-2.1 0.6t-0.5 1.9v3.4h5.2l-0.7 5.3h-4.5v13.6h-5.5v-13.6h-4.5v-5.3h4.5v-3.9q0-3.3 1.9-5.2t5-1.8q2.6 0 4.1 0.2z\"\/><\/svg><\/span><\/a><\/li><li class=\"shariff-button twitter shariff-nocustomcolor\" style=\"background-color:#32bbf5\"><a href=\"https:\/\/twitter.com\/share?url=https%3A%2F%2Fautorenbuchhandlung-marx.de%2Fwww%2Fpressemitteilung-zum-ausschluss-dreier-buchlaeden-vom-buchhandlungspreis-im-maerz-2026%2F&text=Pressemitteilung%20zum%20Ausschluss%20dreier%20Buchl%C3%A4den%20vom%20Buchhandlungspreis%20im%20M%C3%A4rz%202026\" title=\"Bei Twitter teilen\" aria-label=\"Bei Twitter teilen\" role=\"button\" rel=\"noopener nofollow\" class=\"shariff-link\" style=\"; background-color:#55acee; color:#fff\" target=\"_blank\"><span class=\"shariff-icon\" style=\"\"><svg width=\"32px\" height=\"20px\" xmlns=\"http:\/\/www.w3.org\/2000\/svg\" viewBox=\"0 0 30 32\"><path fill=\"#55acee\" d=\"M29.7 6.8q-1.2 1.8-3 3.1 0 0.3 0 0.8 0 2.5-0.7 4.9t-2.2 4.7-3.5 4-4.9 2.8-6.1 1q-5.1 0-9.3-2.7 0.6 0.1 1.5 0.1 4.3 0 7.6-2.6-2-0.1-3.5-1.2t-2.2-3q0.6 0.1 1.1 0.1 0.8 0 1.6-0.2-2.1-0.4-3.5-2.1t-1.4-3.9v-0.1q1.3 0.7 2.8 0.8-1.2-0.8-2-2.2t-0.7-2.9q0-1.7 0.8-3.1 2.3 2.8 5.5 4.5t7 1.9q-0.2-0.7-0.2-1.4 0-2.5 1.8-4.3t4.3-1.8q2.7 0 4.5 1.9 2.1-0.4 3.9-1.5-0.7 2.2-2.7 3.4 1.8-0.2 3.5-0.9z\"\/><\/svg><\/span><\/a><\/li><\/ul><\/div>","protected":false},"excerpt":{"rendered":"<p>9. M\u00e4rz 2026 Die Frankfurter Buchhandlungen Autorenbuchhandlung Marx &amp; Co, Karl Marx Buchhandlung und Land in Sicht Buchladen verurteilen den Ausschluss dreier Buchhandlungen vom aktuellen Buchhandlungspreis und kritisieren das Verhalten von Kulturstaatsminister Weimer in einem gemeinsamen Statement. Als Buchhandlungen haben wir es uns zum Ziel gesetzt, mit unserem Programm und unseren Veranstaltungen das kulturelle Angebot [&hellip;]<\/p>\n","protected":false},"author":2,"featured_media":0,"comment_status":"closed","ping_status":"closed","sticky":false,"template":"","format":"standard","meta":{"_links_to":"","_links_to_target":""},"categories":[2],"tags":[],"_links":{"self":[{"href":"https:\/\/autorenbuchhandlung-marx.de\/www\/wp-json\/wp\/v2\/posts\/3775"}],"collection":[{"href":"https:\/\/autorenbuchhandlung-marx.de\/www\/wp-json\/wp\/v2\/posts"}],"about":[{"href":"https:\/\/autorenbuchhandlung-marx.de\/www\/wp-json\/wp\/v2\/types\/post"}],"author":[{"embeddable":true,"href":"https:\/\/autorenbuchhandlung-marx.de\/www\/wp-json\/wp\/v2\/users\/2"}],"replies":[{"embeddable":true,"href":"https:\/\/autorenbuchhandlung-marx.de\/www\/wp-json\/wp\/v2\/comments?post=3775"}],"version-history":[{"count":1,"href":"https:\/\/autorenbuchhandlung-marx.de\/www\/wp-json\/wp\/v2\/posts\/3775\/revisions"}],"predecessor-version":[{"id":3776,"href":"https:\/\/autorenbuchhandlung-marx.de\/www\/wp-json\/wp\/v2\/posts\/3775\/revisions\/3776"}],"wp:attachment":[{"href":"https:\/\/autorenbuchhandlung-marx.de\/www\/wp-json\/wp\/v2\/media?parent=3775"}],"wp:term":[{"taxonomy":"category","embeddable":true,"href":"https:\/\/autorenbuchhandlung-marx.de\/www\/wp-json\/wp\/v2\/categories?post=3775"},{"taxonomy":"post_tag","embeddable":true,"href":"https:\/\/autorenbuchhandlung-marx.de\/www\/wp-json\/wp\/v2\/tags?post=3775"}],"curies":[{"name":"wp","href":"https:\/\/api.w.org\/{rel}","templated":true}]}}