{"id":37,"date":"2009-03-14T10:43:59","date_gmt":"2009-03-14T08:43:59","guid":{"rendered":""},"modified":"2013-08-02T15:27:13","modified_gmt":"2013-08-02T13:27:13","slug":"37","status":"publish","type":"post","link":"https:\/\/autorenbuchhandlung-marx.de\/www\/37\/","title":{"rendered":"Buchvorstellung. Joscha Schmierer. Keine Supermacht, nirgends. Den Westen neu erfinden"},"content":{"rendered":"<div>\n<div>Datum:<\/div>\n<div>\n<div>Donnerstag, 2. April 2009 &#8211; 20:00<\/div>\n<\/div>\n<\/div>\n<div><\/div>\n<div>\n<div>Eintritt:<\/div>\n<div>\n<div>frei<\/div>\n<div><\/div>\n<\/div>\n<\/div>\n<div>\n<div>\n<div><noscript><img title alt src=\"http:\/\/www.autorenbuchhandlung-marx.de\/files\/schmierer.jpg\" width=\"126\" height=\"200\"><\/noscript><img title alt src=\"data:image\/svg+xml,%3Csvg%20xmlns%3D%22http%3A%2F%2Fwww.w3.org%2F2000%2Fsvg%22%20viewBox%3D%220%200%20126%20200%22%3E%3C%2Fsvg%3E\" width=\"126\" height=\"200\" data-src=\"http:\/\/www.autorenbuchhandlung-marx.de\/files\/schmierer.jpg\" class=\" lazyload\"><\/div>\n<div><\/div>\n<\/div>\n<\/div>\n<div>\n<div>\n<div>\n<p><strong>Joscha Schmierer im Gespr\u00e4ch mit Daniel Cohn-Bendit<\/strong><\/p>\n<p>20 Jahre sind vergangen seit dem Ende des Kalten Krieges. Der Blockgegensatz, der dem Kalten Krieg zugrunde lag, hatte einer globalen Ordnung Struktur und Stabilit\u00e4t gegeben. Dieses Gleichgewicht in der Weltpolitik geriet aus den Fugen: Welche Rolle kann und soll Europa bei der Suche nach einer neuen Weltordnung spielen? Werden die Vereinigten Staaten als einzige Supermacht \u00fcbrig bleiben, und wie werden sie diese Funktion wahrnehmen? Werden sich andere Machtzentren entwickeln oder kann eine \u00fcbergeordnete Instanz wie die UNO die Hauptrolle \u00fcbernehmen? Joscha Schmierer analysiert die heutige weltpolitische Konstellation in ihrer Entstehung und ihren Grundz\u00fcgen. Er skizziert die Herausforderungen, vor die sich eine europ\u00e4ische Au\u00dfenpolitik gestellt sieht.<\/p>\n<p>&nbsp;<\/p>\n<\/div>\n<\/div>\n<\/div>\n<div>\n<div>\n<div><noscript><img title alt src=\"http:\/\/www.autorenbuchhandlung-marx.de\/files\/Schmierer_05.jpg\" width=\"200\" height=\"134\"><\/noscript><img title alt src=\"data:image\/svg+xml,%3Csvg%20xmlns%3D%22http%3A%2F%2Fwww.w3.org%2F2000%2Fsvg%22%20viewBox%3D%220%200%20200%20134%22%3E%3C%2Fsvg%3E\" width=\"200\" height=\"134\" data-src=\"http:\/\/www.autorenbuchhandlung-marx.de\/files\/Schmierer_05.jpg\" class=\" lazyload\"><\/div>\n<\/div>\n<\/div>\n<div>\n<div>\n<div><noscript><img title alt src=\"http:\/\/www.autorenbuchhandlung-marx.de\/files\/dcb_EuropeanParliament3_0.jpg\" width=\"200\" height=\"142\"><\/noscript><img title alt src=\"data:image\/svg+xml,%3Csvg%20xmlns%3D%22http%3A%2F%2Fwww.w3.org%2F2000%2Fsvg%22%20viewBox%3D%220%200%20200%20142%22%3E%3C%2Fsvg%3E\" width=\"200\" height=\"142\" data-src=\"http:\/\/www.autorenbuchhandlung-marx.de\/files\/dcb_EuropeanParliament3_0.jpg\" class=\" lazyload\"><\/div>\n<div><\/div>\n<\/div>\n<\/div>\n<div>\n<div>\n<div>\n<p><strong>Joscha Schmierer<\/strong>&nbsp;wurde 1942 in Stuttgart geboren. Er studierte Geschichte und Philosophie in T\u00fcbingen, Berlin und Heidelberg. Schmierer war 1968 Mitglied im Bundesvorstand des SDS und 1973 Mitbegr\u00fcnder des Kommunistischen Bundes Westdeutschlands, dem KBW. Von 1983 bis 1999 war er Redakteur der Monatszeitschrift Kommune und ver\u00f6ffentlichte B\u00fccher zur europ\u00e4ischen Einigung.&nbsp; 1999 bis 2007 arbeitete er f\u00fcr Joschka Fischer und dann f\u00fcr Frank-Walter Steinmeier im Planungsstab des Ausw\u00e4rtigen Amtes. Er publiziert regelm\u00e4\u00dfig zu Fragen der internationalen Politik.<\/p>\n<p><strong>Daniel Cohn-Bendit<\/strong>&nbsp;wurde 1945 in Montauban \/ Frankreich geboren, studierte in Frankreich Soziologie, war beim Pariser Mai 68 dabei, dann in Frankfurt in der Kinderladen-Bewegung aktiv. Er arbeitete in der Karl Marx Buchhandlung, beteiligte sich an der Gr\u00fcndung der Gruppe&nbsp; &#8222;Revolution\u00e4rer Kampf&#8220; und z\u00e4hlte mit Joschka Fischer zur Frankfurter Sponti-Szene, die mit Hausbesetzungen, Stra\u00dfenk\u00e4mpfen und der Agitation in Betrieben (Opel und Hoechst) die soziale Revolution erprobte. Seit 1978 war er verantwortlicher Redakteur und Herausgeber des Pflasterstrands. Seit 1984 ist er Mitglied bei den Gr\u00fcnen.<br>\nDaniel Cohn-Bendit ist Ko-Vorsitzender der Fraktion der Gr\u00fcnen\/Freie Europ\u00e4ische Allianz im Europ\u00e4ischen Parlament.<\/p>\n<\/div>\n<\/div>\n<\/div>\n<div class=\"shariff shariff-align-flex-start shariff-widget-align-flex-start\" data-services=\"facebook%7Ctwitter\" data-url=\"https%3A%2F%2Fautorenbuchhandlung-marx.de%2Fwww%2F37%2F\" data-timestamp=\"1375457233\" data-backendurl=\"https:\/\/autorenbuchhandlung-marx.de\/www\/wp-json\/shariff\/v1\/share_counts?\"><ul class=\"shariff-buttons theme-round orientation-horizontal buttonsize-medium\"><li class=\"shariff-button facebook shariff-nocustomcolor\" style=\"background-color:#4273c8\"><a href=\"https:\/\/www.facebook.com\/sharer\/sharer.php?u=https%3A%2F%2Fautorenbuchhandlung-marx.de%2Fwww%2F37%2F\" title=\"Bei Facebook teilen\" aria-label=\"Bei Facebook teilen\" role=\"button\" rel=\"nofollow\" class=\"shariff-link\" style=\"; background-color:#3b5998; color:#fff\" target=\"_blank\"><span class=\"shariff-icon\" style><svg width=\"32px\" height=\"20px\" viewBox=\"0 0 18 32\"><path fill=\"#3b5998\" d=\"M17.1 0.2v4.7h-2.8q-1.5 0-2.1 0.6t-0.5 1.9v3.4h5.2l-0.7 5.3h-4.5v13.6h-5.5v-13.6h-4.5v-5.3h4.5v-3.9q0-3.3 1.9-5.2t5-1.8q2.6 0 4.1 0.2z\" \/><\/svg><\/span><\/a><\/li><li class=\"shariff-button twitter shariff-nocustomcolor\" style=\"background-color:#32bbf5\"><a href=\"https:\/\/twitter.com\/share?url=https%3A%2F%2Fautorenbuchhandlung-marx.de%2Fwww%2F37%2F&amp;text=Buchvorstellung.%20Joscha%20Schmierer.%20Keine%20Supermacht%2C%20nirgends.%20Den%20Westen%20neu%20erfinden\" title=\"Bei Twitter teilen\" aria-label=\"Bei Twitter teilen\" role=\"button\" rel=\"noopener nofollow\" class=\"shariff-link\" style=\"; background-color:#55acee; color:#fff\" target=\"_blank\"><span class=\"shariff-icon\" style><svg width=\"32px\" height=\"20px\" viewBox=\"0 0 30 32\"><path fill=\"#55acee\" d=\"M29.7 6.8q-1.2 1.8-3 3.1 0 0.3 0 0.8 0 2.5-0.7 4.9t-2.2 4.7-3.5 4-4.9 2.8-6.1 1q-5.1 0-9.3-2.7 0.6 0.1 1.5 0.1 4.3 0 7.6-2.6-2-0.1-3.5-1.2t-2.2-3q0.6 0.1 1.1 0.1 0.8 0 1.6-0.2-2.1-0.4-3.5-2.1t-1.4-3.9v-0.1q1.3 0.7 2.8 0.8-1.2-0.8-2-2.2t-0.7-2.9q0-1.7 0.8-3.1 2.3 2.8 5.5 4.5t7 1.9q-0.2-0.7-0.2-1.4 0-2.5 1.8-4.3t4.3-1.8q2.7 0 4.5 1.9 2.1-0.4 3.9-1.5-0.7 2.2-2.7 3.4 1.8-0.2 3.5-0.9z\" \/><\/svg><\/span><\/a><\/li><\/ul><\/div>","protected":false},"excerpt":{"rendered":"<p>Datum: Donnerstag, 2. April 2009 &#8211; 20:00 Eintritt: frei Joscha Schmierer im Gespr\u00e4ch mit Daniel Cohn-Bendit 20 Jahre sind vergangen seit dem Ende des Kalten Krieges. Der Blockgegensatz, der dem Kalten Krieg zugrunde lag, hatte einer globalen Ordnung Struktur und Stabilit\u00e4t gegeben. Dieses Gleichgewicht in der Weltpolitik geriet aus den Fugen: Welche Rolle kann und [&hellip;]<\/p>\n","protected":false},"author":1,"featured_media":0,"comment_status":"open","ping_status":"open","sticky":false,"template":"","format":"standard","meta":{"_links_to":"","_links_to_target":""},"categories":[1],"tags":[],"_links":{"self":[{"href":"https:\/\/autorenbuchhandlung-marx.de\/www\/wp-json\/wp\/v2\/posts\/37"}],"collection":[{"href":"https:\/\/autorenbuchhandlung-marx.de\/www\/wp-json\/wp\/v2\/posts"}],"about":[{"href":"https:\/\/autorenbuchhandlung-marx.de\/www\/wp-json\/wp\/v2\/types\/post"}],"author":[{"embeddable":true,"href":"https:\/\/autorenbuchhandlung-marx.de\/www\/wp-json\/wp\/v2\/users\/1"}],"replies":[{"embeddable":true,"href":"https:\/\/autorenbuchhandlung-marx.de\/www\/wp-json\/wp\/v2\/comments?post=37"}],"version-history":[{"count":1,"href":"https:\/\/autorenbuchhandlung-marx.de\/www\/wp-json\/wp\/v2\/posts\/37\/revisions"}],"predecessor-version":[{"id":133,"href":"https:\/\/autorenbuchhandlung-marx.de\/www\/wp-json\/wp\/v2\/posts\/37\/revisions\/133"}],"wp:attachment":[{"href":"https:\/\/autorenbuchhandlung-marx.de\/www\/wp-json\/wp\/v2\/media?parent=37"}],"wp:term":[{"taxonomy":"category","embeddable":true,"href":"https:\/\/autorenbuchhandlung-marx.de\/www\/wp-json\/wp\/v2\/categories?post=37"},{"taxonomy":"post_tag","embeddable":true,"href":"https:\/\/autorenbuchhandlung-marx.de\/www\/wp-json\/wp\/v2\/tags?post=37"}],"curies":[{"name":"wp","href":"https:\/\/api.w.org\/{rel}","templated":true}]}}