{"id":36,"date":"2009-01-21T18:05:07","date_gmt":"2009-01-21T16:05:07","guid":{"rendered":""},"modified":"2013-08-02T15:26:33","modified_gmt":"2013-08-02T13:26:33","slug":"36","status":"publish","type":"post","link":"https:\/\/autorenbuchhandlung-marx.de\/www\/36\/","title":{"rendered":"Buchvorstellung. Gerd Koenen. Traumpfade der Weltrevolution. Das Guevara-Projekt."},"content":{"rendered":"<div>\n<div>Datum:<\/div>\n<div>\n<div>Montag, 16. Februar 2009 &#8211; 20:00<\/div>\n<\/div>\n<\/div>\n<div><\/div>\n<div>\n<div>Eintritt:<\/div>\n<div>\n<div>frei<\/div>\n<div><\/div>\n<\/div>\n<\/div>\n<div>\n<div>\n<div><noscript><img title alt src=\"http:\/\/www.autorenbuchhandlung-marx.de\/files\/traumpfade.jpg\" width=\"125\" height=\"198\"><\/noscript><img title alt src=\"data:image\/svg+xml,%3Csvg%20xmlns%3D%22http%3A%2F%2Fwww.w3.org%2F2000%2Fsvg%22%20viewBox%3D%220%200%20125%20198%22%3E%3C%2Fsvg%3E\" width=\"125\" height=\"198\" data-src=\"http:\/\/www.autorenbuchhandlung-marx.de\/files\/traumpfade.jpg\" class=\" lazyload\"><\/div>\n<\/div>\n<\/div>\n<div>\n<div>\n<div>\n<p><strong>Gerd Koenen im Gespr\u00e4ch mit Tom Koenigs<\/strong><\/p>\n<p>Von allen revolution\u00e4ren Mythen des roten Weltzeitalters hat nur die Figur des Che \u00fcberlebt \u2013 sch\u00f6n wie am letzten Tag. Dabei ist die eindimensionale Ikone, die man aus ihm gemacht hat und die inzwischen zum Accessoire eines beliebigen radical chic geworden ist, ungleich langweiliger als die reale historische Figur.<\/p>\n<p>Gerd Koenen hat nicht nur eine Doppel-Biographie des Ernesto \u201eChe\u201c Guevara,und seiner (ost)deutschen Undercoveragentin Tamara Bunke (\u201eTania\u201c) geschrieben, sondern zugleich eine kurze Geschichte der kubanischen Revolution und ihres L\u00edders Fidel Castro. \u201eTraumpfade der Weltrevolution\u201c beschreibt die Zeit der antikolonialen Befreiungsbewegungen, der atomaren Konfrontation zwischen Ost und West w\u00e4hrend der \u00bbKubakrise\u00ab, der Spaltung der kommunistischen Weltbewegung zwischen dem Sowjetblock und China. In diesem globalen Kontext stand das apokalyptische Weltkriegsunternehmen Guevaras (\u00bbSchafft zwei, drei, viele Vietnams\u00ab), das 1968 zum Fixstern einer westlichen Neuen Linken wurde.<\/p>\n<\/div>\n<\/div>\n<\/div>\n<div>\n<div>\n<div><noscript><img title alt src=\"http:\/\/www.autorenbuchhandlung-marx.de\/files\/koenen.gif\" width=\"125\" height=\"188\"><\/noscript><img title alt src=\"data:image\/svg+xml,%3Csvg%20xmlns%3D%22http%3A%2F%2Fwww.w3.org%2F2000%2Fsvg%22%20viewBox%3D%220%200%20125%20188%22%3E%3C%2Fsvg%3E\" width=\"125\" height=\"188\" data-src=\"http:\/\/www.autorenbuchhandlung-marx.de\/files\/koenen.gif\" class=\" lazyload\"><\/div>\n<\/div>\n<\/div>\n<div>\n<div>\n<div>\n<p>\u00a9 Maciej Rusinek<\/p>\n<p><strong>Gerd Koenen<\/strong>&nbsp;hat Geschichte und Politik studiert und dabei vom SDS 1967 bis zu den maoistischen Zirkeln und Parteiinitiativen der 70er Jahre das volle Programm des linksradikalen Aktivismus absolviert. Sp\u00e4ter hat er als Verlagslektor, Zeitschriftenredakteur, Journalist, wissenschaftlicher Mitarbeiter Lew Kopelews sowie als freier Schriftsteller gearbeitet. Seit April 2008 ist Gerd Koenen Fellow am FRIAS (Freiburg Institute for Advanced Studies &#8211; School of History).<\/p>\n<p><strong>Tom Koenigs<\/strong>&nbsp;studierte Betriebswirtschaft, war \u00bbRevolution\u00e4rer K\u00e4mpfer\u00ab, er schenkte 1973 sein Erbe dem Vietcong und chilenischen Widerstandsk\u00e4mpfern. Er kennt Lateinamerika (Chile, Nicaragua,Kolumbien), ist Gr\u00fcnen-Politiker und war der erste Gr\u00fcne Stadtk\u00e4mmerer in Frankfurt. Sp\u00e4ter war er f\u00fcr die Vereinten Nationen im Kosovo, in Guatemala und Afghanistan.<\/p>\n<\/div>\n<\/div>\n<\/div>\n<div class=\"shariff shariff-align-flex-start shariff-widget-align-flex-start\" data-services=\"facebook%7Ctwitter\" data-url=\"https%3A%2F%2Fautorenbuchhandlung-marx.de%2Fwww%2F36%2F\" data-timestamp=\"1375457193\" data-backendurl=\"https:\/\/autorenbuchhandlung-marx.de\/www\/wp-json\/shariff\/v1\/share_counts?\"><ul class=\"shariff-buttons theme-round orientation-horizontal buttonsize-medium\"><li class=\"shariff-button facebook shariff-nocustomcolor\" style=\"background-color:#4273c8\"><a href=\"https:\/\/www.facebook.com\/sharer\/sharer.php?u=https%3A%2F%2Fautorenbuchhandlung-marx.de%2Fwww%2F36%2F\" title=\"Bei Facebook teilen\" aria-label=\"Bei Facebook teilen\" role=\"button\" rel=\"nofollow\" class=\"shariff-link\" style=\"; background-color:#3b5998; color:#fff\" target=\"_blank\"><span class=\"shariff-icon\" style><svg width=\"32px\" height=\"20px\" viewBox=\"0 0 18 32\"><path fill=\"#3b5998\" d=\"M17.1 0.2v4.7h-2.8q-1.5 0-2.1 0.6t-0.5 1.9v3.4h5.2l-0.7 5.3h-4.5v13.6h-5.5v-13.6h-4.5v-5.3h4.5v-3.9q0-3.3 1.9-5.2t5-1.8q2.6 0 4.1 0.2z\" \/><\/svg><\/span><\/a><\/li><li class=\"shariff-button twitter shariff-nocustomcolor\" style=\"background-color:#32bbf5\"><a href=\"https:\/\/twitter.com\/share?url=https%3A%2F%2Fautorenbuchhandlung-marx.de%2Fwww%2F36%2F&amp;text=Buchvorstellung.%20Gerd%20Koenen.%20Traumpfade%20der%20Weltrevolution.%20Das%20Guevara-Projekt.\" title=\"Bei Twitter teilen\" aria-label=\"Bei Twitter teilen\" role=\"button\" rel=\"noopener nofollow\" class=\"shariff-link\" style=\"; background-color:#55acee; color:#fff\" target=\"_blank\"><span class=\"shariff-icon\" style><svg width=\"32px\" height=\"20px\" viewBox=\"0 0 30 32\"><path fill=\"#55acee\" d=\"M29.7 6.8q-1.2 1.8-3 3.1 0 0.3 0 0.8 0 2.5-0.7 4.9t-2.2 4.7-3.5 4-4.9 2.8-6.1 1q-5.1 0-9.3-2.7 0.6 0.1 1.5 0.1 4.3 0 7.6-2.6-2-0.1-3.5-1.2t-2.2-3q0.6 0.1 1.1 0.1 0.8 0 1.6-0.2-2.1-0.4-3.5-2.1t-1.4-3.9v-0.1q1.3 0.7 2.8 0.8-1.2-0.8-2-2.2t-0.7-2.9q0-1.7 0.8-3.1 2.3 2.8 5.5 4.5t7 1.9q-0.2-0.7-0.2-1.4 0-2.5 1.8-4.3t4.3-1.8q2.7 0 4.5 1.9 2.1-0.4 3.9-1.5-0.7 2.2-2.7 3.4 1.8-0.2 3.5-0.9z\" \/><\/svg><\/span><\/a><\/li><\/ul><\/div>","protected":false},"excerpt":{"rendered":"<p>Datum: Montag, 16. Februar 2009 &#8211; 20:00 Eintritt: frei Gerd Koenen im Gespr\u00e4ch mit Tom Koenigs Von allen revolution\u00e4ren Mythen des roten Weltzeitalters hat nur die Figur des Che \u00fcberlebt \u2013 sch\u00f6n wie am letzten Tag. Dabei ist die eindimensionale Ikone, die man aus ihm gemacht hat und die inzwischen zum Accessoire eines beliebigen radical [&hellip;]<\/p>\n","protected":false},"author":1,"featured_media":0,"comment_status":"open","ping_status":"open","sticky":false,"template":"","format":"standard","meta":{"_links_to":"","_links_to_target":""},"categories":[1],"tags":[],"_links":{"self":[{"href":"https:\/\/autorenbuchhandlung-marx.de\/www\/wp-json\/wp\/v2\/posts\/36"}],"collection":[{"href":"https:\/\/autorenbuchhandlung-marx.de\/www\/wp-json\/wp\/v2\/posts"}],"about":[{"href":"https:\/\/autorenbuchhandlung-marx.de\/www\/wp-json\/wp\/v2\/types\/post"}],"author":[{"embeddable":true,"href":"https:\/\/autorenbuchhandlung-marx.de\/www\/wp-json\/wp\/v2\/users\/1"}],"replies":[{"embeddable":true,"href":"https:\/\/autorenbuchhandlung-marx.de\/www\/wp-json\/wp\/v2\/comments?post=36"}],"version-history":[{"count":2,"href":"https:\/\/autorenbuchhandlung-marx.de\/www\/wp-json\/wp\/v2\/posts\/36\/revisions"}],"predecessor-version":[{"id":132,"href":"https:\/\/autorenbuchhandlung-marx.de\/www\/wp-json\/wp\/v2\/posts\/36\/revisions\/132"}],"wp:attachment":[{"href":"https:\/\/autorenbuchhandlung-marx.de\/www\/wp-json\/wp\/v2\/media?parent=36"}],"wp:term":[{"taxonomy":"category","embeddable":true,"href":"https:\/\/autorenbuchhandlung-marx.de\/www\/wp-json\/wp\/v2\/categories?post=36"},{"taxonomy":"post_tag","embeddable":true,"href":"https:\/\/autorenbuchhandlung-marx.de\/www\/wp-json\/wp\/v2\/tags?post=36"}],"curies":[{"name":"wp","href":"https:\/\/api.w.org\/{rel}","templated":true}]}}