{"id":35,"date":"2008-11-14T18:17:09","date_gmt":"2008-11-14T16:17:09","guid":{"rendered":""},"modified":"2013-08-02T15:27:55","modified_gmt":"2013-08-02T13:27:55","slug":"35","status":"publish","type":"post","link":"https:\/\/autorenbuchhandlung-marx.de\/www\/35\/","title":{"rendered":"Grenzf\u00e4lle. Fluchthilfe von den Dreissigerjahren bis heute. Lesung und Gespr\u00e4ch mit Ina Boesch und Felix Schneider"},"content":{"rendered":"<div>\n<div>Datum:<\/div>\n<div>\n<div>Donnerstag, 27. November 2008 &#8211; 20:00<\/div>\n<\/div>\n<\/div>\n<div><\/div>\n<div>\n<div>Eintritt:<\/div>\n<div>\n<div>frei<\/div>\n<div><\/div>\n<\/div>\n<\/div>\n<div>\n<div>\n<div><noscript><img title alt src=\"http:\/\/www.autorenbuchhandlung-marx.de\/files\/boesch.grenzfaelle.jpg\" width=\"129\" height=\"200\"><\/noscript><img title alt src=\"data:image\/svg+xml,%3Csvg%20xmlns%3D%22http%3A%2F%2Fwww.w3.org%2F2000%2Fsvg%22%20viewBox%3D%220%200%20129%20200%22%3E%3C%2Fsvg%3E\" width=\"129\" height=\"200\" data-src=\"http:\/\/www.autorenbuchhandlung-marx.de\/files\/boesch.grenzfaelle.jpg\" class=\" lazyload\"><\/div>\n<div><\/div>\n<\/div>\n<\/div>\n<div>\n<div>\n<div>\n<p>\u201eGrenzf\u00e4lle\u201c geht anhand von f\u00fcnf exemplarischen Lebensgeschichten dem Bedeutungswandel von Fluchthilfe in den letzten siebzig Jahren nach.<\/p>\n<p>Ina Boesch fragt nach den Beweggr\u00fcnden und Wertmasst\u00e4ben, die nicht kommerziell orientierte Fluchthelfer zu ihren riskanten illegalen Aktionen verleiten. Sie r\u00fcckt das meist verschwiegene Engagement ins Rampenlicht und begibt sich mit einigen couragierten Fluchthelferinnen und Fluchthelfern auf Spurensuche in Europa. So begleitet sie einen Holocaust-\u00dcberlebenden, der 1939 sein Leben aufs Spiel setzte und an der tschechisch-polnischen Grenze Fl\u00fcchtlingen den Weg \u201eunter Tag\u201c wies; oder sie trifft eine Spanierin, die heutzutage an der europ\u00e4isch-afrikanischen Grenze marokkanische Einwanderer vor der R\u00fcckschaffung sch\u00fctzt. \u201eGrenzf\u00e4lle\u201c ist ein \u00fcberraschender Beitrag zu einem aktuellen Thema.<\/p>\n<\/div>\n<\/div>\n<\/div>\n<div>\n<div>\n<div><noscript><img title alt src=\"http:\/\/www.autorenbuchhandlung-marx.de\/files\/boesch.gif\" width=\"120\" height=\"168\"><\/noscript><img title alt src=\"data:image\/svg+xml,%3Csvg%20xmlns%3D%22http%3A%2F%2Fwww.w3.org%2F2000%2Fsvg%22%20viewBox%3D%220%200%20120%20168%22%3E%3C%2Fsvg%3E\" width=\"120\" height=\"168\" data-src=\"http:\/\/www.autorenbuchhandlung-marx.de\/files\/boesch.gif\" class=\" lazyload\"><\/div>\n<\/div>\n<\/div>\n<div>\n<div>\n<div>\n<p><em>Foto: Pia Zanetti<\/em><\/p>\n<p><strong>Ina Boesch<\/strong>, geboren 1955 in Z\u00fcrich, studierte Ethnologie und Geschichte, arbeitete viele Jahre als Kulturredakteurin im Kulturprogramm von Schweizer Radio DRS, unterrichtete an Hochschulen und arbeitet heute als freischaffende Kulturjournalistin und Publizistin.<strong><\/strong><\/p>\n<p><strong>Felix Schneider<\/strong>, geboren 1948 in Basel, lebt in Frankfurt am Main und Basel undarbeitet als Redakteur im Kulturprogramm von Schweizer Radio DRS.<\/p>\n<\/div>\n<\/div>\n<\/div>\n<div class=\"shariff shariff-align-flex-start shariff-widget-align-flex-start\" data-services=\"facebook%7Ctwitter\" data-url=\"https%3A%2F%2Fautorenbuchhandlung-marx.de%2Fwww%2F35%2F\" data-timestamp=\"1375457275\" data-backendurl=\"https:\/\/autorenbuchhandlung-marx.de\/www\/wp-json\/shariff\/v1\/share_counts?\"><ul class=\"shariff-buttons theme-round orientation-horizontal buttonsize-medium\"><li class=\"shariff-button facebook shariff-nocustomcolor\" style=\"background-color:#4273c8\"><a href=\"https:\/\/www.facebook.com\/sharer\/sharer.php?u=https%3A%2F%2Fautorenbuchhandlung-marx.de%2Fwww%2F35%2F\" title=\"Bei Facebook teilen\" aria-label=\"Bei Facebook teilen\" role=\"button\" rel=\"nofollow\" class=\"shariff-link\" style=\"; background-color:#3b5998; color:#fff\" target=\"_blank\"><span class=\"shariff-icon\" style><svg width=\"32px\" height=\"20px\" viewBox=\"0 0 18 32\"><path fill=\"#3b5998\" d=\"M17.1 0.2v4.7h-2.8q-1.5 0-2.1 0.6t-0.5 1.9v3.4h5.2l-0.7 5.3h-4.5v13.6h-5.5v-13.6h-4.5v-5.3h4.5v-3.9q0-3.3 1.9-5.2t5-1.8q2.6 0 4.1 0.2z\" \/><\/svg><\/span><\/a><\/li><li class=\"shariff-button twitter shariff-nocustomcolor\" style=\"background-color:#32bbf5\"><a href=\"https:\/\/twitter.com\/share?url=https%3A%2F%2Fautorenbuchhandlung-marx.de%2Fwww%2F35%2F&amp;text=Grenzf%C3%A4lle.%20Fluchthilfe%20von%20den%20Dreissigerjahren%20bis%20heute.%20Lesung%20und%20Gespr%C3%A4ch%20mit%20Ina%20Boesch%20und%20Felix%20Schneider\" title=\"Bei Twitter teilen\" aria-label=\"Bei Twitter teilen\" role=\"button\" rel=\"noopener nofollow\" class=\"shariff-link\" style=\"; background-color:#55acee; color:#fff\" target=\"_blank\"><span class=\"shariff-icon\" style><svg width=\"32px\" height=\"20px\" viewBox=\"0 0 30 32\"><path fill=\"#55acee\" d=\"M29.7 6.8q-1.2 1.8-3 3.1 0 0.3 0 0.8 0 2.5-0.7 4.9t-2.2 4.7-3.5 4-4.9 2.8-6.1 1q-5.1 0-9.3-2.7 0.6 0.1 1.5 0.1 4.3 0 7.6-2.6-2-0.1-3.5-1.2t-2.2-3q0.6 0.1 1.1 0.1 0.8 0 1.6-0.2-2.1-0.4-3.5-2.1t-1.4-3.9v-0.1q1.3 0.7 2.8 0.8-1.2-0.8-2-2.2t-0.7-2.9q0-1.7 0.8-3.1 2.3 2.8 5.5 4.5t7 1.9q-0.2-0.7-0.2-1.4 0-2.5 1.8-4.3t4.3-1.8q2.7 0 4.5 1.9 2.1-0.4 3.9-1.5-0.7 2.2-2.7 3.4 1.8-0.2 3.5-0.9z\" \/><\/svg><\/span><\/a><\/li><\/ul><\/div>","protected":false},"excerpt":{"rendered":"<p>Datum: Donnerstag, 27. November 2008 &#8211; 20:00 Eintritt: frei \u201eGrenzf\u00e4lle\u201c geht anhand von f\u00fcnf exemplarischen Lebensgeschichten dem Bedeutungswandel von Fluchthilfe in den letzten siebzig Jahren nach. Ina Boesch fragt nach den Beweggr\u00fcnden und Wertmasst\u00e4ben, die nicht kommerziell orientierte Fluchthelfer zu ihren riskanten illegalen Aktionen verleiten. Sie r\u00fcckt das meist verschwiegene Engagement ins Rampenlicht und begibt [&hellip;]<\/p>\n","protected":false},"author":1,"featured_media":0,"comment_status":"open","ping_status":"open","sticky":false,"template":"","format":"standard","meta":{"_links_to":"","_links_to_target":""},"categories":[1],"tags":[],"_links":{"self":[{"href":"https:\/\/autorenbuchhandlung-marx.de\/www\/wp-json\/wp\/v2\/posts\/35"}],"collection":[{"href":"https:\/\/autorenbuchhandlung-marx.de\/www\/wp-json\/wp\/v2\/posts"}],"about":[{"href":"https:\/\/autorenbuchhandlung-marx.de\/www\/wp-json\/wp\/v2\/types\/post"}],"author":[{"embeddable":true,"href":"https:\/\/autorenbuchhandlung-marx.de\/www\/wp-json\/wp\/v2\/users\/1"}],"replies":[{"embeddable":true,"href":"https:\/\/autorenbuchhandlung-marx.de\/www\/wp-json\/wp\/v2\/comments?post=35"}],"version-history":[{"count":1,"href":"https:\/\/autorenbuchhandlung-marx.de\/www\/wp-json\/wp\/v2\/posts\/35\/revisions"}],"predecessor-version":[{"id":134,"href":"https:\/\/autorenbuchhandlung-marx.de\/www\/wp-json\/wp\/v2\/posts\/35\/revisions\/134"}],"wp:attachment":[{"href":"https:\/\/autorenbuchhandlung-marx.de\/www\/wp-json\/wp\/v2\/media?parent=35"}],"wp:term":[{"taxonomy":"category","embeddable":true,"href":"https:\/\/autorenbuchhandlung-marx.de\/www\/wp-json\/wp\/v2\/categories?post=35"},{"taxonomy":"post_tag","embeddable":true,"href":"https:\/\/autorenbuchhandlung-marx.de\/www\/wp-json\/wp\/v2\/tags?post=35"}],"curies":[{"name":"wp","href":"https:\/\/api.w.org\/{rel}","templated":true}]}}