{"id":3406,"date":"2024-11-01T09:20:00","date_gmt":"2024-11-01T07:20:00","guid":{"rendered":"https:\/\/autorenbuchhandlung-marx.de\/www\/?p=3406"},"modified":"2024-11-25T13:23:27","modified_gmt":"2024-11-25T11:23:27","slug":"3406-2","status":"publish","type":"post","link":"https:\/\/autorenbuchhandlung-marx.de\/www\/3406-2\/","title":{"rendered":""},"content":{"rendered":"<h1>Arbeit in der Kritischen Theorie<\/h1>\n\n\n\n<figure class=\"wp-block-image size-large is-resized\"><a href=\"https:\/\/autorenbuchhandlung-marx.de\/www\/wp-content\/uploads\/2024\/10\/Prismen-Plakat_5-scaled.jpg\"><noscript><img src=\"https:\/\/autorenbuchhandlung-marx.de\/www\/wp-content\/uploads\/2024\/10\/Prismen-Plakat_5-724x1024.jpg\" alt class=\"wp-image-3410\" width=\"324\" height=\"458\" srcset=\"https:\/\/autorenbuchhandlung-marx.de\/www\/wp-content\/uploads\/2024\/10\/Prismen-Plakat_5-724x1024.jpg 724w, https:\/\/autorenbuchhandlung-marx.de\/www\/wp-content\/uploads\/2024\/10\/Prismen-Plakat_5-212x300.jpg 212w, https:\/\/autorenbuchhandlung-marx.de\/www\/wp-content\/uploads\/2024\/10\/Prismen-Plakat_5-768x1086.jpg 768w, https:\/\/autorenbuchhandlung-marx.de\/www\/wp-content\/uploads\/2024\/10\/Prismen-Plakat_5-1086x1536.jpg 1086w, https:\/\/autorenbuchhandlung-marx.de\/www\/wp-content\/uploads\/2024\/10\/Prismen-Plakat_5-1448x2048.jpg 1448w, https:\/\/autorenbuchhandlung-marx.de\/www\/wp-content\/uploads\/2024\/10\/Prismen-Plakat_5-scaled.jpg 1810w\" sizes=\"(max-width: 324px) 100vw, 324px\"><\/noscript><img src=\"data:image\/svg+xml,%3Csvg%20xmlns%3D%22http%3A%2F%2Fwww.w3.org%2F2000%2Fsvg%22%20viewBox%3D%220%200%20324%20458%22%3E%3C%2Fsvg%3E\" alt class=\"wp-image-3410 lazyload\" width=\"324\" height=\"458\" srcset=\"data:image\/svg+xml,%3Csvg%20xmlns%3D%22http%3A%2F%2Fwww.w3.org%2F2000%2Fsvg%22%20viewBox%3D%220%200%20324%20458%22%3E%3C%2Fsvg%3E 324w\" sizes=\"(max-width: 324px) 100vw, 324px\" data-srcset=\"https:\/\/autorenbuchhandlung-marx.de\/www\/wp-content\/uploads\/2024\/10\/Prismen-Plakat_5-724x1024.jpg 724w, https:\/\/autorenbuchhandlung-marx.de\/www\/wp-content\/uploads\/2024\/10\/Prismen-Plakat_5-212x300.jpg 212w, https:\/\/autorenbuchhandlung-marx.de\/www\/wp-content\/uploads\/2024\/10\/Prismen-Plakat_5-768x1086.jpg 768w, https:\/\/autorenbuchhandlung-marx.de\/www\/wp-content\/uploads\/2024\/10\/Prismen-Plakat_5-1086x1536.jpg 1086w, https:\/\/autorenbuchhandlung-marx.de\/www\/wp-content\/uploads\/2024\/10\/Prismen-Plakat_5-1448x2048.jpg 1448w, https:\/\/autorenbuchhandlung-marx.de\/www\/wp-content\/uploads\/2024\/10\/Prismen-Plakat_5-scaled.jpg 1810w\" data-src=\"https:\/\/autorenbuchhandlung-marx.de\/www\/wp-content\/uploads\/2024\/10\/Prismen-Plakat_5-724x1024.jpg\"><\/a><\/figure>\n\n\n\n<p>Arbeit ist in der Theorie der Frankfurter Schule zugleich zentral und randst\u00e4ndig in ihrer Bedeutung: Zentral, da die Arbeiter:innenbewegung des 19. und fr\u00fchen 20. Jahrhunderts ihren Ausgangspunkt darstellt. Marginal, da die Autoren des Instituts f\u00fcr Sozialforschung Arbeit nicht ins Zentrum ihrer Theoriebildung stellten. Selbst dort, wo Theodor W. Adorno, Max Horkheimer oder Erich Fromm unmittelbar auf die Kritik der politischen \u00d6konomie von Karl Marx aufbauen, kommt es nicht zu einer systematischen Analyse von Arbeitsverh\u00e4ltnissen. Dennoch ist die kapitalistische Gesellschaft Gegenstand ihrer Analysen, und deren Umw\u00e4lzung Ziel ihrer Kritik. Damit haben sie heutigen sozialwissenschaftlichen, philosophischen oder feuilletonistischen Debatten um die Arbeitsgesellschaft etwas voraus.<br>Den Arbeitsbegriff der Kritischen Theorie rekonstruiert der Sammelband in kuratierten Beitr\u00e4gen, die sich der Arbeitsweise des Instituts, den Schriften der einzelnen Mitglieder und angrenzender kritischer Theoretiker und Theoretikerinnen widmen. Entlang der Konzepte Naturbeherrschung, Entfremdung und Verdinglichung lassen sich die Artikel, Essays und Interviews verkn\u00fcpfen zu einer Rekonstruktion kritischer Arbeitsforschung heute.<\/p>\n\n\n\n<p>Hintergrund des Gespr\u00e4chs bildet der von Philipp Lorig, Virginia Kimey Pfl\u00fccke und Martin Seeliger herausgegebene Sammelband <a href=\"https:\/\/www.mandelbaum.at\/buecher\/philipp-lorig-virginia-kimey-pfluecke-martin-seeliger-hg\/arbeit-in-der-kritischen-theorie\">Arbeit in der Kritischen Theorie. Zur Rekonstruktion eines Begriffs<\/a>, der 2024 im Mandelbaum Verlag erschienen ist.<\/p>\n\n\n\n<p><strong>Alexandra Ivanova<\/strong> ist Doktorandin am Institut f\u00fcr Soziologie an der Goethe-Universit\u00e4t Frankfurt a. M.<\/p>\n\n\n\n<p><strong>Virginia Kimey Pfl\u00fccke<\/strong> habililtiert am Lehrstuhl f\u00fcr Wirtschafts- und Arbeitssoziologie an der Brandenburgischen Technischen Universit\u00e4t in Cottbus.<\/p>\n\n\n\n<p><strong>Marcel Stoetzler <\/strong>ist Senior Lecturer f\u00fcr Soziologie an der Bangor University, UK, und Horkheimer Fellow am Institut f\u00fcr Sozialforschung.<\/p>\n\n\n\n<p><strong>Stephan Voswinkel <\/strong>ist Soziologe und Permanent Fellow am Institut f\u00fcr Sozialforschung.<\/p>\n<div class=\"shariff shariff-align-flex-start shariff-widget-align-flex-start\" data-services=\"facebook%7Ctwitter\" data-url=\"https%3A%2F%2Fautorenbuchhandlung-marx.de%2Fwww%2F3406-2%2F\" data-timestamp=\"1732541007\" data-backendurl=\"https:\/\/autorenbuchhandlung-marx.de\/www\/wp-json\/shariff\/v1\/share_counts?\"><ul class=\"shariff-buttons theme-round orientation-horizontal buttonsize-medium\"><li class=\"shariff-button facebook shariff-nocustomcolor\" style=\"background-color:#4273c8\"><a href=\"https:\/\/www.facebook.com\/sharer\/sharer.php?u=https%3A%2F%2Fautorenbuchhandlung-marx.de%2Fwww%2F3406-2%2F\" title=\"Bei Facebook teilen\" aria-label=\"Bei Facebook teilen\" role=\"button\" rel=\"nofollow\" class=\"shariff-link\" style=\"; background-color:#3b5998; color:#fff\" target=\"_blank\"><span class=\"shariff-icon\" style><svg width=\"32px\" height=\"20px\" viewBox=\"0 0 18 32\"><path fill=\"#3b5998\" d=\"M17.1 0.2v4.7h-2.8q-1.5 0-2.1 0.6t-0.5 1.9v3.4h5.2l-0.7 5.3h-4.5v13.6h-5.5v-13.6h-4.5v-5.3h4.5v-3.9q0-3.3 1.9-5.2t5-1.8q2.6 0 4.1 0.2z\" \/><\/svg><\/span><\/a><\/li><li class=\"shariff-button twitter shariff-nocustomcolor\" style=\"background-color:#32bbf5\"><a href=\"https:\/\/twitter.com\/share?url=https%3A%2F%2Fautorenbuchhandlung-marx.de%2Fwww%2F3406-2%2F&amp;text=\" title=\"Bei Twitter teilen\" aria-label=\"Bei Twitter teilen\" role=\"button\" rel=\"noopener nofollow\" class=\"shariff-link\" style=\"; background-color:#55acee; color:#fff\" target=\"_blank\"><span class=\"shariff-icon\" style><svg width=\"32px\" height=\"20px\" viewBox=\"0 0 30 32\"><path fill=\"#55acee\" d=\"M29.7 6.8q-1.2 1.8-3 3.1 0 0.3 0 0.8 0 2.5-0.7 4.9t-2.2 4.7-3.5 4-4.9 2.8-6.1 1q-5.1 0-9.3-2.7 0.6 0.1 1.5 0.1 4.3 0 7.6-2.6-2-0.1-3.5-1.2t-2.2-3q0.6 0.1 1.1 0.1 0.8 0 1.6-0.2-2.1-0.4-3.5-2.1t-1.4-3.9v-0.1q1.3 0.7 2.8 0.8-1.2-0.8-2-2.2t-0.7-2.9q0-1.7 0.8-3.1 2.3 2.8 5.5 4.5t7 1.9q-0.2-0.7-0.2-1.4 0-2.5 1.8-4.3t4.3-1.8q2.7 0 4.5 1.9 2.1-0.4 3.9-1.5-0.7 2.2-2.7 3.4 1.8-0.2 3.5-0.9z\" \/><\/svg><\/span><\/a><\/li><\/ul><\/div>","protected":false},"excerpt":{"rendered":"<p>Arbeit in der Kritischen Theorie Arbeit ist in der Theorie der Frankfurter Schule zugleich zentral und randst\u00e4ndig in ihrer Bedeutung: Zentral, da die Arbeiter:innenbewegung des 19. und fr\u00fchen 20. Jahrhunderts ihren Ausgangspunkt darstellt. Marginal, da die Autoren des Instituts f\u00fcr Sozialforschung Arbeit nicht ins Zentrum ihrer Theoriebildung stellten. Selbst dort, wo Theodor W. Adorno, Max [&hellip;]<\/p>\n","protected":false},"author":2,"featured_media":3408,"comment_status":"closed","ping_status":"closed","sticky":false,"template":"","format":"standard","meta":{"_links_to":"","_links_to_target":""},"categories":[1],"tags":[],"_links":{"self":[{"href":"https:\/\/autorenbuchhandlung-marx.de\/www\/wp-json\/wp\/v2\/posts\/3406"}],"collection":[{"href":"https:\/\/autorenbuchhandlung-marx.de\/www\/wp-json\/wp\/v2\/posts"}],"about":[{"href":"https:\/\/autorenbuchhandlung-marx.de\/www\/wp-json\/wp\/v2\/types\/post"}],"author":[{"embeddable":true,"href":"https:\/\/autorenbuchhandlung-marx.de\/www\/wp-json\/wp\/v2\/users\/2"}],"replies":[{"embeddable":true,"href":"https:\/\/autorenbuchhandlung-marx.de\/www\/wp-json\/wp\/v2\/comments?post=3406"}],"version-history":[{"count":5,"href":"https:\/\/autorenbuchhandlung-marx.de\/www\/wp-json\/wp\/v2\/posts\/3406\/revisions"}],"predecessor-version":[{"id":3413,"href":"https:\/\/autorenbuchhandlung-marx.de\/www\/wp-json\/wp\/v2\/posts\/3406\/revisions\/3413"}],"wp:featuredmedia":[{"embeddable":true,"href":"https:\/\/autorenbuchhandlung-marx.de\/www\/wp-json\/wp\/v2\/media\/3408"}],"wp:attachment":[{"href":"https:\/\/autorenbuchhandlung-marx.de\/www\/wp-json\/wp\/v2\/media?parent=3406"}],"wp:term":[{"taxonomy":"category","embeddable":true,"href":"https:\/\/autorenbuchhandlung-marx.de\/www\/wp-json\/wp\/v2\/categories?post=3406"},{"taxonomy":"post_tag","embeddable":true,"href":"https:\/\/autorenbuchhandlung-marx.de\/www\/wp-json\/wp\/v2\/tags?post=3406"}],"curies":[{"name":"wp","href":"https:\/\/api.w.org\/{rel}","templated":true}]}}