{"id":3380,"date":"2024-07-04T13:32:24","date_gmt":"2024-07-04T11:32:24","guid":{"rendered":"https:\/\/autorenbuchhandlung-marx.de\/www\/?p=3380"},"modified":"2024-07-04T13:32:26","modified_gmt":"2024-07-04T11:32:26","slug":"veranstaltungseinladung-der-neue-sozial-oekologische-klassenkonflikt","status":"publish","type":"post","link":"https:\/\/autorenbuchhandlung-marx.de\/www\/veranstaltungseinladung-der-neue-sozial-oekologische-klassenkonflikt\/","title":{"rendered":"Veranstaltungseinladung: Der neue sozial-\u00f6kologische Klassenkonflikt"},"content":{"rendered":"<figure class=\"wp-block-image size-large\"><a href=\"https:\/\/autorenbuchhandlung-marx.de\/www\/wp-content\/uploads\/2024\/07\/Einladung-Eversberg-scaled.jpg\"><noscript><img width=\"724\" height=\"1024\" src=\"https:\/\/autorenbuchhandlung-marx.de\/www\/wp-content\/uploads\/2024\/07\/Einladung-Eversberg-724x1024.jpg\" alt=\"Der neue sozial-\u00f6kologische Klassenkonflikt\n\nDennis Eversberg und Martin Fritz im Gespr\u00e4ch mit Birgit Bl\u00e4ttel-Mink\n\nMittwoch, 10. Juli 2024 um 20 Uhr\n\nWie l\u00e4sst sich angesichts der krisenhaften sozialen, politischen und \u00f6kologischen Herausforderungen der Gegenwart die gesellschaftliche Konfliktlage verstehen, aus der heraus der Aufstieg der AfD, die Bauernproteste oder der Streit um Klimaaktivismus hervorgeht? W\u00e4hrend die Klimakrise menschliche Lebensgrundlagen bedroht, sto\u00dfen die Ver\u00e4nderungen, die die Katastrophe begrenzen sollen, in westlichen L\u00e4ndern an harte Grenzen, wo und sobald sie einen Bruch mit gewohnten Lebensweisen und Freiheitsvorstellungen erfordern. Die Sichtweisen auf die sozial-\u00f6kologischen Transformationen sind disparat, das Streitpotenzial gro\u00df: So wurde etwa den Verkehrsblockaden im Zuge der Bauernproteste von weiten Teilen der Bev\u00f6lkerung Verst\u00e4ndnis entgegengebracht, jenen der Letzten Generation aber vehemente Ablehnung. \n\nDass dieser Polarisierung ein sozial-\u00f6kologischer Klassenkonflikt zugrunde liegt, ist die These, der Dennis Eversberg und Martin Fritz in ihrer Studie nachgehen. Sie identifizieren unterschiedliche Mentalit\u00e4tenund zeigen auf, wie kontr\u00e4r diese mitunter positioniert sind. Die Anschlussfragen sind weitreichend: Inwiefern wird soziale Ungleichheit bei den Transformationsprozessen zu wenig bedacht? Wird gerade diese Feststellung ihrerseits im Klassenkonflikt instrumentalisiert? Und welche politischen Folgerungen ergeben sich daraus? Dennis Eversberg und Martin Fritz diskutieren mit Brigit Bl\u00e4ttel-Mink die Fragen und Thesen des bei Campus erscheinenden Bandes.\n\" class=\"wp-image-3381\" srcset=\"https:\/\/autorenbuchhandlung-marx.de\/www\/wp-content\/uploads\/2024\/07\/Einladung-Eversberg-724x1024.jpg 724w, https:\/\/autorenbuchhandlung-marx.de\/www\/wp-content\/uploads\/2024\/07\/Einladung-Eversberg-212x300.jpg 212w, https:\/\/autorenbuchhandlung-marx.de\/www\/wp-content\/uploads\/2024\/07\/Einladung-Eversberg-768x1086.jpg 768w, https:\/\/autorenbuchhandlung-marx.de\/www\/wp-content\/uploads\/2024\/07\/Einladung-Eversberg-1086x1536.jpg 1086w, https:\/\/autorenbuchhandlung-marx.de\/www\/wp-content\/uploads\/2024\/07\/Einladung-Eversberg-1448x2048.jpg 1448w, https:\/\/autorenbuchhandlung-marx.de\/www\/wp-content\/uploads\/2024\/07\/Einladung-Eversberg-scaled.jpg 1811w\" sizes=\"(max-width: 724px) 100vw, 724px\"><\/noscript><img width=\"724\" height=\"1024\" src=\"data:image\/svg+xml,%3Csvg%20xmlns%3D%22http%3A%2F%2Fwww.w3.org%2F2000%2Fsvg%22%20viewBox%3D%220%200%20724%201024%22%3E%3C%2Fsvg%3E\" alt=\"Der neue sozial-\u00f6kologische Klassenkonflikt\n\nDennis Eversberg und Martin Fritz im Gespr\u00e4ch mit Birgit Bl\u00e4ttel-Mink\n\nMittwoch, 10. Juli 2024 um 20 Uhr\n\nWie l\u00e4sst sich angesichts der krisenhaften sozialen, politischen und \u00f6kologischen Herausforderungen der Gegenwart die gesellschaftliche Konfliktlage verstehen, aus der heraus der Aufstieg der AfD, die Bauernproteste oder der Streit um Klimaaktivismus hervorgeht? W\u00e4hrend die Klimakrise menschliche Lebensgrundlagen bedroht, sto\u00dfen die Ver\u00e4nderungen, die die Katastrophe begrenzen sollen, in westlichen L\u00e4ndern an harte Grenzen, wo und sobald sie einen Bruch mit gewohnten Lebensweisen und Freiheitsvorstellungen erfordern. Die Sichtweisen auf die sozial-\u00f6kologischen Transformationen sind disparat, das Streitpotenzial gro\u00df: So wurde etwa den Verkehrsblockaden im Zuge der Bauernproteste von weiten Teilen der Bev\u00f6lkerung Verst\u00e4ndnis entgegengebracht, jenen der Letzten Generation aber vehemente Ablehnung. \n\nDass dieser Polarisierung ein sozial-\u00f6kologischer Klassenkonflikt zugrunde liegt, ist die These, der Dennis Eversberg und Martin Fritz in ihrer Studie nachgehen. Sie identifizieren unterschiedliche Mentalit\u00e4tenund zeigen auf, wie kontr\u00e4r diese mitunter positioniert sind. Die Anschlussfragen sind weitreichend: Inwiefern wird soziale Ungleichheit bei den Transformationsprozessen zu wenig bedacht? Wird gerade diese Feststellung ihrerseits im Klassenkonflikt instrumentalisiert? Und welche politischen Folgerungen ergeben sich daraus? Dennis Eversberg und Martin Fritz diskutieren mit Brigit Bl\u00e4ttel-Mink die Fragen und Thesen des bei Campus erscheinenden Bandes.\n\" class=\"wp-image-3381 lazyload\" srcset=\"data:image\/svg+xml,%3Csvg%20xmlns%3D%22http%3A%2F%2Fwww.w3.org%2F2000%2Fsvg%22%20viewBox%3D%220%200%20724%201024%22%3E%3C%2Fsvg%3E 724w\" sizes=\"(max-width: 724px) 100vw, 724px\" data-srcset=\"https:\/\/autorenbuchhandlung-marx.de\/www\/wp-content\/uploads\/2024\/07\/Einladung-Eversberg-724x1024.jpg 724w, https:\/\/autorenbuchhandlung-marx.de\/www\/wp-content\/uploads\/2024\/07\/Einladung-Eversberg-212x300.jpg 212w, https:\/\/autorenbuchhandlung-marx.de\/www\/wp-content\/uploads\/2024\/07\/Einladung-Eversberg-768x1086.jpg 768w, https:\/\/autorenbuchhandlung-marx.de\/www\/wp-content\/uploads\/2024\/07\/Einladung-Eversberg-1086x1536.jpg 1086w, https:\/\/autorenbuchhandlung-marx.de\/www\/wp-content\/uploads\/2024\/07\/Einladung-Eversberg-1448x2048.jpg 1448w, https:\/\/autorenbuchhandlung-marx.de\/www\/wp-content\/uploads\/2024\/07\/Einladung-Eversberg-scaled.jpg 1811w\" data-src=\"https:\/\/autorenbuchhandlung-marx.de\/www\/wp-content\/uploads\/2024\/07\/Einladung-Eversberg-724x1024.jpg\"><\/a><\/figure>\n<div class=\"shariff shariff-align-flex-start shariff-widget-align-flex-start\" data-services=\"facebook%7Ctwitter\" data-url=\"https%3A%2F%2Fautorenbuchhandlung-marx.de%2Fwww%2Fveranstaltungseinladung-der-neue-sozial-oekologische-klassenkonflikt%2F\" data-timestamp=\"1720099946\" data-backendurl=\"https:\/\/autorenbuchhandlung-marx.de\/www\/wp-json\/shariff\/v1\/share_counts?\"><ul class=\"shariff-buttons theme-round orientation-horizontal buttonsize-medium\"><li class=\"shariff-button facebook shariff-nocustomcolor\" style=\"background-color:#4273c8\"><a href=\"https:\/\/www.facebook.com\/sharer\/sharer.php?u=https%3A%2F%2Fautorenbuchhandlung-marx.de%2Fwww%2Fveranstaltungseinladung-der-neue-sozial-oekologische-klassenkonflikt%2F\" title=\"Bei Facebook teilen\" aria-label=\"Bei Facebook teilen\" role=\"button\" rel=\"nofollow\" class=\"shariff-link\" style=\"; background-color:#3b5998; color:#fff\" target=\"_blank\"><span class=\"shariff-icon\" style><svg width=\"32px\" height=\"20px\" viewBox=\"0 0 18 32\"><path fill=\"#3b5998\" d=\"M17.1 0.2v4.7h-2.8q-1.5 0-2.1 0.6t-0.5 1.9v3.4h5.2l-0.7 5.3h-4.5v13.6h-5.5v-13.6h-4.5v-5.3h4.5v-3.9q0-3.3 1.9-5.2t5-1.8q2.6 0 4.1 0.2z\" \/><\/svg><\/span><\/a><\/li><li class=\"shariff-button twitter shariff-nocustomcolor\" style=\"background-color:#32bbf5\"><a href=\"https:\/\/twitter.com\/share?url=https%3A%2F%2Fautorenbuchhandlung-marx.de%2Fwww%2Fveranstaltungseinladung-der-neue-sozial-oekologische-klassenkonflikt%2F&amp;text=Veranstaltungseinladung%3A%20Der%20neue%20sozial-%C3%B6kologische%20Klassenkonflikt\" title=\"Bei Twitter teilen\" aria-label=\"Bei Twitter teilen\" role=\"button\" rel=\"noopener nofollow\" class=\"shariff-link\" style=\"; background-color:#55acee; color:#fff\" target=\"_blank\"><span class=\"shariff-icon\" style><svg width=\"32px\" height=\"20px\" viewBox=\"0 0 30 32\"><path fill=\"#55acee\" d=\"M29.7 6.8q-1.2 1.8-3 3.1 0 0.3 0 0.8 0 2.5-0.7 4.9t-2.2 4.7-3.5 4-4.9 2.8-6.1 1q-5.1 0-9.3-2.7 0.6 0.1 1.5 0.1 4.3 0 7.6-2.6-2-0.1-3.5-1.2t-2.2-3q0.6 0.1 1.1 0.1 0.8 0 1.6-0.2-2.1-0.4-3.5-2.1t-1.4-3.9v-0.1q1.3 0.7 2.8 0.8-1.2-0.8-2-2.2t-0.7-2.9q0-1.7 0.8-3.1 2.3 2.8 5.5 4.5t7 1.9q-0.2-0.7-0.2-1.4 0-2.5 1.8-4.3t4.3-1.8q2.7 0 4.5 1.9 2.1-0.4 3.9-1.5-0.7 2.2-2.7 3.4 1.8-0.2 3.5-0.9z\" \/><\/svg><\/span><\/a><\/li><\/ul><\/div>","protected":false},"excerpt":{"rendered":"","protected":false},"author":2,"featured_media":0,"comment_status":"closed","ping_status":"closed","sticky":false,"template":"","format":"standard","meta":{"_links_to":"","_links_to_target":""},"categories":[1],"tags":[],"_links":{"self":[{"href":"https:\/\/autorenbuchhandlung-marx.de\/www\/wp-json\/wp\/v2\/posts\/3380"}],"collection":[{"href":"https:\/\/autorenbuchhandlung-marx.de\/www\/wp-json\/wp\/v2\/posts"}],"about":[{"href":"https:\/\/autorenbuchhandlung-marx.de\/www\/wp-json\/wp\/v2\/types\/post"}],"author":[{"embeddable":true,"href":"https:\/\/autorenbuchhandlung-marx.de\/www\/wp-json\/wp\/v2\/users\/2"}],"replies":[{"embeddable":true,"href":"https:\/\/autorenbuchhandlung-marx.de\/www\/wp-json\/wp\/v2\/comments?post=3380"}],"version-history":[{"count":1,"href":"https:\/\/autorenbuchhandlung-marx.de\/www\/wp-json\/wp\/v2\/posts\/3380\/revisions"}],"predecessor-version":[{"id":3382,"href":"https:\/\/autorenbuchhandlung-marx.de\/www\/wp-json\/wp\/v2\/posts\/3380\/revisions\/3382"}],"wp:attachment":[{"href":"https:\/\/autorenbuchhandlung-marx.de\/www\/wp-json\/wp\/v2\/media?parent=3380"}],"wp:term":[{"taxonomy":"category","embeddable":true,"href":"https:\/\/autorenbuchhandlung-marx.de\/www\/wp-json\/wp\/v2\/categories?post=3380"},{"taxonomy":"post_tag","embeddable":true,"href":"https:\/\/autorenbuchhandlung-marx.de\/www\/wp-json\/wp\/v2\/tags?post=3380"}],"curies":[{"name":"wp","href":"https:\/\/api.w.org\/{rel}","templated":true}]}}