{"id":3347,"date":"2024-04-08T13:58:14","date_gmt":"2024-04-08T11:58:14","guid":{"rendered":"https:\/\/autorenbuchhandlung-marx.de\/www\/?p=3347"},"modified":"2024-04-12T16:34:02","modified_gmt":"2024-04-12T14:34:02","slug":"22-april-2024-buchvorstellung-gesellschaften-unter-handlungszwang","status":"publish","type":"post","link":"https:\/\/autorenbuchhandlung-marx.de\/www\/22-april-2024-buchvorstellung-gesellschaften-unter-handlungszwang\/","title":{"rendered":"22. April 2024 Buchvorstellung: Gesellschaften unter Handlungszwang"},"content":{"rendered":"<div class=\"wp-block-image\">\n<figure class=\"aligncenter size-full\"><a href=\"https:\/\/autorenbuchhandlung-marx.de\/www\/wp-content\/uploads\/2024\/04\/Plakat-Prismen-Lessenich-Scheffer-b382af2f.jpg\"><noscript><img width=\"354\" height=\"502\" src=\"https:\/\/autorenbuchhandlung-marx.de\/www\/wp-content\/uploads\/2024\/04\/Plakat-Prismen-Lessenich-Scheffer-b382af2f.jpg\" alt class=\"wp-image-3348\" srcset=\"https:\/\/autorenbuchhandlung-marx.de\/www\/wp-content\/uploads\/2024\/04\/Plakat-Prismen-Lessenich-Scheffer-b382af2f.jpg 354w, https:\/\/autorenbuchhandlung-marx.de\/www\/wp-content\/uploads\/2024\/04\/Plakat-Prismen-Lessenich-Scheffer-b382af2f-212x300.jpg 212w\" sizes=\"(max-width: 354px) 100vw, 354px\"><\/noscript><img width=\"354\" height=\"502\" src=\"data:image\/svg+xml,%3Csvg%20xmlns%3D%22http%3A%2F%2Fwww.w3.org%2F2000%2Fsvg%22%20viewBox%3D%220%200%20354%20502%22%3E%3C%2Fsvg%3E\" alt class=\"wp-image-3348 lazyload\" srcset=\"data:image\/svg+xml,%3Csvg%20xmlns%3D%22http%3A%2F%2Fwww.w3.org%2F2000%2Fsvg%22%20viewBox%3D%220%200%20354%20502%22%3E%3C%2Fsvg%3E 354w\" sizes=\"(max-width: 354px) 100vw, 354px\" data-srcset=\"https:\/\/autorenbuchhandlung-marx.de\/www\/wp-content\/uploads\/2024\/04\/Plakat-Prismen-Lessenich-Scheffer-b382af2f.jpg 354w, https:\/\/autorenbuchhandlung-marx.de\/www\/wp-content\/uploads\/2024\/04\/Plakat-Prismen-Lessenich-Scheffer-b382af2f-212x300.jpg 212w\" data-src=\"https:\/\/autorenbuchhandlung-marx.de\/www\/wp-content\/uploads\/2024\/04\/Plakat-Prismen-Lessenich-Scheffer-b382af2f.jpg\"><\/a><\/figure><\/div>\n\n\n<p><strong>Stephan Lessenich und Thomas Scheffer im Gespr\u00e4ch mit Flurina Schneider<\/strong><\/p>\n\n\n\n<p><strong>Gesellschaften unter Handlungszwang. Existenzielle Probleme, Normalit\u00e4t und Kritik<\/strong><\/p>\n\n\n\n<p>Klimawandel, Armutsmigration, Krieg: Sp\u00e4tmoderne Gesellschaften ebenso wie deren Gesellschaftswissenschaften werden von einer ganzen Reihe existenzieller Probleme herausgefordert \u2013 und allem Anschein nach \u00fcberfordert. Wie aber k\u00f6nnte der Problemschwere wissenschaftlich wie gesellschaftlich \u00fcberhaupt Rechnung getragen werden? Was br\u00e4uchte es, um den existenziellen Charakter von Problemen zu realisieren, also zum einen zu erkennen, zum anderen aber auch zur Leitlinie des eigenen Handelns zu machen? Was verhindert die so verstandene Realisierung der gro\u00dfen Fragen unserer Zeit? Und wie w\u00e4re es um die \u00fcberkommenen Formen der gesellschaftlichen Herstellung des Anscheins von Normalit\u00e4t bestellt, wenn existenzielle Probleme als solche anerkannt und angegangen w\u00fcrden?<\/p>\n\n\n\n<p>Das Buch ist vor Kurzem in der Reihe \u00bbAus der Reihe\u00ab des Instituts f\u00fcr Sozialforschung erschienen: Stephan Lessenich \/ Thomas Scheffer (Hg.): Gesellschaften unter Handlungszwang. Existenzielle Probleme, Normalit\u00e4t und Kritik. Berlin: Bertz + Fischer 2024.<\/p>\n\n\n\n<p><strong>Stephan Lessenich <\/strong>ist Professor f\u00fcr Gesellschaftstheorie und Sozialforschung an der Goethe-Universit\u00e4t und Direktor des IfS.<\/p>\n\n\n\n<p><strong>Thomas Scheffer<\/strong> ist Professor f\u00fcr Soziologie mit dem Schwerpunkt interpretative Sozialforschung an der Goethe-Universit\u00e4t<\/p>\n\n\n\n<p><strong>Flurina Schneider<\/strong> ist Professorin f\u00fcr Soziale \u00d6kologie und Transdisziplinarit\u00e4t an der Goethe-Universit\u00e4t und Wissenschaftliche Gesch\u00e4ftsf\u00fchrerin des Instituts f\u00fcr sozial-\u00f6kologische Forschung (ISOE).<\/p>\n\n\n\n<p>22. April 2024, 20 Uhr in der autorenbuchhandlung marx&amp;co<\/p>\n<div class=\"shariff shariff-align-flex-start shariff-widget-align-flex-start\" data-services=\"facebook%7Ctwitter\" data-url=\"https%3A%2F%2Fautorenbuchhandlung-marx.de%2Fwww%2F22-april-2024-buchvorstellung-gesellschaften-unter-handlungszwang%2F\" data-timestamp=\"1712939642\" data-backendurl=\"https:\/\/autorenbuchhandlung-marx.de\/www\/wp-json\/shariff\/v1\/share_counts?\"><ul class=\"shariff-buttons theme-round orientation-horizontal buttonsize-medium\"><li class=\"shariff-button facebook shariff-nocustomcolor\" style=\"background-color:#4273c8\"><a href=\"https:\/\/www.facebook.com\/sharer\/sharer.php?u=https%3A%2F%2Fautorenbuchhandlung-marx.de%2Fwww%2F22-april-2024-buchvorstellung-gesellschaften-unter-handlungszwang%2F\" title=\"Bei Facebook teilen\" aria-label=\"Bei Facebook teilen\" role=\"button\" rel=\"nofollow\" class=\"shariff-link\" style=\"; background-color:#3b5998; color:#fff\" target=\"_blank\"><span class=\"shariff-icon\" style><svg width=\"32px\" height=\"20px\" viewBox=\"0 0 18 32\"><path fill=\"#3b5998\" d=\"M17.1 0.2v4.7h-2.8q-1.5 0-2.1 0.6t-0.5 1.9v3.4h5.2l-0.7 5.3h-4.5v13.6h-5.5v-13.6h-4.5v-5.3h4.5v-3.9q0-3.3 1.9-5.2t5-1.8q2.6 0 4.1 0.2z\" \/><\/svg><\/span><\/a><\/li><li class=\"shariff-button twitter shariff-nocustomcolor\" style=\"background-color:#32bbf5\"><a href=\"https:\/\/twitter.com\/share?url=https%3A%2F%2Fautorenbuchhandlung-marx.de%2Fwww%2F22-april-2024-buchvorstellung-gesellschaften-unter-handlungszwang%2F&amp;text=22.%20April%202024%20Buchvorstellung%3A%20Gesellschaften%20unter%20Handlungszwang\" title=\"Bei Twitter teilen\" aria-label=\"Bei Twitter teilen\" role=\"button\" rel=\"noopener nofollow\" class=\"shariff-link\" style=\"; background-color:#55acee; color:#fff\" target=\"_blank\"><span class=\"shariff-icon\" style><svg width=\"32px\" height=\"20px\" viewBox=\"0 0 30 32\"><path fill=\"#55acee\" d=\"M29.7 6.8q-1.2 1.8-3 3.1 0 0.3 0 0.8 0 2.5-0.7 4.9t-2.2 4.7-3.5 4-4.9 2.8-6.1 1q-5.1 0-9.3-2.7 0.6 0.1 1.5 0.1 4.3 0 7.6-2.6-2-0.1-3.5-1.2t-2.2-3q0.6 0.1 1.1 0.1 0.8 0 1.6-0.2-2.1-0.4-3.5-2.1t-1.4-3.9v-0.1q1.3 0.7 2.8 0.8-1.2-0.8-2-2.2t-0.7-2.9q0-1.7 0.8-3.1 2.3 2.8 5.5 4.5t7 1.9q-0.2-0.7-0.2-1.4 0-2.5 1.8-4.3t4.3-1.8q2.7 0 4.5 1.9 2.1-0.4 3.9-1.5-0.7 2.2-2.7 3.4 1.8-0.2 3.5-0.9z\" \/><\/svg><\/span><\/a><\/li><\/ul><\/div>","protected":false},"excerpt":{"rendered":"<p>Stephan Lessenich und Thomas Scheffer im Gespr\u00e4ch mit Flurina Schneider Gesellschaften unter Handlungszwang. Existenzielle Probleme, Normalit\u00e4t und Kritik Klimawandel, Armutsmigration, Krieg: Sp\u00e4tmoderne Gesellschaften ebenso wie deren Gesellschaftswissenschaften werden von einer ganzen Reihe existenzieller Probleme herausgefordert \u2013 und allem Anschein nach \u00fcberfordert. Wie aber k\u00f6nnte der Problemschwere wissenschaftlich wie gesellschaftlich \u00fcberhaupt Rechnung getragen werden? Was br\u00e4uchte [&hellip;]<\/p>\n","protected":false},"author":2,"featured_media":0,"comment_status":"closed","ping_status":"closed","sticky":false,"template":"","format":"standard","meta":{"_links_to":"","_links_to_target":""},"categories":[1],"tags":[],"_links":{"self":[{"href":"https:\/\/autorenbuchhandlung-marx.de\/www\/wp-json\/wp\/v2\/posts\/3347"}],"collection":[{"href":"https:\/\/autorenbuchhandlung-marx.de\/www\/wp-json\/wp\/v2\/posts"}],"about":[{"href":"https:\/\/autorenbuchhandlung-marx.de\/www\/wp-json\/wp\/v2\/types\/post"}],"author":[{"embeddable":true,"href":"https:\/\/autorenbuchhandlung-marx.de\/www\/wp-json\/wp\/v2\/users\/2"}],"replies":[{"embeddable":true,"href":"https:\/\/autorenbuchhandlung-marx.de\/www\/wp-json\/wp\/v2\/comments?post=3347"}],"version-history":[{"count":6,"href":"https:\/\/autorenbuchhandlung-marx.de\/www\/wp-json\/wp\/v2\/posts\/3347\/revisions"}],"predecessor-version":[{"id":3355,"href":"https:\/\/autorenbuchhandlung-marx.de\/www\/wp-json\/wp\/v2\/posts\/3347\/revisions\/3355"}],"wp:attachment":[{"href":"https:\/\/autorenbuchhandlung-marx.de\/www\/wp-json\/wp\/v2\/media?parent=3347"}],"wp:term":[{"taxonomy":"category","embeddable":true,"href":"https:\/\/autorenbuchhandlung-marx.de\/www\/wp-json\/wp\/v2\/categories?post=3347"},{"taxonomy":"post_tag","embeddable":true,"href":"https:\/\/autorenbuchhandlung-marx.de\/www\/wp-json\/wp\/v2\/tags?post=3347"}],"curies":[{"name":"wp","href":"https:\/\/api.w.org\/{rel}","templated":true}]}}