{"id":3048,"date":"2023-06-20T14:02:32","date_gmt":"2023-06-20T12:02:32","guid":{"rendered":"https:\/\/autorenbuchhandlung-marx.de\/www\/?p=3048"},"modified":"2023-06-22T10:21:13","modified_gmt":"2023-06-22T08:21:13","slug":"3048-2","status":"publish","type":"post","link":"https:\/\/autorenbuchhandlung-marx.de\/www\/3048-2\/","title":{"rendered":"28. Juni 20 Uhr: Amy Allen im Gespr\u00e4ch mit Tobias Heinze"},"content":{"rendered":"<figure class=\"wp-block-image\"><noscript><img src=\"https:\/\/www.ifs.uni-frankfurt.de\/assets\/images\/9\/Prismen-Kritik-auf-der-Couch-89fa9195.jpg\" alt><\/noscript><img src=\"data:image\/gif;base64,R0lGODlhAQABAIAAAAAAAP\/\/\/yH5BAEAAAAALAAAAAABAAEAAAIBRAA7\" alt data-src=\"https:\/\/www.ifs.uni-frankfurt.de\/assets\/images\/9\/Prismen-Kritik-auf-der-Couch-89fa9195.jpg\" class=\" lazyload\"><\/figure>\n\n\n\n<p>Braucht die Kritische Theorie die Psychoanalyse? In <em>Kritik auf der Couch<\/em> wartet Amy Allen mit einer Verteidigung ihrer ungebrochenen Bedeutung auf. Der haupts\u00e4chlich rationalistischen Lesart der Psychoanalyse durch die zeitgen\u00f6ssische Kritische Theorie zum Trotz, argumentiert Allen, dass die Arbeiten der Psychoanalytikerin Melanie Klein eine untersch\u00e4tzte Ressource sind. Mit dem Verweis auf Klein sowie Freud und Lacan zeichnet sie ein realistischeres Bild des psychoanalytischen Denkens, das Begriffe wie Verlust, Negativit\u00e4t, Ambivalenz und Trauer in seine Mitte stellt. Ein davon gepr\u00e4gtes Verst\u00e4ndnis menschlicher Subjektivit\u00e4t er\u00f6ffnet der Kritischen Theorie neue M\u00f6glichkeiten: Eurozentrischen Konzeptionen von Entwicklung und Fortschritt setzt Allen eine an Klein orientierte Theorie entgegen, die andere Perspektiven auf die Praxis der Kritik und die progressive Transformation demokratischer Gesellschaften erm\u00f6glicht.<\/p>\n\n\n\n<p>Im Gespr\u00e4ch mit Tobias Heinze stellt Amy Allen ihre Thesen zur Diskussion. Ihr Buch ist vor Kurzem in der Schriftenreihe des Instituts f\u00fcr Sozialforschung in deutscher \u00dcbersetzung erschienen: Amy Allen 2023:<em> Kritik auf der Couch. Warum die Kritische Theorie auf die Psychoanalyse angewiesen ist.<\/em> \u00dcbersetzung von Michael Adrian. Frankfurt am Main und New York: Campus.<\/p>\n\n\n\n<p><strong>Amy Allen<\/strong> ist Professorin f\u00fcr Philosophie und Frauen-, Gender- sowie Sexualwissenschaften an der Pennsylvania State University, USA.<\/p>\n\n\n\n<p><strong>Tobias Heinze<\/strong> ist Promovend am Institut f\u00fcr Sozialforschung und forscht in seiner sozialphilosophischen Arbeit \u00fcber die Kritische Theorie der Natur.<\/p>\n\n\n\n<p>Die Veranstaltung findet auf Englisch statt.<\/p>\n<div class=\"shariff shariff-align-flex-start shariff-widget-align-flex-start\" data-services=\"facebook%7Ctwitter\" data-url=\"https%3A%2F%2Fautorenbuchhandlung-marx.de%2Fwww%2F3048-2%2F\" data-timestamp=\"1687429273\" data-backendurl=\"https:\/\/autorenbuchhandlung-marx.de\/www\/wp-json\/shariff\/v1\/share_counts?\"><ul class=\"shariff-buttons theme-round orientation-horizontal buttonsize-medium\"><li class=\"shariff-button facebook shariff-nocustomcolor\" style=\"background-color:#4273c8\"><a href=\"https:\/\/www.facebook.com\/sharer\/sharer.php?u=https%3A%2F%2Fautorenbuchhandlung-marx.de%2Fwww%2F3048-2%2F\" title=\"Bei Facebook teilen\" aria-label=\"Bei Facebook teilen\" role=\"button\" rel=\"nofollow\" class=\"shariff-link\" style=\"; background-color:#3b5998; color:#fff\" target=\"_blank\"><span class=\"shariff-icon\" style><svg width=\"32px\" height=\"20px\" viewBox=\"0 0 18 32\"><path fill=\"#3b5998\" d=\"M17.1 0.2v4.7h-2.8q-1.5 0-2.1 0.6t-0.5 1.9v3.4h5.2l-0.7 5.3h-4.5v13.6h-5.5v-13.6h-4.5v-5.3h4.5v-3.9q0-3.3 1.9-5.2t5-1.8q2.6 0 4.1 0.2z\" \/><\/svg><\/span><\/a><\/li><li class=\"shariff-button twitter shariff-nocustomcolor\" style=\"background-color:#32bbf5\"><a href=\"https:\/\/twitter.com\/share?url=https%3A%2F%2Fautorenbuchhandlung-marx.de%2Fwww%2F3048-2%2F&amp;text=28.%20Juni%2020%20Uhr%3A%20Amy%20Allen%20im%20Gespr%C3%A4ch%20mit%20Tobias%20Heinze\" title=\"Bei Twitter teilen\" aria-label=\"Bei Twitter teilen\" role=\"button\" rel=\"noopener nofollow\" class=\"shariff-link\" style=\"; background-color:#55acee; color:#fff\" target=\"_blank\"><span class=\"shariff-icon\" style><svg width=\"32px\" height=\"20px\" viewBox=\"0 0 30 32\"><path fill=\"#55acee\" d=\"M29.7 6.8q-1.2 1.8-3 3.1 0 0.3 0 0.8 0 2.5-0.7 4.9t-2.2 4.7-3.5 4-4.9 2.8-6.1 1q-5.1 0-9.3-2.7 0.6 0.1 1.5 0.1 4.3 0 7.6-2.6-2-0.1-3.5-1.2t-2.2-3q0.6 0.1 1.1 0.1 0.8 0 1.6-0.2-2.1-0.4-3.5-2.1t-1.4-3.9v-0.1q1.3 0.7 2.8 0.8-1.2-0.8-2-2.2t-0.7-2.9q0-1.7 0.8-3.1 2.3 2.8 5.5 4.5t7 1.9q-0.2-0.7-0.2-1.4 0-2.5 1.8-4.3t4.3-1.8q2.7 0 4.5 1.9 2.1-0.4 3.9-1.5-0.7 2.2-2.7 3.4 1.8-0.2 3.5-0.9z\" \/><\/svg><\/span><\/a><\/li><\/ul><\/div>","protected":false},"excerpt":{"rendered":"<p>Braucht die Kritische Theorie die Psychoanalyse? In Kritik auf der Couch wartet Amy Allen mit einer Verteidigung ihrer ungebrochenen Bedeutung auf. Der haupts\u00e4chlich rationalistischen Lesart der Psychoanalyse durch die zeitgen\u00f6ssische Kritische Theorie zum Trotz, argumentiert Allen, dass die Arbeiten der Psychoanalytikerin Melanie Klein eine untersch\u00e4tzte Ressource sind. Mit dem Verweis auf Klein sowie Freud und [&hellip;]<\/p>\n","protected":false},"author":2,"featured_media":0,"comment_status":"closed","ping_status":"closed","sticky":false,"template":"","format":"standard","meta":{"_links_to":"","_links_to_target":""},"categories":[1],"tags":[],"_links":{"self":[{"href":"https:\/\/autorenbuchhandlung-marx.de\/www\/wp-json\/wp\/v2\/posts\/3048"}],"collection":[{"href":"https:\/\/autorenbuchhandlung-marx.de\/www\/wp-json\/wp\/v2\/posts"}],"about":[{"href":"https:\/\/autorenbuchhandlung-marx.de\/www\/wp-json\/wp\/v2\/types\/post"}],"author":[{"embeddable":true,"href":"https:\/\/autorenbuchhandlung-marx.de\/www\/wp-json\/wp\/v2\/users\/2"}],"replies":[{"embeddable":true,"href":"https:\/\/autorenbuchhandlung-marx.de\/www\/wp-json\/wp\/v2\/comments?post=3048"}],"version-history":[{"count":2,"href":"https:\/\/autorenbuchhandlung-marx.de\/www\/wp-json\/wp\/v2\/posts\/3048\/revisions"}],"predecessor-version":[{"id":3051,"href":"https:\/\/autorenbuchhandlung-marx.de\/www\/wp-json\/wp\/v2\/posts\/3048\/revisions\/3051"}],"wp:attachment":[{"href":"https:\/\/autorenbuchhandlung-marx.de\/www\/wp-json\/wp\/v2\/media?parent=3048"}],"wp:term":[{"taxonomy":"category","embeddable":true,"href":"https:\/\/autorenbuchhandlung-marx.de\/www\/wp-json\/wp\/v2\/categories?post=3048"},{"taxonomy":"post_tag","embeddable":true,"href":"https:\/\/autorenbuchhandlung-marx.de\/www\/wp-json\/wp\/v2\/tags?post=3048"}],"curies":[{"name":"wp","href":"https:\/\/api.w.org\/{rel}","templated":true}]}}