{"id":3016,"date":"2023-03-28T18:40:30","date_gmt":"2023-03-28T16:40:30","guid":{"rendered":"https:\/\/autorenbuchhandlung-marx.de\/www\/?p=3016"},"modified":"2023-03-28T18:42:44","modified_gmt":"2023-03-28T16:42:44","slug":"samstag-1-april-16h-denk-mal-am-ort-lesung-mit-jochen-nix","status":"publish","type":"post","link":"https:\/\/autorenbuchhandlung-marx.de\/www\/samstag-1-april-16h-denk-mal-am-ort-lesung-mit-jochen-nix\/","title":{"rendered":"Samstag, 1. April 16h &#8211; Denk mal am Ort: Lesung mit Jochen Nix"},"content":{"rendered":"<p><\/p>\n\n\n\n<figure class=\"wp-block-image size-large\"><a href=\"https:\/\/autorenbuchhandlung-marx.de\/www\/wp-content\/uploads\/2023\/03\/DMAO10423-2-scaled.jpg\"><noscript><img width=\"724\" height=\"1024\" src=\"https:\/\/autorenbuchhandlung-marx.de\/www\/wp-content\/uploads\/2023\/03\/DMAO10423-2-724x1024.jpg\" alt class=\"wp-image-3019\" srcset=\"https:\/\/autorenbuchhandlung-marx.de\/www\/wp-content\/uploads\/2023\/03\/DMAO10423-2-724x1024.jpg 724w, https:\/\/autorenbuchhandlung-marx.de\/www\/wp-content\/uploads\/2023\/03\/DMAO10423-2-212x300.jpg 212w, https:\/\/autorenbuchhandlung-marx.de\/www\/wp-content\/uploads\/2023\/03\/DMAO10423-2-768x1086.jpg 768w, https:\/\/autorenbuchhandlung-marx.de\/www\/wp-content\/uploads\/2023\/03\/DMAO10423-2-1086x1536.jpg 1086w, https:\/\/autorenbuchhandlung-marx.de\/www\/wp-content\/uploads\/2023\/03\/DMAO10423-2-1448x2048.jpg 1448w, https:\/\/autorenbuchhandlung-marx.de\/www\/wp-content\/uploads\/2023\/03\/DMAO10423-2-scaled.jpg 1811w\" sizes=\"(max-width: 724px) 100vw, 724px\"><\/noscript><img width=\"724\" height=\"1024\" src=\"data:image\/svg+xml,%3Csvg%20xmlns%3D%22http%3A%2F%2Fwww.w3.org%2F2000%2Fsvg%22%20viewBox%3D%220%200%20724%201024%22%3E%3C%2Fsvg%3E\" alt class=\"wp-image-3019 lazyload\" srcset=\"data:image\/svg+xml,%3Csvg%20xmlns%3D%22http%3A%2F%2Fwww.w3.org%2F2000%2Fsvg%22%20viewBox%3D%220%200%20724%201024%22%3E%3C%2Fsvg%3E 724w\" sizes=\"(max-width: 724px) 100vw, 724px\" data-srcset=\"https:\/\/autorenbuchhandlung-marx.de\/www\/wp-content\/uploads\/2023\/03\/DMAO10423-2-724x1024.jpg 724w, https:\/\/autorenbuchhandlung-marx.de\/www\/wp-content\/uploads\/2023\/03\/DMAO10423-2-212x300.jpg 212w, https:\/\/autorenbuchhandlung-marx.de\/www\/wp-content\/uploads\/2023\/03\/DMAO10423-2-768x1086.jpg 768w, https:\/\/autorenbuchhandlung-marx.de\/www\/wp-content\/uploads\/2023\/03\/DMAO10423-2-1086x1536.jpg 1086w, https:\/\/autorenbuchhandlung-marx.de\/www\/wp-content\/uploads\/2023\/03\/DMAO10423-2-1448x2048.jpg 1448w, https:\/\/autorenbuchhandlung-marx.de\/www\/wp-content\/uploads\/2023\/03\/DMAO10423-2-scaled.jpg 1811w\" data-src=\"https:\/\/autorenbuchhandlung-marx.de\/www\/wp-content\/uploads\/2023\/03\/DMAO10423-2-724x1024.jpg\"><\/a><\/figure>\n\n\n\n<p>Der Rechtsanwalt und Notar Dr. Julius Meyer lebte w\u00e4hrend der November-Pogrome 1938 im Gr\u00fcneburgweg. 1940 schrieb er im Londoner Exil \u00fcber das Erlebte. In seinem Bericht erz\u00e4hlt er von der willk\u00fcrlichen Festnahme in seiner Frankfurter Wohnung, der Busfahrt zur Festhalle, den Schikanen und Dem\u00fctigungen an diesem gef\u00e4ngnisgleichen Sammelplatz bis hin zum Transfer an den S\u00fcdbahnhof. Von dort fuhren die Z\u00fcge mit etwa 3.000 als Juden verfolgten Frankfurter*innen im Alter von 18 bis 60 Jahren in die Konzentrationslager Buchenwald und Dachau ab. Jochen Nix liest aus Dr. Julius Meyers Zeitzeugenbericht eindringliche Ausz\u00fcge \u00fcber dessen Verhaftung.<\/p>\n\n\n\n<p><\/p>\n\n\n\n<p><\/p>\n<div class=\"shariff shariff-align-flex-start shariff-widget-align-flex-start\" data-services=\"facebook%7Ctwitter\" data-url=\"https%3A%2F%2Fautorenbuchhandlung-marx.de%2Fwww%2Fsamstag-1-april-16h-denk-mal-am-ort-lesung-mit-jochen-nix%2F\" data-timestamp=\"1680028964\" data-backendurl=\"https:\/\/autorenbuchhandlung-marx.de\/www\/wp-json\/shariff\/v1\/share_counts?\"><ul class=\"shariff-buttons theme-round orientation-horizontal buttonsize-medium\"><li class=\"shariff-button facebook shariff-nocustomcolor\" style=\"background-color:#4273c8\"><a href=\"https:\/\/www.facebook.com\/sharer\/sharer.php?u=https%3A%2F%2Fautorenbuchhandlung-marx.de%2Fwww%2Fsamstag-1-april-16h-denk-mal-am-ort-lesung-mit-jochen-nix%2F\" title=\"Bei Facebook teilen\" aria-label=\"Bei Facebook teilen\" role=\"button\" rel=\"nofollow\" class=\"shariff-link\" style=\"; background-color:#3b5998; color:#fff\" target=\"_blank\"><span class=\"shariff-icon\" style><svg width=\"32px\" height=\"20px\" viewBox=\"0 0 18 32\"><path fill=\"#3b5998\" d=\"M17.1 0.2v4.7h-2.8q-1.5 0-2.1 0.6t-0.5 1.9v3.4h5.2l-0.7 5.3h-4.5v13.6h-5.5v-13.6h-4.5v-5.3h4.5v-3.9q0-3.3 1.9-5.2t5-1.8q2.6 0 4.1 0.2z\" \/><\/svg><\/span><\/a><\/li><li class=\"shariff-button twitter shariff-nocustomcolor\" style=\"background-color:#32bbf5\"><a href=\"https:\/\/twitter.com\/share?url=https%3A%2F%2Fautorenbuchhandlung-marx.de%2Fwww%2Fsamstag-1-april-16h-denk-mal-am-ort-lesung-mit-jochen-nix%2F&amp;text=Samstag%2C%201.%20April%2016h%20%E2%80%93%20Denk%20mal%20am%20Ort%3A%20Lesung%20mit%20Jochen%20Nix\" title=\"Bei Twitter teilen\" aria-label=\"Bei Twitter teilen\" role=\"button\" rel=\"noopener nofollow\" class=\"shariff-link\" style=\"; background-color:#55acee; color:#fff\" target=\"_blank\"><span class=\"shariff-icon\" style><svg width=\"32px\" height=\"20px\" viewBox=\"0 0 30 32\"><path fill=\"#55acee\" d=\"M29.7 6.8q-1.2 1.8-3 3.1 0 0.3 0 0.8 0 2.5-0.7 4.9t-2.2 4.7-3.5 4-4.9 2.8-6.1 1q-5.1 0-9.3-2.7 0.6 0.1 1.5 0.1 4.3 0 7.6-2.6-2-0.1-3.5-1.2t-2.2-3q0.6 0.1 1.1 0.1 0.8 0 1.6-0.2-2.1-0.4-3.5-2.1t-1.4-3.9v-0.1q1.3 0.7 2.8 0.8-1.2-0.8-2-2.2t-0.7-2.9q0-1.7 0.8-3.1 2.3 2.8 5.5 4.5t7 1.9q-0.2-0.7-0.2-1.4 0-2.5 1.8-4.3t4.3-1.8q2.7 0 4.5 1.9 2.1-0.4 3.9-1.5-0.7 2.2-2.7 3.4 1.8-0.2 3.5-0.9z\" \/><\/svg><\/span><\/a><\/li><\/ul><\/div>","protected":false},"excerpt":{"rendered":"<p>Der Rechtsanwalt und Notar Dr. Julius Meyer lebte w\u00e4hrend der November-Pogrome 1938 im Gr\u00fcneburgweg. 1940 schrieb er im Londoner Exil \u00fcber das Erlebte. In seinem Bericht erz\u00e4hlt er von der willk\u00fcrlichen Festnahme in seiner Frankfurter Wohnung, der Busfahrt zur Festhalle, den Schikanen und Dem\u00fctigungen an diesem gef\u00e4ngnisgleichen Sammelplatz bis hin zum Transfer an den S\u00fcdbahnhof. [&hellip;]<\/p>\n","protected":false},"author":2,"featured_media":0,"comment_status":"closed","ping_status":"closed","sticky":false,"template":"","format":"standard","meta":{"_links_to":"","_links_to_target":""},"categories":[1],"tags":[],"_links":{"self":[{"href":"https:\/\/autorenbuchhandlung-marx.de\/www\/wp-json\/wp\/v2\/posts\/3016"}],"collection":[{"href":"https:\/\/autorenbuchhandlung-marx.de\/www\/wp-json\/wp\/v2\/posts"}],"about":[{"href":"https:\/\/autorenbuchhandlung-marx.de\/www\/wp-json\/wp\/v2\/types\/post"}],"author":[{"embeddable":true,"href":"https:\/\/autorenbuchhandlung-marx.de\/www\/wp-json\/wp\/v2\/users\/2"}],"replies":[{"embeddable":true,"href":"https:\/\/autorenbuchhandlung-marx.de\/www\/wp-json\/wp\/v2\/comments?post=3016"}],"version-history":[{"count":1,"href":"https:\/\/autorenbuchhandlung-marx.de\/www\/wp-json\/wp\/v2\/posts\/3016\/revisions"}],"predecessor-version":[{"id":3020,"href":"https:\/\/autorenbuchhandlung-marx.de\/www\/wp-json\/wp\/v2\/posts\/3016\/revisions\/3020"}],"wp:attachment":[{"href":"https:\/\/autorenbuchhandlung-marx.de\/www\/wp-json\/wp\/v2\/media?parent=3016"}],"wp:term":[{"taxonomy":"category","embeddable":true,"href":"https:\/\/autorenbuchhandlung-marx.de\/www\/wp-json\/wp\/v2\/categories?post=3016"},{"taxonomy":"post_tag","embeddable":true,"href":"https:\/\/autorenbuchhandlung-marx.de\/www\/wp-json\/wp\/v2\/tags?post=3016"}],"curies":[{"name":"wp","href":"https:\/\/api.w.org\/{rel}","templated":true}]}}