{"id":2676,"date":"2022-05-04T17:53:23","date_gmt":"2022-05-04T15:53:23","guid":{"rendered":"https:\/\/autorenbuchhandlung-marx.de\/www\/?p=2676"},"modified":"2022-05-12T13:13:40","modified_gmt":"2022-05-12T11:13:40","slug":"franz-mon-1926-2022","status":"publish","type":"post","link":"https:\/\/autorenbuchhandlung-marx.de\/www\/franz-mon-1926-2022\/","title":{"rendered":"Franz Mon (1926-2022)"},"content":{"rendered":"<p><br>Wir verlieren einen gro\u00dfen Lyriker, einen  Freund und ein Gr\u00fcndungsmitglied der Autorenbuchhandlung. Er ist uns bis  zuletzt verbunden geblieben und bleibt immer ein Teil der  Autorenbuchhandlung.<\/p>\n\n\n\n<div class=\"wp-block-image\"><figure class=\"alignright is-resized\"><noscript><img src=\"https:\/\/autorenbuchhandlung-marx.de\/www\/wp-content\/uploads\/2022\/05\/Mon-1024x1024.jpg\" alt class=\"wp-image-2677\" width=\"256\" height=\"256\" srcset=\"https:\/\/autorenbuchhandlung-marx.de\/www\/wp-content\/uploads\/2022\/05\/Mon-1024x1024.jpg 1024w, https:\/\/autorenbuchhandlung-marx.de\/www\/wp-content\/uploads\/2022\/05\/Mon-150x150.jpg 150w, https:\/\/autorenbuchhandlung-marx.de\/www\/wp-content\/uploads\/2022\/05\/Mon-300x300.jpg 300w, https:\/\/autorenbuchhandlung-marx.de\/www\/wp-content\/uploads\/2022\/05\/Mon-768x768.jpg 768w, https:\/\/autorenbuchhandlung-marx.de\/www\/wp-content\/uploads\/2022\/05\/Mon-510x510.jpg 510w, https:\/\/autorenbuchhandlung-marx.de\/www\/wp-content\/uploads\/2022\/05\/Mon.jpg 2048w\" sizes=\"(max-width: 256px) 100vw, 256px\"><\/noscript><img src=\"data:image\/svg+xml,%3Csvg%20xmlns%3D%22http%3A%2F%2Fwww.w3.org%2F2000%2Fsvg%22%20viewBox%3D%220%200%20256%20256%22%3E%3C%2Fsvg%3E\" alt class=\"wp-image-2677 lazyload\" width=\"256\" height=\"256\" srcset=\"data:image\/svg+xml,%3Csvg%20xmlns%3D%22http%3A%2F%2Fwww.w3.org%2F2000%2Fsvg%22%20viewBox%3D%220%200%20256%20256%22%3E%3C%2Fsvg%3E 256w\" sizes=\"(max-width: 256px) 100vw, 256px\" data-srcset=\"https:\/\/autorenbuchhandlung-marx.de\/www\/wp-content\/uploads\/2022\/05\/Mon-1024x1024.jpg 1024w, https:\/\/autorenbuchhandlung-marx.de\/www\/wp-content\/uploads\/2022\/05\/Mon-150x150.jpg 150w, https:\/\/autorenbuchhandlung-marx.de\/www\/wp-content\/uploads\/2022\/05\/Mon-300x300.jpg 300w, https:\/\/autorenbuchhandlung-marx.de\/www\/wp-content\/uploads\/2022\/05\/Mon-768x768.jpg 768w, https:\/\/autorenbuchhandlung-marx.de\/www\/wp-content\/uploads\/2022\/05\/Mon-510x510.jpg 510w, https:\/\/autorenbuchhandlung-marx.de\/www\/wp-content\/uploads\/2022\/05\/Mon.jpg 2048w\" data-src=\"https:\/\/autorenbuchhandlung-marx.de\/www\/wp-content\/uploads\/2022\/05\/Mon-1024x1024.jpg\"><\/figure><\/div>\n\n\n\n<p>post mortem <br>es w\u00e4r nur ein moment<br>da\u00df alle die dich kannten <br>in einem sonnenschein st\u00fcnden<br>der sofort vergeht<br>f\u00fcr die ewigkeit zu sp\u00e4t: <br>nicht ausgekehrt<br>nicht umgekehrt<br>(da doch der d\u00fcnne schatten nie<br>vergeht der einmal aus dem herz gekehrt)<br><em>franz mon<\/em>  <\/p>\n<div class=\"shariff shariff-align-flex-start shariff-widget-align-flex-start\" data-services=\"facebook%7Ctwitter\" data-url=\"https%3A%2F%2Fautorenbuchhandlung-marx.de%2Fwww%2Ffranz-mon-1926-2022%2F\" data-timestamp=\"1652361220\" data-backendurl=\"https:\/\/autorenbuchhandlung-marx.de\/www\/wp-json\/shariff\/v1\/share_counts?\"><ul class=\"shariff-buttons theme-round orientation-horizontal buttonsize-medium\"><li class=\"shariff-button facebook shariff-nocustomcolor\" style=\"background-color:#4273c8\"><a href=\"https:\/\/www.facebook.com\/sharer\/sharer.php?u=https%3A%2F%2Fautorenbuchhandlung-marx.de%2Fwww%2Ffranz-mon-1926-2022%2F\" title=\"Bei Facebook teilen\" aria-label=\"Bei Facebook teilen\" role=\"button\" rel=\"nofollow\" class=\"shariff-link\" style=\"; background-color:#3b5998; color:#fff\" target=\"_blank\"><span class=\"shariff-icon\" style><svg width=\"32px\" height=\"20px\" viewBox=\"0 0 18 32\"><path fill=\"#3b5998\" d=\"M17.1 0.2v4.7h-2.8q-1.5 0-2.1 0.6t-0.5 1.9v3.4h5.2l-0.7 5.3h-4.5v13.6h-5.5v-13.6h-4.5v-5.3h4.5v-3.9q0-3.3 1.9-5.2t5-1.8q2.6 0 4.1 0.2z\" \/><\/svg><\/span><\/a><\/li><li class=\"shariff-button twitter shariff-nocustomcolor\" style=\"background-color:#32bbf5\"><a href=\"https:\/\/twitter.com\/share?url=https%3A%2F%2Fautorenbuchhandlung-marx.de%2Fwww%2Ffranz-mon-1926-2022%2F&amp;text=Franz%20Mon%20%281926-2022%29\" title=\"Bei Twitter teilen\" aria-label=\"Bei Twitter teilen\" role=\"button\" rel=\"noopener nofollow\" class=\"shariff-link\" style=\"; background-color:#55acee; color:#fff\" target=\"_blank\"><span class=\"shariff-icon\" style><svg width=\"32px\" height=\"20px\" viewBox=\"0 0 30 32\"><path fill=\"#55acee\" d=\"M29.7 6.8q-1.2 1.8-3 3.1 0 0.3 0 0.8 0 2.5-0.7 4.9t-2.2 4.7-3.5 4-4.9 2.8-6.1 1q-5.1 0-9.3-2.7 0.6 0.1 1.5 0.1 4.3 0 7.6-2.6-2-0.1-3.5-1.2t-2.2-3q0.6 0.1 1.1 0.1 0.8 0 1.6-0.2-2.1-0.4-3.5-2.1t-1.4-3.9v-0.1q1.3 0.7 2.8 0.8-1.2-0.8-2-2.2t-0.7-2.9q0-1.7 0.8-3.1 2.3 2.8 5.5 4.5t7 1.9q-0.2-0.7-0.2-1.4 0-2.5 1.8-4.3t4.3-1.8q2.7 0 4.5 1.9 2.1-0.4 3.9-1.5-0.7 2.2-2.7 3.4 1.8-0.2 3.5-0.9z\" \/><\/svg><\/span><\/a><\/li><\/ul><\/div>","protected":false},"excerpt":{"rendered":"<p>Wir verlieren einen gro\u00dfen Lyriker, einen Freund und ein Gr\u00fcndungsmitglied der Autorenbuchhandlung. Er ist uns bis zuletzt verbunden geblieben und bleibt immer ein Teil der Autorenbuchhandlung. post mortem es w\u00e4r nur ein momentda\u00df alle die dich kannten in einem sonnenschein st\u00fcndender sofort vergehtf\u00fcr die ewigkeit zu sp\u00e4t: nicht ausgekehrtnicht umgekehrt(da doch der d\u00fcnne schatten nievergeht [&hellip;]<\/p>\n","protected":false},"author":2,"featured_media":0,"comment_status":"closed","ping_status":"closed","sticky":false,"template":"","format":"standard","meta":{"_links_to":"","_links_to_target":""},"categories":[2],"tags":[],"_links":{"self":[{"href":"https:\/\/autorenbuchhandlung-marx.de\/www\/wp-json\/wp\/v2\/posts\/2676"}],"collection":[{"href":"https:\/\/autorenbuchhandlung-marx.de\/www\/wp-json\/wp\/v2\/posts"}],"about":[{"href":"https:\/\/autorenbuchhandlung-marx.de\/www\/wp-json\/wp\/v2\/types\/post"}],"author":[{"embeddable":true,"href":"https:\/\/autorenbuchhandlung-marx.de\/www\/wp-json\/wp\/v2\/users\/2"}],"replies":[{"embeddable":true,"href":"https:\/\/autorenbuchhandlung-marx.de\/www\/wp-json\/wp\/v2\/comments?post=2676"}],"version-history":[{"count":1,"href":"https:\/\/autorenbuchhandlung-marx.de\/www\/wp-json\/wp\/v2\/posts\/2676\/revisions"}],"predecessor-version":[{"id":2678,"href":"https:\/\/autorenbuchhandlung-marx.de\/www\/wp-json\/wp\/v2\/posts\/2676\/revisions\/2678"}],"wp:attachment":[{"href":"https:\/\/autorenbuchhandlung-marx.de\/www\/wp-json\/wp\/v2\/media?parent=2676"}],"wp:term":[{"taxonomy":"category","embeddable":true,"href":"https:\/\/autorenbuchhandlung-marx.de\/www\/wp-json\/wp\/v2\/categories?post=2676"},{"taxonomy":"post_tag","embeddable":true,"href":"https:\/\/autorenbuchhandlung-marx.de\/www\/wp-json\/wp\/v2\/tags?post=2676"}],"curies":[{"name":"wp","href":"https:\/\/api.w.org\/{rel}","templated":true}]}}