{"id":2249,"date":"2021-05-31T18:47:19","date_gmt":"2021-05-31T16:47:19","guid":{"rendered":"https:\/\/autorenbuchhandlung-marx.de\/www\/?p=2249"},"modified":"2021-05-19T18:48:02","modified_gmt":"2021-05-19T16:48:02","slug":"buchempfehlung-57","status":"publish","type":"post","link":"https:\/\/autorenbuchhandlung-marx.de\/www\/buchempfehlung-57\/","title":{"rendered":"Buchempfehlung"},"content":{"rendered":"<h4>Bruno Jasie\u0144ski<\/h4>\n\n\n\n<h3>Die Nase <\/h3>\n\n\n\n<div class=\"wp-block-image\"><figure class=\"alignright is-resized\"><a href=\"https:\/\/kommbuch.com\/detail\/?ean=978-3-948392-16-1\"><noscript><img src=\"https:\/\/autorenbuchhandlung-marx.de\/www\/wp-content\/uploads\/2021\/05\/9783903290488.jpg\" alt class=\"wp-image-2238\" width=\"233\" height=\"366\" srcset=\"https:\/\/autorenbuchhandlung-marx.de\/www\/wp-content\/uploads\/2021\/05\/9783903290488.jpg 200w, https:\/\/autorenbuchhandlung-marx.de\/www\/wp-content\/uploads\/2021\/05\/9783903290488-191x300.jpg 191w\" sizes=\"(max-width: 233px) 100vw, 233px\"><\/noscript><img src=\"data:image\/svg+xml,%3Csvg%20xmlns%3D%22http%3A%2F%2Fwww.w3.org%2F2000%2Fsvg%22%20viewBox%3D%220%200%20233%20366%22%3E%3C%2Fsvg%3E\" alt class=\"wp-image-2238 lazyload\" width=\"233\" height=\"366\" srcset=\"data:image\/svg+xml,%3Csvg%20xmlns%3D%22http%3A%2F%2Fwww.w3.org%2F2000%2Fsvg%22%20viewBox%3D%220%200%20233%20366%22%3E%3C%2Fsvg%3E 233w\" sizes=\"(max-width: 233px) 100vw, 233px\" data-srcset=\"https:\/\/autorenbuchhandlung-marx.de\/www\/wp-content\/uploads\/2021\/05\/9783903290488.jpg 200w, https:\/\/autorenbuchhandlung-marx.de\/www\/wp-content\/uploads\/2021\/05\/9783903290488-191x300.jpg 191w\" data-src=\"https:\/\/autorenbuchhandlung-marx.de\/www\/wp-content\/uploads\/2021\/05\/9783903290488.jpg\"><\/a><figcaption>bahoe books<br>16 \u20ac<\/figcaption><\/figure><\/div>\n\n\n\n<p>Nach der \nregelrechten Flut an Nasen-Literatur im 19. Jahrhundert scheint die Nase\n \u201enicht nur als Sinnesorgan, sondern auch als K\u00f6rperteil einer Verarmung\n ihrer Bedeutung zu unterliegen\u201c \u2013 dabei wurden an der Nase \u00fcber \nJahrhunderte hinweg Identit\u00e4tsprobleme verhandelt und Identit\u00e4ten \nfestgemacht! 2021 scheint jetzt aber zum naso-literarischen Ausnahmejahr\n zu werden. Nicht nur fragt der Schweizer Autor Thomas Meyer <em>Was soll an meiner Nase bitte j\u00fcdisch sein?<\/em>, sondern auch der \u00f6sterreichische BahoeVerlag hat mit Bruno Jasie\u0144skis <em>Die Nase<\/em>\n einen Titel publiziert, der die Nasenliteratur erweitert, auch wenn \ndieser Text nicht zum ersten Mal das Licht der Welt erblickt, denn \nJasie\u0144ski schrieb die Novelle schon 1936. Nun also ist der Text von \nElisabeth Namdar neu \u00fcbersetzt und erstmals als Einzelpublikation \nver\u00f6ffentlicht worden: Ein wahrer Gl\u00fccksfall, hat doch Jasie\u0144ski seine \nZeit mit so viel Weitblick und Scharfsinn beobachtet und die Schriften \nder 1920er und fr\u00fchen 30er Jahre rezipiert, dass daraus eine bitterb\u00f6se \nSatire auf den Rassenwahn der Nationalsozialisten entstanden ist, in der\n er den Wahnwitz der Zuschreibung von Identit\u00e4t \u00fcber scheinbare \nRassenmerkmale aufzeigt. <\/p>\n\n\n\n<p>Im Zentrum der kurzen Novelle <em>Die Nase<\/em> steht \nOtto Kallenbruck, seines Zeichens Professor f\u00fcr Eugenik, vergleichende \nRassenkunde und Rassenpsychologie. Kurz vor der Ver\u00f6ffentlichung seines \nneuesten Buches \u2013 , Kallenbruck geht nochmals die Fahnen durch \u2013  tritt \ner zur Vermessung der eigenen Nase vor den Spiegel und erschaudert: Wo \nbisher eine arische Nase, \u201etadellos gerade\u201c, wenn auch \u201eein wenig \nfleischig und an der Spitze leicht verdickt\u201c zu sehen war, prangt nun \nein erschreckender \u201eH\u00f6cker\u201c. Wie kann das sein? Verwirrt und ersch\u00fcttert\n begleitet ihn sein Freund Theodor in den neu er\u00f6ffneten genealogischen \nGarten in Berlin. Hier kann er zu seinem eigenen Erstaunen den \nFamilienstammbaum als wirklichen Baum umkreisen. Die Vorfahren h\u00e4ngen \nals Miniaturpuppen illuminiert wie in einem Weihnachtsbaum an den \u00c4sten.\n Kallenbruck entdeckt Onkel Gregor, den \u201eunverbesserlichen Junggesellen,\n mager, mit einem riesigen Kopf\u201c, die \u201esteife Tante Gertrude\u201c, und, ja, \nauch eine ganze \u201eGirlande kleiner Juden\u201c. Muss er nun, der eigenen Logik\n gehorchend und die \u201egermanische Rasse\u201c rettend, Selbstmord begehen?<\/p>\n\n\n\n<p>Skurril, b\u00f6se und erhellend ist diese Novelle, in der \nJasie\u0144ski die Debatten der 1930er Jahre verarbeitet und seinen Professor\n auf \u201eStudienreise\u201c durch die Konzentrationslager schickt. Eine wahre \nEntdeckung, ein futuristisches Fundst\u00fcck der \u00dcbersetzerin Elisabeth \nNamdar mit einem literarhistorischen, aktuellen Nachwort von Vladimir \nVertlib sowie einem passenden Cover, das von Umberto Boccionis Gem\u00e4lde \nStati della mente verziert wird. Klug, erschreckend und absolut \nlesenswert. <\/p>\n\n\n\n<p>Ines Lauffer, autorenbuchhandlung marx &amp; co, Frankfurt<\/p>\n<div class=\"shariff shariff-align-flex-start shariff-widget-align-flex-start\" data-services=\"facebook%7Ctwitter\" data-url=\"https%3A%2F%2Fautorenbuchhandlung-marx.de%2Fwww%2Fbuchempfehlung-57%2F\" data-timestamp=\"1621450082\" data-backendurl=\"https:\/\/autorenbuchhandlung-marx.de\/www\/wp-json\/shariff\/v1\/share_counts?\"><ul class=\"shariff-buttons theme-round orientation-horizontal buttonsize-medium\"><li class=\"shariff-button facebook shariff-nocustomcolor\" style=\"background-color:#4273c8\"><a href=\"https:\/\/www.facebook.com\/sharer\/sharer.php?u=https%3A%2F%2Fautorenbuchhandlung-marx.de%2Fwww%2Fbuchempfehlung-57%2F\" title=\"Bei Facebook teilen\" aria-label=\"Bei Facebook teilen\" role=\"button\" rel=\"nofollow\" class=\"shariff-link\" style=\"; background-color:#3b5998; color:#fff\" target=\"_blank\"><span class=\"shariff-icon\" style><svg width=\"32px\" height=\"20px\" viewBox=\"0 0 18 32\"><path fill=\"#3b5998\" d=\"M17.1 0.2v4.7h-2.8q-1.5 0-2.1 0.6t-0.5 1.9v3.4h5.2l-0.7 5.3h-4.5v13.6h-5.5v-13.6h-4.5v-5.3h4.5v-3.9q0-3.3 1.9-5.2t5-1.8q2.6 0 4.1 0.2z\" \/><\/svg><\/span><\/a><\/li><li class=\"shariff-button twitter shariff-nocustomcolor\" style=\"background-color:#32bbf5\"><a href=\"https:\/\/twitter.com\/share?url=https%3A%2F%2Fautorenbuchhandlung-marx.de%2Fwww%2Fbuchempfehlung-57%2F&amp;text=Buchempfehlung\" title=\"Bei Twitter teilen\" aria-label=\"Bei Twitter teilen\" role=\"button\" rel=\"noopener nofollow\" class=\"shariff-link\" style=\"; background-color:#55acee; color:#fff\" target=\"_blank\"><span class=\"shariff-icon\" style><svg width=\"32px\" height=\"20px\" viewBox=\"0 0 30 32\"><path fill=\"#55acee\" d=\"M29.7 6.8q-1.2 1.8-3 3.1 0 0.3 0 0.8 0 2.5-0.7 4.9t-2.2 4.7-3.5 4-4.9 2.8-6.1 1q-5.1 0-9.3-2.7 0.6 0.1 1.5 0.1 4.3 0 7.6-2.6-2-0.1-3.5-1.2t-2.2-3q0.6 0.1 1.1 0.1 0.8 0 1.6-0.2-2.1-0.4-3.5-2.1t-1.4-3.9v-0.1q1.3 0.7 2.8 0.8-1.2-0.8-2-2.2t-0.7-2.9q0-1.7 0.8-3.1 2.3 2.8 5.5 4.5t7 1.9q-0.2-0.7-0.2-1.4 0-2.5 1.8-4.3t4.3-1.8q2.7 0 4.5 1.9 2.1-0.4 3.9-1.5-0.7 2.2-2.7 3.4 1.8-0.2 3.5-0.9z\" \/><\/svg><\/span><\/a><\/li><\/ul><\/div>","protected":false},"excerpt":{"rendered":"<p>Bruno Jasie\u0144ski Die Nase Nach der regelrechten Flut an Nasen-Literatur im 19. Jahrhundert scheint die Nase \u201enicht nur als Sinnesorgan, sondern auch als K\u00f6rperteil einer Verarmung ihrer Bedeutung zu unterliegen\u201c \u2013 dabei wurden an der Nase \u00fcber Jahrhunderte hinweg Identit\u00e4tsprobleme verhandelt und Identit\u00e4ten festgemacht! 2021 scheint jetzt aber zum naso-literarischen Ausnahmejahr zu werden. Nicht nur [&hellip;]<\/p>\n","protected":false},"author":2,"featured_media":0,"comment_status":"closed","ping_status":"closed","sticky":false,"template":"","format":"standard","meta":{"_links_to":"","_links_to_target":""},"categories":[8,15],"tags":[],"_links":{"self":[{"href":"https:\/\/autorenbuchhandlung-marx.de\/www\/wp-json\/wp\/v2\/posts\/2249"}],"collection":[{"href":"https:\/\/autorenbuchhandlung-marx.de\/www\/wp-json\/wp\/v2\/posts"}],"about":[{"href":"https:\/\/autorenbuchhandlung-marx.de\/www\/wp-json\/wp\/v2\/types\/post"}],"author":[{"embeddable":true,"href":"https:\/\/autorenbuchhandlung-marx.de\/www\/wp-json\/wp\/v2\/users\/2"}],"replies":[{"embeddable":true,"href":"https:\/\/autorenbuchhandlung-marx.de\/www\/wp-json\/wp\/v2\/comments?post=2249"}],"version-history":[{"count":3,"href":"https:\/\/autorenbuchhandlung-marx.de\/www\/wp-json\/wp\/v2\/posts\/2249\/revisions"}],"predecessor-version":[{"id":2252,"href":"https:\/\/autorenbuchhandlung-marx.de\/www\/wp-json\/wp\/v2\/posts\/2249\/revisions\/2252"}],"wp:attachment":[{"href":"https:\/\/autorenbuchhandlung-marx.de\/www\/wp-json\/wp\/v2\/media?parent=2249"}],"wp:term":[{"taxonomy":"category","embeddable":true,"href":"https:\/\/autorenbuchhandlung-marx.de\/www\/wp-json\/wp\/v2\/categories?post=2249"},{"taxonomy":"post_tag","embeddable":true,"href":"https:\/\/autorenbuchhandlung-marx.de\/www\/wp-json\/wp\/v2\/tags?post=2249"}],"curies":[{"name":"wp","href":"https:\/\/api.w.org\/{rel}","templated":true}]}}