{"id":20,"date":"2007-06-15T14:53:22","date_gmt":"2007-06-15T12:53:22","guid":{"rendered":""},"modified":"2013-08-02T15:51:49","modified_gmt":"2013-08-02T13:51:49","slug":"20","status":"publish","type":"post","link":"https:\/\/autorenbuchhandlung-marx.de\/www\/20\/","title":{"rendered":"Lesung &#8211; Ralph Roger Gl\u00f6ckler &#8211; Madre. Erz\u00e4hlung."},"content":{"rendered":"<div>\n<div>Datum:<\/div>\n<div>\n<div>Donnerstag, 28. Juni 2007 &#8211; 20:00<\/div>\n<\/div>\n<\/div>\n<div><\/div>\n<div>\n<div>Eintritt:<\/div>\n<div>\n<div>frei<\/div>\n<div><\/div>\n<\/div>\n<\/div>\n<div>\n<div>\n<div><noscript><img title alt=\"Cover Madre\" src=\"http:\/\/www.autorenbuchhandlung-marx.de\/files\/gloeckl3.jpg\" width=\"122\" height=\"200\"><\/noscript><img title alt=\"Cover Madre\" src=\"data:image\/svg+xml,%3Csvg%20xmlns%3D%22http%3A%2F%2Fwww.w3.org%2F2000%2Fsvg%22%20viewBox%3D%220%200%20122%20200%22%3E%3C%2Fsvg%3E\" width=\"122\" height=\"200\" data-src=\"http:\/\/www.autorenbuchhandlung-marx.de\/files\/gloeckl3.jpg\" class=\" lazyload\"><\/div>\n<div><\/div>\n<\/div>\n<\/div>\n<div>\n<div>\n<div>\n<p>Ralph Roger Gl\u00f6cklers Erz\u00e4hlung beruht auf den durch die Kirche zensierten und bisher unver\u00f6ffentlichten Notizen der Nonne Teresa da Anunciada (1658-1738), die auf der Azoreninsel Sao Miguel im Kloster lebte. In der Erz\u00e4hlung wird die Besessenheit der Nonne deutlich, mit der sie die B\u00fcste des \u201eSenhor Santo Cristo\u201c zum Leben erweckt. Sie ist die Begr\u00fcnderin dieses Kultes um die Jesusb\u00fcste, der bis heute auf der Azoreninsel gefeiert wird. Wie in einem Todes-Delirium werden die letzten Lebensstunden der Nonne in Form eines Bewu\u00dftseinsstroms entfaltet. Die Zeiten Vergangenheit, Gegenwart und Zukunft verlaufen in ihrem Erz\u00e4hlflu\u00df parallel. Teresa da Anunciada wird vor ihrem endg\u00fcltigen Tod in die heutige Zeit versetzt und erkennt den Kult, den sie selbst geschaffen hat, als G\u00f6tzendienst.<\/p>\n<\/div>\n<\/div>\n<\/div>\n<div>\n<div>\n<div><noscript><img title alt=\"Portr\u00e4t Gl\u00f6ckler\" src=\"http:\/\/www.autorenbuchhandlung-marx.de\/files\/fotogloe.gif\" width=\"109\" height=\"150\"><\/noscript><img title alt=\"Portr\u00e4t Gl\u00f6ckler\" src=\"data:image\/svg+xml,%3Csvg%20xmlns%3D%22http%3A%2F%2Fwww.w3.org%2F2000%2Fsvg%22%20viewBox%3D%220%200%20109%20150%22%3E%3C%2Fsvg%3E\" width=\"109\" height=\"150\" data-src=\"http:\/\/www.autorenbuchhandlung-marx.de\/files\/fotogloe.gif\" class=\" lazyload\"><\/div>\n<div><\/div>\n<\/div>\n<\/div>\n<div>\n<div>\n<div>\n<p><strong>Ralph Roger Gl\u00f6ckler<\/strong>, 1950 in Frankfurt geboren, studierte Germanistik, Romanistik und V\u00f6lkerkunde in T\u00fcbingen. Er lebt als freier Autor und \u00dcbersetzer in Frankfurt, Lissabon und New York. Zu seinen bisherigen Ver\u00f6ffentlichungen geh\u00f6ren neben Reportagen die literarische Reiseerz\u00e4hlungen \u00bbPortugal\u00ab (1980\/89), \u00bbVulkanische Reise\u00ab (1997), die Romane \u00bbReise ins Licht\u00ab (1984), \u00bbDie kalte Stadt\u00ab (1987), sowie die Gedichtb\u00fccher \u00bbtechnische innerei\u00ab (1973) und \u00bbDas Gesicht ablegen\u00ab (2001). Zuletzt erschien \u00bbCorvo. Eine Azoren-Utopie\u00ab (2005).<\/p>\n<\/div>\n<\/div>\n<\/div>\n<div class=\"shariff shariff-align-flex-start shariff-widget-align-flex-start\" data-services=\"facebook%7Ctwitter\" data-url=\"https%3A%2F%2Fautorenbuchhandlung-marx.de%2Fwww%2F20%2F\" data-timestamp=\"1375458709\" data-backendurl=\"https:\/\/autorenbuchhandlung-marx.de\/www\/wp-json\/shariff\/v1\/share_counts?\"><ul class=\"shariff-buttons theme-round orientation-horizontal buttonsize-medium\"><li class=\"shariff-button facebook shariff-nocustomcolor\" style=\"background-color:#4273c8\"><a href=\"https:\/\/www.facebook.com\/sharer\/sharer.php?u=https%3A%2F%2Fautorenbuchhandlung-marx.de%2Fwww%2F20%2F\" title=\"Bei Facebook teilen\" aria-label=\"Bei Facebook teilen\" role=\"button\" rel=\"nofollow\" class=\"shariff-link\" style=\"; background-color:#3b5998; color:#fff\" target=\"_blank\"><span class=\"shariff-icon\" style><svg width=\"32px\" height=\"20px\" viewBox=\"0 0 18 32\"><path fill=\"#3b5998\" d=\"M17.1 0.2v4.7h-2.8q-1.5 0-2.1 0.6t-0.5 1.9v3.4h5.2l-0.7 5.3h-4.5v13.6h-5.5v-13.6h-4.5v-5.3h4.5v-3.9q0-3.3 1.9-5.2t5-1.8q2.6 0 4.1 0.2z\" \/><\/svg><\/span><\/a><\/li><li class=\"shariff-button twitter shariff-nocustomcolor\" style=\"background-color:#32bbf5\"><a href=\"https:\/\/twitter.com\/share?url=https%3A%2F%2Fautorenbuchhandlung-marx.de%2Fwww%2F20%2F&amp;text=Lesung%20%E2%80%93%20Ralph%20Roger%20Gl%C3%B6ckler%20%E2%80%93%20Madre.%20Erz%C3%A4hlung.\" title=\"Bei Twitter teilen\" aria-label=\"Bei Twitter teilen\" role=\"button\" rel=\"noopener nofollow\" class=\"shariff-link\" style=\"; background-color:#55acee; color:#fff\" target=\"_blank\"><span class=\"shariff-icon\" style><svg width=\"32px\" height=\"20px\" viewBox=\"0 0 30 32\"><path fill=\"#55acee\" d=\"M29.7 6.8q-1.2 1.8-3 3.1 0 0.3 0 0.8 0 2.5-0.7 4.9t-2.2 4.7-3.5 4-4.9 2.8-6.1 1q-5.1 0-9.3-2.7 0.6 0.1 1.5 0.1 4.3 0 7.6-2.6-2-0.1-3.5-1.2t-2.2-3q0.6 0.1 1.1 0.1 0.8 0 1.6-0.2-2.1-0.4-3.5-2.1t-1.4-3.9v-0.1q1.3 0.7 2.8 0.8-1.2-0.8-2-2.2t-0.7-2.9q0-1.7 0.8-3.1 2.3 2.8 5.5 4.5t7 1.9q-0.2-0.7-0.2-1.4 0-2.5 1.8-4.3t4.3-1.8q2.7 0 4.5 1.9 2.1-0.4 3.9-1.5-0.7 2.2-2.7 3.4 1.8-0.2 3.5-0.9z\" \/><\/svg><\/span><\/a><\/li><\/ul><\/div>","protected":false},"excerpt":{"rendered":"<p>Datum: Donnerstag, 28. Juni 2007 &#8211; 20:00 Eintritt: frei Ralph Roger Gl\u00f6cklers Erz\u00e4hlung beruht auf den durch die Kirche zensierten und bisher unver\u00f6ffentlichten Notizen der Nonne Teresa da Anunciada (1658-1738), die auf der Azoreninsel Sao Miguel im Kloster lebte. In der Erz\u00e4hlung wird die Besessenheit der Nonne deutlich, mit der sie die B\u00fcste des \u201eSenhor [&hellip;]<\/p>\n","protected":false},"author":1,"featured_media":0,"comment_status":"open","ping_status":"open","sticky":false,"template":"","format":"standard","meta":{"_links_to":"","_links_to_target":""},"categories":[1],"tags":[],"_links":{"self":[{"href":"https:\/\/autorenbuchhandlung-marx.de\/www\/wp-json\/wp\/v2\/posts\/20"}],"collection":[{"href":"https:\/\/autorenbuchhandlung-marx.de\/www\/wp-json\/wp\/v2\/posts"}],"about":[{"href":"https:\/\/autorenbuchhandlung-marx.de\/www\/wp-json\/wp\/v2\/types\/post"}],"author":[{"embeddable":true,"href":"https:\/\/autorenbuchhandlung-marx.de\/www\/wp-json\/wp\/v2\/users\/1"}],"replies":[{"embeddable":true,"href":"https:\/\/autorenbuchhandlung-marx.de\/www\/wp-json\/wp\/v2\/comments?post=20"}],"version-history":[{"count":1,"href":"https:\/\/autorenbuchhandlung-marx.de\/www\/wp-json\/wp\/v2\/posts\/20\/revisions"}],"predecessor-version":[{"id":146,"href":"https:\/\/autorenbuchhandlung-marx.de\/www\/wp-json\/wp\/v2\/posts\/20\/revisions\/146"}],"wp:attachment":[{"href":"https:\/\/autorenbuchhandlung-marx.de\/www\/wp-json\/wp\/v2\/media?parent=20"}],"wp:term":[{"taxonomy":"category","embeddable":true,"href":"https:\/\/autorenbuchhandlung-marx.de\/www\/wp-json\/wp\/v2\/categories?post=20"},{"taxonomy":"post_tag","embeddable":true,"href":"https:\/\/autorenbuchhandlung-marx.de\/www\/wp-json\/wp\/v2\/tags?post=20"}],"curies":[{"name":"wp","href":"https:\/\/api.w.org\/{rel}","templated":true}]}}