{"id":1757,"date":"2020-09-01T15:23:56","date_gmt":"2020-09-01T13:23:56","guid":{"rendered":"https:\/\/autorenbuchhandlung-marx.de\/www\/?p=1757"},"modified":"2020-09-01T18:27:04","modified_gmt":"2020-09-01T16:27:04","slug":"veranstaltungen","status":"publish","type":"post","link":"https:\/\/autorenbuchhandlung-marx.de\/www\/veranstaltungen\/","title":{"rendered":"Veranstaltungen"},"content":{"rendered":"<div class=\"wp-block-image\"><figure class=\"alignright is-resized\"><noscript><img src=\"https:\/\/autorenbuchhandlung-marx.de\/www\/wp-content\/uploads\/2020\/08\/9783104035802.jpg\" alt class=\"wp-image-1759\" width=\"149\" height=\"228\" srcset=\"https:\/\/autorenbuchhandlung-marx.de\/www\/wp-content\/uploads\/2020\/08\/9783104035802.jpg 200w, https:\/\/autorenbuchhandlung-marx.de\/www\/wp-content\/uploads\/2020\/08\/9783104035802-196x300.jpg 196w\" sizes=\"(max-width: 149px) 100vw, 149px\"><\/noscript><img src=\"data:image\/svg+xml,%3Csvg%20xmlns%3D%22http%3A%2F%2Fwww.w3.org%2F2000%2Fsvg%22%20viewBox%3D%220%200%20149%20228%22%3E%3C%2Fsvg%3E\" alt class=\"wp-image-1759 lazyload\" width=\"149\" height=\"228\" srcset=\"data:image\/svg+xml,%3Csvg%20xmlns%3D%22http%3A%2F%2Fwww.w3.org%2F2000%2Fsvg%22%20viewBox%3D%220%200%20149%20228%22%3E%3C%2Fsvg%3E 149w\" sizes=\"(max-width: 149px) 100vw, 149px\" data-srcset=\"https:\/\/autorenbuchhandlung-marx.de\/www\/wp-content\/uploads\/2020\/08\/9783104035802.jpg 200w, https:\/\/autorenbuchhandlung-marx.de\/www\/wp-content\/uploads\/2020\/08\/9783104035802-196x300.jpg 196w\" data-src=\"https:\/\/autorenbuchhandlung-marx.de\/www\/wp-content\/uploads\/2020\/08\/9783104035802.jpg\"><figcaption>10. September<br>Ausstellungshalle 1A <\/figcaption><\/figure><\/div>\n\n\n\n<p>Liebe Freundinnen und Freunde des unabh\u00e4ngigen Buchhandels, werte Kundschaft,  <\/p>\n\n\n\n<p>besondere Zeiten erfordern besondere Formate.  Eigentlich h\u00e4tten wir Sie am 10. September und am 1. Oktober 2020 zu uns in die Buchhandlung eingeladen:  Zu einem Abend mit dem Literaturwissenschaftler Christian Metz und Andreas Platthaus (Leiter des Ressorts Literatur und literarisches Leben bei der FAZ) sowie zu einem Abend mit dem Autor Abbas Khider und der Literaturkritikerin Insa Wilke.  W\u00e4hrend wir unsere T\u00fcren f\u00fcr Veranstaltungen noch nicht \u00f6ffnen k\u00f6nnen, starten die Frankfurter Premieren und das Literaturhaus Frankfurt am 1. September wieder mit ihren Programmen.  Wir freuen uns sehr, dass wir bei beiden Veranstaltungen mit ihnen kooperieren k\u00f6nnen und das literarische Leben ein bisschen weitergeht.  <\/p>\n\n\n\n<p>Am 10. September wird <strong>Christian Metz<\/strong> seine kulturwissenschaftliche Studie Kitzel, <em>Genealogie einer menschlichen Empfindung<\/em> mit <strong>Andreas Platthaus<\/strong> in der Ausstellungshalle 1A bei den Frankfurter Premieren diskutieren. <\/p>\n\n\n\n<div class=\"wp-block-image\"><figure class=\"alignright is-resized\"><noscript><img src=\"https:\/\/autorenbuchhandlung-marx.de\/www\/wp-content\/uploads\/2020\/08\/9783446265653.jpg\" alt class=\"wp-image-1760\" width=\"145\" height=\"237\" srcset=\"https:\/\/autorenbuchhandlung-marx.de\/www\/wp-content\/uploads\/2020\/08\/9783446265653.jpg 200w, https:\/\/autorenbuchhandlung-marx.de\/www\/wp-content\/uploads\/2020\/08\/9783446265653-183x300.jpg 183w\" sizes=\"(max-width: 145px) 100vw, 145px\"><\/noscript><img src=\"data:image\/svg+xml,%3Csvg%20xmlns%3D%22http%3A%2F%2Fwww.w3.org%2F2000%2Fsvg%22%20viewBox%3D%220%200%20145%20237%22%3E%3C%2Fsvg%3E\" alt class=\"wp-image-1760 lazyload\" width=\"145\" height=\"237\" srcset=\"data:image\/svg+xml,%3Csvg%20xmlns%3D%22http%3A%2F%2Fwww.w3.org%2F2000%2Fsvg%22%20viewBox%3D%220%200%20145%20237%22%3E%3C%2Fsvg%3E 145w\" sizes=\"(max-width: 145px) 100vw, 145px\" data-srcset=\"https:\/\/autorenbuchhandlung-marx.de\/www\/wp-content\/uploads\/2020\/08\/9783446265653.jpg 200w, https:\/\/autorenbuchhandlung-marx.de\/www\/wp-content\/uploads\/2020\/08\/9783446265653-183x300.jpg 183w\" data-src=\"https:\/\/autorenbuchhandlung-marx.de\/www\/wp-content\/uploads\/2020\/08\/9783446265653.jpg\"><figcaption>1. Oktober <br>Literaturhaus Frankfurt<\/figcaption><\/figure><\/div>\n\n\n\n<p>Am 1. Oktober wird <strong>Abbas Khider<\/strong> seinen neuen Roman <em>Palast der Miserablen<\/em> mit <strong>Anna Engel<\/strong> im Literaturhaus vorstellen.<\/p>\n\n\n\n<p> Zu beiden Veranstaltungen wollen wir Sie und Euch herzlich einladen: Wir k\u00f6nnen einige Karten f\u00fcr die Veranstaltung Metz\/Platthaus verkaufen (Do., 10. September, 19.30 Uhr, Frankfurter Premieren) sowie ein paar wenige f\u00fcr den Abend mit Abbas Khider um 18 Uhr (Do., 1. Oktober, im Literaturhaus). Wir w\u00fcrden uns sehr freuen, Sie und Euch ausnahmsweise mal au\u00dferhalb unserer Buchhandlung zu treffen.  <\/p>\n\n\n\n<p>Wer bei uns keine Karten mehr bekommen sollte: Auch die stille Lekt\u00fcre der B\u00fccher ist absolut empfehlenswert, und es gibt noch weitere Karten direkt bei den Veranstaltern. <\/p>\n\n\n\n<p> Herzlichst Ihre Autorenbuchh\u00e4ndler*innen<\/p>\n<div class=\"shariff shariff-align-flex-start shariff-widget-align-flex-start\" data-services=\"facebook%7Ctwitter\" data-url=\"https%3A%2F%2Fautorenbuchhandlung-marx.de%2Fwww%2Fveranstaltungen%2F\" data-timestamp=\"1598984824\" data-backendurl=\"https:\/\/autorenbuchhandlung-marx.de\/www\/wp-json\/shariff\/v1\/share_counts?\"><ul class=\"shariff-buttons theme-round orientation-horizontal buttonsize-medium\"><li class=\"shariff-button facebook shariff-nocustomcolor\" style=\"background-color:#4273c8\"><a href=\"https:\/\/www.facebook.com\/sharer\/sharer.php?u=https%3A%2F%2Fautorenbuchhandlung-marx.de%2Fwww%2Fveranstaltungen%2F\" title=\"Bei Facebook teilen\" aria-label=\"Bei Facebook teilen\" role=\"button\" rel=\"nofollow\" class=\"shariff-link\" style=\"; background-color:#3b5998; color:#fff\" target=\"_blank\"><span class=\"shariff-icon\" style><svg width=\"32px\" height=\"20px\" viewBox=\"0 0 18 32\"><path fill=\"#3b5998\" d=\"M17.1 0.2v4.7h-2.8q-1.5 0-2.1 0.6t-0.5 1.9v3.4h5.2l-0.7 5.3h-4.5v13.6h-5.5v-13.6h-4.5v-5.3h4.5v-3.9q0-3.3 1.9-5.2t5-1.8q2.6 0 4.1 0.2z\" \/><\/svg><\/span><\/a><\/li><li class=\"shariff-button twitter shariff-nocustomcolor\" style=\"background-color:#32bbf5\"><a href=\"https:\/\/twitter.com\/share?url=https%3A%2F%2Fautorenbuchhandlung-marx.de%2Fwww%2Fveranstaltungen%2F&amp;text=Veranstaltungen\" title=\"Bei Twitter teilen\" aria-label=\"Bei Twitter teilen\" role=\"button\" rel=\"noopener nofollow\" class=\"shariff-link\" style=\"; background-color:#55acee; color:#fff\" target=\"_blank\"><span class=\"shariff-icon\" style><svg width=\"32px\" height=\"20px\" viewBox=\"0 0 30 32\"><path fill=\"#55acee\" d=\"M29.7 6.8q-1.2 1.8-3 3.1 0 0.3 0 0.8 0 2.5-0.7 4.9t-2.2 4.7-3.5 4-4.9 2.8-6.1 1q-5.1 0-9.3-2.7 0.6 0.1 1.5 0.1 4.3 0 7.6-2.6-2-0.1-3.5-1.2t-2.2-3q0.6 0.1 1.1 0.1 0.8 0 1.6-0.2-2.1-0.4-3.5-2.1t-1.4-3.9v-0.1q1.3 0.7 2.8 0.8-1.2-0.8-2-2.2t-0.7-2.9q0-1.7 0.8-3.1 2.3 2.8 5.5 4.5t7 1.9q-0.2-0.7-0.2-1.4 0-2.5 1.8-4.3t4.3-1.8q2.7 0 4.5 1.9 2.1-0.4 3.9-1.5-0.7 2.2-2.7 3.4 1.8-0.2 3.5-0.9z\" \/><\/svg><\/span><\/a><\/li><\/ul><\/div>","protected":false},"excerpt":{"rendered":"<p>Liebe Freundinnen und Freunde des unabh\u00e4ngigen Buchhandels, werte Kundschaft, besondere Zeiten erfordern besondere Formate. Eigentlich h\u00e4tten wir Sie am 10. September und am 1. Oktober 2020 zu uns in die Buchhandlung eingeladen: Zu einem Abend mit dem Literaturwissenschaftler Christian Metz und Andreas Platthaus (Leiter des Ressorts Literatur und literarisches Leben bei der FAZ) sowie zu [&hellip;]<\/p>\n","protected":false},"author":2,"featured_media":0,"comment_status":"closed","ping_status":"closed","sticky":false,"template":"","format":"standard","meta":{"_links_to":"","_links_to_target":""},"categories":[1],"tags":[],"_links":{"self":[{"href":"https:\/\/autorenbuchhandlung-marx.de\/www\/wp-json\/wp\/v2\/posts\/1757"}],"collection":[{"href":"https:\/\/autorenbuchhandlung-marx.de\/www\/wp-json\/wp\/v2\/posts"}],"about":[{"href":"https:\/\/autorenbuchhandlung-marx.de\/www\/wp-json\/wp\/v2\/types\/post"}],"author":[{"embeddable":true,"href":"https:\/\/autorenbuchhandlung-marx.de\/www\/wp-json\/wp\/v2\/users\/2"}],"replies":[{"embeddable":true,"href":"https:\/\/autorenbuchhandlung-marx.de\/www\/wp-json\/wp\/v2\/comments?post=1757"}],"version-history":[{"count":15,"href":"https:\/\/autorenbuchhandlung-marx.de\/www\/wp-json\/wp\/v2\/posts\/1757\/revisions"}],"predecessor-version":[{"id":1774,"href":"https:\/\/autorenbuchhandlung-marx.de\/www\/wp-json\/wp\/v2\/posts\/1757\/revisions\/1774"}],"wp:attachment":[{"href":"https:\/\/autorenbuchhandlung-marx.de\/www\/wp-json\/wp\/v2\/media?parent=1757"}],"wp:term":[{"taxonomy":"category","embeddable":true,"href":"https:\/\/autorenbuchhandlung-marx.de\/www\/wp-json\/wp\/v2\/categories?post=1757"},{"taxonomy":"post_tag","embeddable":true,"href":"https:\/\/autorenbuchhandlung-marx.de\/www\/wp-json\/wp\/v2\/tags?post=1757"}],"curies":[{"name":"wp","href":"https:\/\/api.w.org\/{rel}","templated":true}]}}