{"id":1722,"date":"2020-08-12T14:53:47","date_gmt":"2020-08-12T12:53:47","guid":{"rendered":"https:\/\/autorenbuchhandlung-marx.de\/www\/?p=1722"},"modified":"2020-08-12T14:56:59","modified_gmt":"2020-08-12T12:56:59","slug":"buchempfehlung-39","status":"publish","type":"post","link":"https:\/\/autorenbuchhandlung-marx.de\/www\/buchempfehlung-39\/","title":{"rendered":"Buchempfehlung"},"content":{"rendered":"<h3>Eric Vuillard<\/h3>\n\n\n\n<h2>Der Krieg der Armen<\/h2>\n\n\n\n<div class=\"wp-block-image\"><figure class=\"alignright\"><a href=\"https:\/\/kommbuch.com\/detail\/?ean=978-3-95757-837-2\" target=\"_blank\" rel=\"noreferrer noopener\"><noscript><img width=\"200\" height=\"332\" src=\"https:\/\/autorenbuchhandlung-marx.de\/www\/wp-content\/uploads\/2020\/07\/juli2.jpg\" alt class=\"wp-image-1702\" srcset=\"https:\/\/autorenbuchhandlung-marx.de\/www\/wp-content\/uploads\/2020\/07\/juli2.jpg 200w, https:\/\/autorenbuchhandlung-marx.de\/www\/wp-content\/uploads\/2020\/07\/juli2-181x300.jpg 181w\" sizes=\"(max-width: 200px) 100vw, 200px\"><\/noscript><img width=\"200\" height=\"332\" src=\"data:image\/svg+xml,%3Csvg%20xmlns%3D%22http%3A%2F%2Fwww.w3.org%2F2000%2Fsvg%22%20viewBox%3D%220%200%20200%20332%22%3E%3C%2Fsvg%3E\" alt class=\"wp-image-1702 lazyload\" srcset=\"data:image\/svg+xml,%3Csvg%20xmlns%3D%22http%3A%2F%2Fwww.w3.org%2F2000%2Fsvg%22%20viewBox%3D%220%200%20200%20332%22%3E%3C%2Fsvg%3E 200w\" sizes=\"(max-width: 200px) 100vw, 200px\" data-srcset=\"https:\/\/autorenbuchhandlung-marx.de\/www\/wp-content\/uploads\/2020\/07\/juli2.jpg 200w, https:\/\/autorenbuchhandlung-marx.de\/www\/wp-content\/uploads\/2020\/07\/juli2-181x300.jpg 181w\" data-src=\"https:\/\/autorenbuchhandlung-marx.de\/www\/wp-content\/uploads\/2020\/07\/juli2.jpg\"><\/a><figcaption>Matthes &amp; Seitz Verlag<br>16 \u20ac<\/figcaption><\/figure><\/div>\n\n\n\n<p>Gew\u00f6hnlich erkennt man historische Romane an ihren vielen eng gedruckten Seiten und ihren Beschreibungen. Vuillards <em>Der Krieg der Armen<\/em>\n \u00fcber die Bauernaufst\u00e4nde im 16. Jahrhundert ist ein historischer \nRomanessay anderer Natur: Der Autor konzentriert sich auf Wendepunkte \nder Geschichte und konfrontiert Leserin und Leser ganz ohne epische \nBreite mit Stimmungen, Ger\u00e4uschen, Ger\u00fcchen, Kl\u00e4ngen, Texturen und \nLandschaften.<\/p>\n\n\n\n<p><em>Der Krieg der Armen<\/em> stellt das Handeln \neinflussreicher Figuren der Reformation in den Vordergrund: Thomas \nM\u00fcntzer und seine Vorl\u00e4ufer John Wyclif und Jan Hus. Anders als Martin \nLuther vertritt Thomas M\u00fcntzer, geboren 1489 in Stolberg im Harz, die \nPosition, auch mit Gewalt gegen die Unterdr\u00fcckung der Armen durch Kirche\n und F\u00fcrsten k\u00e4mpfen zu m\u00fcssen. M\u00fcntzers Entr\u00fcstung \u00fcber die \nUngerechtigkeit der R\u00f6mischen Kirche beginnt im Alter von elf Jahren, \nals sein Vater geh\u00e4ngt wurde. Er wird Prediger in Zwickau, Prag, \nAllstedt und M\u00fchlhausen, wo er vor den Armen leidenschaftlich \u2013 und vor \nallem nicht in Latein, sondern auf Deutsch \u2013 predigt und sie auf die \nUngerechtigkeit ihrer Situation st\u00f6\u00dft. Er wiegelt die Bauern auf und \nf\u00f6rdert die gewaltsamen Aufst\u00e4nde in Hessen, Oberfranken, Th\u00fcringen und \nSachsen. Nach der Niederlage der Bauern in der Schlacht bei \nFrankenhausen wird M\u00fcntzer enthauptet.<\/p>\n\n\n\n<p>Der Roman erz\u00e4hlt die Geschichte der fr\u00fchneuzeitlichen  Bauernaufst\u00e4nde als Willensgeschichte eines entschlossenen Mannes, den  seine \u00dcberzeugung das Leben kostet, der aber Gleichheit, Freiheit und  Gerechtigkeit in die Welt bringt. Sozialkitsch, m\u00f6chte man meinen, w\u00e4re  das Buch nicht von ungeheurer literarischer Qualit\u00e4t. Das Genre, das  Vuillard hier bedient, ist wirklich ganz erstaunlich \u2013 man k\u00f6nnte es  historisches Haiku nennen, wenn die Sprache des Romans nicht so saftig,  direkt und radikal w\u00e4re. Die K\u00fcrze tritt an Stelle der ausf\u00fchrlichen  Beschreibungsdichte des historischen Romans. Stattdessen scheint jedes  Wort einen ganzen Roman zu entfalten. Beim Lesen scheint es, als k\u00f6nnte  keine noch so ausf\u00fchrliche Beschreibung an die Lebendigkeit  heranreichen, die Vuillards Lakonie erreicht. Dabei ist hier nichts objektiv: Die Erz\u00e4hlinstanz wird selbst zur handelnden Figur, die w\u00fctet,  rast, euphorisch jubelt, schimpft und spottet. Es ist genau dieser  Erz\u00e4hler, der die im historischen Pr\u00e4sens erz\u00e4hlte Geschichte lebendig  macht, ohne dass die erz\u00e4hlten Figuren tats\u00e4chlich plastisch werden. Es  gibt dabei auch nicht die geringste Ambivalenz, nicht den Hauch eines  Zweifels an der Parteinahme der Erz\u00e4hlstimme f\u00fcr die Aufst\u00e4ndischen und  gegen die F\u00fcrsten. Es istein merkw\u00fcrdiger Kontrast zwischen Lebendigkeit  und Holzschnitt, der den Reiz des Buchs ausmacht. <\/p>\n\n\n\n<p>In dieser ungeheuren, komprimierten Dichte bleibt es \nnicht aus, dass das Wort auf sich selbst verweist und somit das \nPoetische ins Zentrum r\u00fcckt. Nicht f\u00fcr die Geschichte also, sondern f\u00fcr \ndie Literatur l\u00e4sst sich w\u00fcnschen, dass Vuillard weiter so radikal in \ndie Geschichte blickt; und vielleicht w\u00e4re das der Beginn einer neuen, \nzeitgem\u00e4\u00dfen Interpretation von \u201eengagierter Literatur\u201c.<\/p>\n\n\n\n<p>Alena Heinritz, M\u00fcnster<\/p>\n<div class=\"shariff shariff-align-flex-start shariff-widget-align-flex-start\" data-services=\"facebook%7Ctwitter\" data-url=\"https%3A%2F%2Fautorenbuchhandlung-marx.de%2Fwww%2Fbuchempfehlung-39%2F\" data-timestamp=\"1597244219\" data-backendurl=\"https:\/\/autorenbuchhandlung-marx.de\/www\/wp-json\/shariff\/v1\/share_counts?\"><ul class=\"shariff-buttons theme-round orientation-horizontal buttonsize-medium\"><li class=\"shariff-button facebook shariff-nocustomcolor\" style=\"background-color:#4273c8\"><a href=\"https:\/\/www.facebook.com\/sharer\/sharer.php?u=https%3A%2F%2Fautorenbuchhandlung-marx.de%2Fwww%2Fbuchempfehlung-39%2F\" title=\"Bei Facebook teilen\" aria-label=\"Bei Facebook teilen\" role=\"button\" rel=\"nofollow\" class=\"shariff-link\" style=\"; background-color:#3b5998; color:#fff\" target=\"_blank\"><span class=\"shariff-icon\" style><svg width=\"32px\" height=\"20px\" viewBox=\"0 0 18 32\"><path fill=\"#3b5998\" d=\"M17.1 0.2v4.7h-2.8q-1.5 0-2.1 0.6t-0.5 1.9v3.4h5.2l-0.7 5.3h-4.5v13.6h-5.5v-13.6h-4.5v-5.3h4.5v-3.9q0-3.3 1.9-5.2t5-1.8q2.6 0 4.1 0.2z\" \/><\/svg><\/span><\/a><\/li><li class=\"shariff-button twitter shariff-nocustomcolor\" style=\"background-color:#32bbf5\"><a href=\"https:\/\/twitter.com\/share?url=https%3A%2F%2Fautorenbuchhandlung-marx.de%2Fwww%2Fbuchempfehlung-39%2F&amp;text=Buchempfehlung\" title=\"Bei Twitter teilen\" aria-label=\"Bei Twitter teilen\" role=\"button\" rel=\"noopener nofollow\" class=\"shariff-link\" style=\"; background-color:#55acee; color:#fff\" target=\"_blank\"><span class=\"shariff-icon\" style><svg width=\"32px\" height=\"20px\" viewBox=\"0 0 30 32\"><path fill=\"#55acee\" d=\"M29.7 6.8q-1.2 1.8-3 3.1 0 0.3 0 0.8 0 2.5-0.7 4.9t-2.2 4.7-3.5 4-4.9 2.8-6.1 1q-5.1 0-9.3-2.7 0.6 0.1 1.5 0.1 4.3 0 7.6-2.6-2-0.1-3.5-1.2t-2.2-3q0.6 0.1 1.1 0.1 0.8 0 1.6-0.2-2.1-0.4-3.5-2.1t-1.4-3.9v-0.1q1.3 0.7 2.8 0.8-1.2-0.8-2-2.2t-0.7-2.9q0-1.7 0.8-3.1 2.3 2.8 5.5 4.5t7 1.9q-0.2-0.7-0.2-1.4 0-2.5 1.8-4.3t4.3-1.8q2.7 0 4.5 1.9 2.1-0.4 3.9-1.5-0.7 2.2-2.7 3.4 1.8-0.2 3.5-0.9z\" \/><\/svg><\/span><\/a><\/li><\/ul><\/div>","protected":false},"excerpt":{"rendered":"<p>Eric Vuillard Der Krieg der Armen Gew\u00f6hnlich erkennt man historische Romane an ihren vielen eng gedruckten Seiten und ihren Beschreibungen. Vuillards Der Krieg der Armen \u00fcber die Bauernaufst\u00e4nde im 16. Jahrhundert ist ein historischer Romanessay anderer Natur: Der Autor konzentriert sich auf Wendepunkte der Geschichte und konfrontiert Leserin und Leser ganz ohne epische Breite mit [&hellip;]<\/p>\n","protected":false},"author":2,"featured_media":0,"comment_status":"closed","ping_status":"closed","sticky":false,"template":"","format":"standard","meta":{"_links_to":"","_links_to_target":""},"categories":[8],"tags":[],"_links":{"self":[{"href":"https:\/\/autorenbuchhandlung-marx.de\/www\/wp-json\/wp\/v2\/posts\/1722"}],"collection":[{"href":"https:\/\/autorenbuchhandlung-marx.de\/www\/wp-json\/wp\/v2\/posts"}],"about":[{"href":"https:\/\/autorenbuchhandlung-marx.de\/www\/wp-json\/wp\/v2\/types\/post"}],"author":[{"embeddable":true,"href":"https:\/\/autorenbuchhandlung-marx.de\/www\/wp-json\/wp\/v2\/users\/2"}],"replies":[{"embeddable":true,"href":"https:\/\/autorenbuchhandlung-marx.de\/www\/wp-json\/wp\/v2\/comments?post=1722"}],"version-history":[{"count":3,"href":"https:\/\/autorenbuchhandlung-marx.de\/www\/wp-json\/wp\/v2\/posts\/1722\/revisions"}],"predecessor-version":[{"id":1726,"href":"https:\/\/autorenbuchhandlung-marx.de\/www\/wp-json\/wp\/v2\/posts\/1722\/revisions\/1726"}],"wp:attachment":[{"href":"https:\/\/autorenbuchhandlung-marx.de\/www\/wp-json\/wp\/v2\/media?parent=1722"}],"wp:term":[{"taxonomy":"category","embeddable":true,"href":"https:\/\/autorenbuchhandlung-marx.de\/www\/wp-json\/wp\/v2\/categories?post=1722"},{"taxonomy":"post_tag","embeddable":true,"href":"https:\/\/autorenbuchhandlung-marx.de\/www\/wp-json\/wp\/v2\/tags?post=1722"}],"curies":[{"name":"wp","href":"https:\/\/api.w.org\/{rel}","templated":true}]}}