{"id":1648,"date":"2020-07-16T15:10:19","date_gmt":"2020-07-16T13:10:19","guid":{"rendered":"https:\/\/autorenbuchhandlung-marx.de\/www\/?p=1648"},"modified":"2020-07-16T15:42:08","modified_gmt":"2020-07-16T13:42:08","slug":"sommer-sonne-open-air","status":"publish","type":"post","link":"https:\/\/autorenbuchhandlung-marx.de\/www\/sommer-sonne-open-air\/","title":{"rendered":"Sommer, Sonne, Open Air"},"content":{"rendered":"<h4>Unsere <strong>Bilderbuchferien<\/strong><strong> <\/strong>gehen an die frische Luft.<\/h4>\n\n\n\n<h4>Direkt vor unserer Buchhandlung laden wir ein zum gem\u00fctlichen B\u00fccherpicknick und lesen vor <\/h4>\n\n\n\n<h4>jeweils <strong>mittwochs um 11 Uhr<\/strong> (wenn\u2019s nicht regnet).<\/h4>\n\n\n\n<h2>am Mittwoch, den 22. Juli<\/h2>\n\n\n\n<div class=\"wp-block-media-text alignwide has-media-on-the-right has-luminous-vivid-orange-background-color\" style=\"grid-template-columns:auto 21%\"><figure class=\"wp-block-media-text__media\"><noscript><img width=\"200\" height=\"258\" src=\"https:\/\/autorenbuchhandlung-marx.de\/www\/wp-content\/uploads\/2020\/07\/seepferd.jpg\" alt class=\"wp-image-1654\"><\/noscript><img width=\"200\" height=\"258\" src=\"data:image\/svg+xml,%3Csvg%20xmlns%3D%22http%3A%2F%2Fwww.w3.org%2F2000%2Fsvg%22%20viewBox%3D%220%200%20200%20258%22%3E%3C%2Fsvg%3E\" alt class=\"wp-image-1654 lazyload\" data-src=\"https:\/\/autorenbuchhandlung-marx.de\/www\/wp-content\/uploads\/2020\/07\/seepferd.jpg\"><\/figure><div class=\"wp-block-media-text__content\">\n<p style=\"text-align:right\">C. Spengler, K. Gehrmann <br><strong>Seepferdchen sind ausverkauft<\/strong><br>Moritz Verlag<br>ab 5 Jahre  <\/p>\n\n\n\n<p>  <\/p>\n<\/div><\/div>\n\n\n\n<div class=\"wp-block-media-text alignwide has-luminous-vivid-orange-background-color\" style=\"grid-template-columns:20% auto\"><figure class=\"wp-block-media-text__media\"><noscript><img width=\"200\" height=\"284\" src=\"https:\/\/autorenbuchhandlung-marx.de\/www\/wp-content\/uploads\/2020\/07\/kakao.jpg\" alt class=\"wp-image-1653\"><\/noscript><img width=\"200\" height=\"284\" src=\"data:image\/svg+xml,%3Csvg%20xmlns%3D%22http%3A%2F%2Fwww.w3.org%2F2000%2Fsvg%22%20viewBox%3D%220%200%20200%20284%22%3E%3C%2Fsvg%3E\" alt class=\"wp-image-1653 lazyload\" data-src=\"https:\/\/autorenbuchhandlung-marx.de\/www\/wp-content\/uploads\/2020\/07\/kakao.jpg\"><\/figure><div class=\"wp-block-media-text__content\">\n<p style=\"text-align:left\">Valentina Br\u00fcning  <br><strong>Kakao und Fischbr\u00f6tchen<\/strong> <br>Tulipan Verlag<br>ab 8 Jahre    <\/p>\n<\/div><\/div>\n\n\n\n<h2>am Mittwoch, den 29. Juli<\/h2>\n\n\n\n<div class=\"wp-block-media-text alignwide has-media-on-the-right has-luminous-vivid-amber-background-color\" style=\"grid-template-columns:auto 23%\"><figure class=\"wp-block-media-text__media\"><noscript><img width=\"200\" height=\"276\" src=\"https:\/\/autorenbuchhandlung-marx.de\/www\/wp-content\/uploads\/2020\/07\/bibu3.jpg\" alt class=\"wp-image-1652\"><\/noscript><img width=\"200\" height=\"276\" src=\"data:image\/svg+xml,%3Csvg%20xmlns%3D%22http%3A%2F%2Fwww.w3.org%2F2000%2Fsvg%22%20viewBox%3D%220%200%20200%20276%22%3E%3C%2Fsvg%3E\" alt class=\"wp-image-1652 lazyload\" data-src=\"https:\/\/autorenbuchhandlung-marx.de\/www\/wp-content\/uploads\/2020\/07\/bibu3.jpg\"><\/figure><div class=\"wp-block-media-text__content\">\n<p style=\"text-align:right\" class=\"has-background has-luminous-vivid-amber-background-color\">Olivier Tallec <br><strong>Das ist mein Baum<\/strong><br>Gerstenberg Verlag<br>ab 3 Jahre <\/p>\n<\/div><\/div>\n\n\n\n<div class=\"wp-block-media-text alignwide has-luminous-vivid-amber-background-color\" style=\"grid-template-columns:23% auto\"><figure class=\"wp-block-media-text__media\"><noscript><img width=\"200\" height=\"268\" src=\"https:\/\/autorenbuchhandlung-marx.de\/www\/wp-content\/uploads\/2020\/07\/bibu4.jpg\" alt class=\"wp-image-1651\"><\/noscript><img width=\"200\" height=\"268\" src=\"data:image\/svg+xml,%3Csvg%20xmlns%3D%22http%3A%2F%2Fwww.w3.org%2F2000%2Fsvg%22%20viewBox%3D%220%200%20200%20268%22%3E%3C%2Fsvg%3E\" alt class=\"wp-image-1651 lazyload\" data-src=\"https:\/\/autorenbuchhandlung-marx.de\/www\/wp-content\/uploads\/2020\/07\/bibu4.jpg\"><\/figure><div class=\"wp-block-media-text__content\">\n<p style=\"text-align:left\" class=\"has-background has-luminous-vivid-amber-background-color\">Gunnel Linde<br><strong>Mit Jasper im Gep\u00e4ck<\/strong><br>Gerstenberg Verlag<br>ab 8 Jahre <\/p>\n<\/div><\/div>\n\n\n\n<h3>am Mittwoch, den 5. August<\/h3>\n\n\n\n<div class=\"wp-block-media-text alignwide has-media-on-the-right\" style=\"background-color:#4ad12e;grid-template-columns:auto 21%\"><figure class=\"wp-block-media-text__media\"><noscript><img width=\"200\" height=\"277\" src=\"https:\/\/autorenbuchhandlung-marx.de\/www\/wp-content\/uploads\/2020\/07\/bibu5.jpg\" alt class=\"wp-image-1650\"><\/noscript><img width=\"200\" height=\"277\" src=\"data:image\/svg+xml,%3Csvg%20xmlns%3D%22http%3A%2F%2Fwww.w3.org%2F2000%2Fsvg%22%20viewBox%3D%220%200%20200%20277%22%3E%3C%2Fsvg%3E\" alt class=\"wp-image-1650 lazyload\" data-src=\"https:\/\/autorenbuchhandlung-marx.de\/www\/wp-content\/uploads\/2020\/07\/bibu5.jpg\"><\/figure><div class=\"wp-block-media-text__content\">\n<p style=\"background-color:#4ad12e;text-align:right\" class=\"has-background\">Smriti Halls und Steve Small, mit Reimen von Paul Maar <br><strong>Ohne dich, das geht doch nicht<\/strong>!<br>Oetinger Verlag<br>ab 4 Jahre <\/p>\n<\/div><\/div>\n\n\n\n<div class=\"wp-block-media-text alignwide\" style=\"background-color:#4ad12e;grid-template-columns:21% auto\"><figure class=\"wp-block-media-text__media\"><noscript><img width=\"200\" height=\"256\" src=\"https:\/\/autorenbuchhandlung-marx.de\/www\/wp-content\/uploads\/2020\/07\/bibu6.jpg\" alt class=\"wp-image-1649\"><\/noscript><img width=\"200\" height=\"256\" src=\"data:image\/svg+xml,%3Csvg%20xmlns%3D%22http%3A%2F%2Fwww.w3.org%2F2000%2Fsvg%22%20viewBox%3D%220%200%20200%20256%22%3E%3C%2Fsvg%3E\" alt class=\"wp-image-1649 lazyload\" data-src=\"https:\/\/autorenbuchhandlung-marx.de\/www\/wp-content\/uploads\/2020\/07\/bibu6.jpg\"><\/figure><div class=\"wp-block-media-text__content\">\n<p style=\"text-align:left\">Jens Rassmus  <br><strong>Juhu, Letzer!<\/strong><br>Nilpferd Verlag<br>ab 6-99 Jahre  <\/p>\n<\/div><\/div>\n\n\n\n<h4>Wir freuen uns auf Euch. Sch\u00f6ne Ferien w\u00fcnschen die Buchh\u00e4ndler*innen aus der autorenbuchhandlung!<\/h4>\n<div class=\"shariff shariff-align-flex-start shariff-widget-align-flex-start\" data-services=\"facebook%7Ctwitter\" data-url=\"https%3A%2F%2Fautorenbuchhandlung-marx.de%2Fwww%2Fsommer-sonne-open-air%2F\" data-timestamp=\"1594914128\" data-backendurl=\"https:\/\/autorenbuchhandlung-marx.de\/www\/wp-json\/shariff\/v1\/share_counts?\"><ul class=\"shariff-buttons theme-round orientation-horizontal buttonsize-medium\"><li class=\"shariff-button facebook shariff-nocustomcolor\" style=\"background-color:#4273c8\"><a href=\"https:\/\/www.facebook.com\/sharer\/sharer.php?u=https%3A%2F%2Fautorenbuchhandlung-marx.de%2Fwww%2Fsommer-sonne-open-air%2F\" title=\"Bei Facebook teilen\" aria-label=\"Bei Facebook teilen\" role=\"button\" rel=\"nofollow\" class=\"shariff-link\" style=\"; background-color:#3b5998; color:#fff\" target=\"_blank\"><span class=\"shariff-icon\" style><svg width=\"32px\" height=\"20px\" viewBox=\"0 0 18 32\"><path fill=\"#3b5998\" d=\"M17.1 0.2v4.7h-2.8q-1.5 0-2.1 0.6t-0.5 1.9v3.4h5.2l-0.7 5.3h-4.5v13.6h-5.5v-13.6h-4.5v-5.3h4.5v-3.9q0-3.3 1.9-5.2t5-1.8q2.6 0 4.1 0.2z\" \/><\/svg><\/span><\/a><\/li><li class=\"shariff-button twitter shariff-nocustomcolor\" style=\"background-color:#32bbf5\"><a href=\"https:\/\/twitter.com\/share?url=https%3A%2F%2Fautorenbuchhandlung-marx.de%2Fwww%2Fsommer-sonne-open-air%2F&amp;text=Sommer%2C%20Sonne%2C%20Open%20Air\" title=\"Bei Twitter teilen\" aria-label=\"Bei Twitter teilen\" role=\"button\" rel=\"noopener nofollow\" class=\"shariff-link\" style=\"; background-color:#55acee; color:#fff\" target=\"_blank\"><span class=\"shariff-icon\" style><svg width=\"32px\" height=\"20px\" viewBox=\"0 0 30 32\"><path fill=\"#55acee\" d=\"M29.7 6.8q-1.2 1.8-3 3.1 0 0.3 0 0.8 0 2.5-0.7 4.9t-2.2 4.7-3.5 4-4.9 2.8-6.1 1q-5.1 0-9.3-2.7 0.6 0.1 1.5 0.1 4.3 0 7.6-2.6-2-0.1-3.5-1.2t-2.2-3q0.6 0.1 1.1 0.1 0.8 0 1.6-0.2-2.1-0.4-3.5-2.1t-1.4-3.9v-0.1q1.3 0.7 2.8 0.8-1.2-0.8-2-2.2t-0.7-2.9q0-1.7 0.8-3.1 2.3 2.8 5.5 4.5t7 1.9q-0.2-0.7-0.2-1.4 0-2.5 1.8-4.3t4.3-1.8q2.7 0 4.5 1.9 2.1-0.4 3.9-1.5-0.7 2.2-2.7 3.4 1.8-0.2 3.5-0.9z\" \/><\/svg><\/span><\/a><\/li><\/ul><\/div>","protected":false},"excerpt":{"rendered":"<p>Unsere Bilderbuchferien gehen an die frische Luft. Direkt vor unserer Buchhandlung laden wir ein zum gem\u00fctlichen B\u00fccherpicknick und lesen vor jeweils mittwochs um 11 Uhr (wenn\u2019s nicht regnet). am Mittwoch, den 22. Juli C. Spengler, K. Gehrmann Seepferdchen sind ausverkauftMoritz Verlagab 5 Jahre Valentina Br\u00fcning Kakao und Fischbr\u00f6tchen Tulipan Verlagab 8 Jahre am Mittwoch, den [&hellip;]<\/p>\n","protected":false},"author":2,"featured_media":0,"comment_status":"closed","ping_status":"closed","sticky":false,"template":"","format":"standard","meta":{"_links_to":"","_links_to_target":""},"categories":[1],"tags":[],"_links":{"self":[{"href":"https:\/\/autorenbuchhandlung-marx.de\/www\/wp-json\/wp\/v2\/posts\/1648"}],"collection":[{"href":"https:\/\/autorenbuchhandlung-marx.de\/www\/wp-json\/wp\/v2\/posts"}],"about":[{"href":"https:\/\/autorenbuchhandlung-marx.de\/www\/wp-json\/wp\/v2\/types\/post"}],"author":[{"embeddable":true,"href":"https:\/\/autorenbuchhandlung-marx.de\/www\/wp-json\/wp\/v2\/users\/2"}],"replies":[{"embeddable":true,"href":"https:\/\/autorenbuchhandlung-marx.de\/www\/wp-json\/wp\/v2\/comments?post=1648"}],"version-history":[{"count":33,"href":"https:\/\/autorenbuchhandlung-marx.de\/www\/wp-json\/wp\/v2\/posts\/1648\/revisions"}],"predecessor-version":[{"id":1687,"href":"https:\/\/autorenbuchhandlung-marx.de\/www\/wp-json\/wp\/v2\/posts\/1648\/revisions\/1687"}],"wp:attachment":[{"href":"https:\/\/autorenbuchhandlung-marx.de\/www\/wp-json\/wp\/v2\/media?parent=1648"}],"wp:term":[{"taxonomy":"category","embeddable":true,"href":"https:\/\/autorenbuchhandlung-marx.de\/www\/wp-json\/wp\/v2\/categories?post=1648"},{"taxonomy":"post_tag","embeddable":true,"href":"https:\/\/autorenbuchhandlung-marx.de\/www\/wp-json\/wp\/v2\/tags?post=1648"}],"curies":[{"name":"wp","href":"https:\/\/api.w.org\/{rel}","templated":true}]}}