{"id":1525,"date":"2020-05-11T18:44:36","date_gmt":"2020-05-11T16:44:36","guid":{"rendered":"https:\/\/autorenbuchhandlung-marx.de\/www\/?p=1525"},"modified":"2020-06-25T11:53:47","modified_gmt":"2020-06-25T09:53:47","slug":"ohne-euch-ist-der-laden-viel-zu-leise","status":"publish","type":"post","link":"https:\/\/autorenbuchhandlung-marx.de\/www\/ohne-euch-ist-der-laden-viel-zu-leise\/","title":{"rendered":"Ohne Euch ist der Laden viel zu leise!"},"content":{"rendered":"\n<p>Liebe Freundinnen und Freunde der Autorenbuchhandlung, <\/p>\n\n\n\n<p>zwei Wochen vorsichtiges Tasten sind  vorbei und wir freuen uns, dass wir unseren Umgang im Laden langsam wieder etwas lockern k\u00f6nnen:<\/p>\n\n\n\n<p><em><strong>Kommt und schaut, was es alles an Neuerscheinungen gibt, st\u00f6bert ein bisschen oder lasst Euch  was empfehlen. Wir haben viel gelesen und viel entdeckt. <\/strong><\/em>     <\/p>\n\n\n\n<p>Wenn niemand vor dem Laden wartet,  k\u00f6nnt Ihr Euch auch gerne Zeit lassen, aber denkt an die Masken und den Abstand von 1,5 Metern. <\/p>\n\n\n\n<p>Unsere <em><strong>Lieferdienst<\/strong><\/em>  w\u00e4hrend des Shutdowns hat gut funktioniert. Wir danken f\u00fcr die Unterst\u00fctzung und beliefern auch weiter diejenigen, die unsere sch\u00f6ne Buchhandlung nicht besuchen k\u00f6nnen.<\/p>\n\n\n\n<p><em><strong>Nachfragen und Bestellungen<\/strong><\/em>   wie immer pers\u00f6nlich, telefonisch (72 29 72), per Mail <a href=\"mailto:info@autorenbuchhandlung-marx.de\">info@autorenbuchhandlung-marx.de<\/a> oder via <a href=\"http:\/\/www.kommbuch.com\">www.kommbuch.com<\/a><\/p>\n\n\n\n<p>Wir freuen uns auf Sie und Euch und  sind sehr gl\u00fccklich, viele unserer Kund*innen die letzten 14 Tage im Laden schon wieder gesehen zu haben: Ohne Euch ist der Laden viel zu leise!<\/p>\n\n\n\n<p>Ihre Autorenbuchh\u00e4ndler*innen <\/p>\n<div class=\"shariff shariff-align-flex-start shariff-widget-align-flex-start\" data-services=\"facebook%7Ctwitter\" data-url=\"https%3A%2F%2Fautorenbuchhandlung-marx.de%2Fwww%2Fohne-euch-ist-der-laden-viel-zu-leise%2F\" data-timestamp=\"1593086027\" data-backendurl=\"https:\/\/autorenbuchhandlung-marx.de\/www\/wp-json\/shariff\/v1\/share_counts?\"><ul class=\"shariff-buttons theme-round orientation-horizontal buttonsize-medium\"><li class=\"shariff-button facebook shariff-nocustomcolor\" style=\"background-color:#4273c8\"><a href=\"https:\/\/www.facebook.com\/sharer\/sharer.php?u=https%3A%2F%2Fautorenbuchhandlung-marx.de%2Fwww%2Fohne-euch-ist-der-laden-viel-zu-leise%2F\" title=\"Bei Facebook teilen\" aria-label=\"Bei Facebook teilen\" role=\"button\" rel=\"nofollow\" class=\"shariff-link\" style=\"; background-color:#3b5998; color:#fff\" target=\"_blank\"><span class=\"shariff-icon\" style=\"\"><svg width=\"32px\" height=\"20px\" xmlns=\"http:\/\/www.w3.org\/2000\/svg\" viewBox=\"0 0 18 32\"><path fill=\"#3b5998\" d=\"M17.1 0.2v4.7h-2.8q-1.5 0-2.1 0.6t-0.5 1.9v3.4h5.2l-0.7 5.3h-4.5v13.6h-5.5v-13.6h-4.5v-5.3h4.5v-3.9q0-3.3 1.9-5.2t5-1.8q2.6 0 4.1 0.2z\"\/><\/svg><\/span><\/a><\/li><li class=\"shariff-button twitter shariff-nocustomcolor\" style=\"background-color:#32bbf5\"><a href=\"https:\/\/twitter.com\/share?url=https%3A%2F%2Fautorenbuchhandlung-marx.de%2Fwww%2Fohne-euch-ist-der-laden-viel-zu-leise%2F&text=Ohne%20Euch%20ist%20der%20Laden%20viel%20zu%20leise%21\" title=\"Bei Twitter teilen\" aria-label=\"Bei Twitter teilen\" role=\"button\" rel=\"noopener nofollow\" class=\"shariff-link\" style=\"; background-color:#55acee; color:#fff\" target=\"_blank\"><span class=\"shariff-icon\" style=\"\"><svg width=\"32px\" height=\"20px\" xmlns=\"http:\/\/www.w3.org\/2000\/svg\" viewBox=\"0 0 30 32\"><path fill=\"#55acee\" d=\"M29.7 6.8q-1.2 1.8-3 3.1 0 0.3 0 0.8 0 2.5-0.7 4.9t-2.2 4.7-3.5 4-4.9 2.8-6.1 1q-5.1 0-9.3-2.7 0.6 0.1 1.5 0.1 4.3 0 7.6-2.6-2-0.1-3.5-1.2t-2.2-3q0.6 0.1 1.1 0.1 0.8 0 1.6-0.2-2.1-0.4-3.5-2.1t-1.4-3.9v-0.1q1.3 0.7 2.8 0.8-1.2-0.8-2-2.2t-0.7-2.9q0-1.7 0.8-3.1 2.3 2.8 5.5 4.5t7 1.9q-0.2-0.7-0.2-1.4 0-2.5 1.8-4.3t4.3-1.8q2.7 0 4.5 1.9 2.1-0.4 3.9-1.5-0.7 2.2-2.7 3.4 1.8-0.2 3.5-0.9z\"\/><\/svg><\/span><\/a><\/li><\/ul><\/div>","protected":false},"excerpt":{"rendered":"<p>Liebe Freundinnen und Freunde der Autorenbuchhandlung, zwei Wochen vorsichtiges Tasten sind vorbei und wir freuen uns, dass wir unseren Umgang im Laden langsam wieder etwas lockern k\u00f6nnen: Kommt und schaut, was es alles an Neuerscheinungen gibt, st\u00f6bert ein bisschen oder lasst Euch was empfehlen. Wir haben viel gelesen und viel entdeckt. Wenn niemand vor dem [&hellip;]<\/p>\n","protected":false},"author":2,"featured_media":0,"comment_status":"closed","ping_status":"closed","sticky":false,"template":"","format":"standard","meta":{"_links_to":"","_links_to_target":""},"categories":[2],"tags":[],"_links":{"self":[{"href":"https:\/\/autorenbuchhandlung-marx.de\/www\/wp-json\/wp\/v2\/posts\/1525"}],"collection":[{"href":"https:\/\/autorenbuchhandlung-marx.de\/www\/wp-json\/wp\/v2\/posts"}],"about":[{"href":"https:\/\/autorenbuchhandlung-marx.de\/www\/wp-json\/wp\/v2\/types\/post"}],"author":[{"embeddable":true,"href":"https:\/\/autorenbuchhandlung-marx.de\/www\/wp-json\/wp\/v2\/users\/2"}],"replies":[{"embeddable":true,"href":"https:\/\/autorenbuchhandlung-marx.de\/www\/wp-json\/wp\/v2\/comments?post=1525"}],"version-history":[{"count":1,"href":"https:\/\/autorenbuchhandlung-marx.de\/www\/wp-json\/wp\/v2\/posts\/1525\/revisions"}],"predecessor-version":[{"id":1526,"href":"https:\/\/autorenbuchhandlung-marx.de\/www\/wp-json\/wp\/v2\/posts\/1525\/revisions\/1526"}],"wp:attachment":[{"href":"https:\/\/autorenbuchhandlung-marx.de\/www\/wp-json\/wp\/v2\/media?parent=1525"}],"wp:term":[{"taxonomy":"category","embeddable":true,"href":"https:\/\/autorenbuchhandlung-marx.de\/www\/wp-json\/wp\/v2\/categories?post=1525"},{"taxonomy":"post_tag","embeddable":true,"href":"https:\/\/autorenbuchhandlung-marx.de\/www\/wp-json\/wp\/v2\/tags?post=1525"}],"curies":[{"name":"wp","href":"https:\/\/api.w.org\/{rel}","templated":true}]}}