{"id":15,"date":"2007-03-14T19:51:55","date_gmt":"2007-03-14T17:51:55","guid":{"rendered":""},"modified":"2013-08-02T15:56:22","modified_gmt":"2013-08-02T13:56:22","slug":"15","status":"publish","type":"post","link":"https:\/\/autorenbuchhandlung-marx.de\/www\/15\/","title":{"rendered":"In memoriam Anna Politkovskaja"},"content":{"rendered":"<div>\n<div>Datum:<\/div>\n<div>\n<div>Dienstag, 20. M\u00e4rz 2007 &#8211; 20:00<\/div>\n<\/div>\n<\/div>\n<div><\/div>\n<div>\n<div>Eintritt:<\/div>\n<div>\n<div>frei<\/div>\n<div><\/div>\n<\/div>\n<\/div>\n<div>\n<div>\n<div><noscript><img title=\"Anna Politkovskaja\" alt=\"Anna Politkovskaja\" src=\"http:\/\/www.autorenbuchhandlung-marx.de\/files\/Politkovskaya.jpg\" width=\"151\" height=\"200\"><\/noscript><img title=\"Anna Politkovskaja\" alt=\"Anna Politkovskaja\" src=\"data:image\/svg+xml,%3Csvg%20xmlns%3D%22http%3A%2F%2Fwww.w3.org%2F2000%2Fsvg%22%20viewBox%3D%220%200%20151%20200%22%3E%3C%2Fsvg%3E\" width=\"151\" height=\"200\" data-src=\"http:\/\/www.autorenbuchhandlung-marx.de\/files\/Politkovskaya.jpg\" class=\" lazyload\"><\/div>\n<\/div>\n<\/div>\n<div>\n<div>\n<div>\n<h3>Lesung zum \u201e2. Jahrestag der politischen L\u00fcge\u201c<\/h3>\n<p>Einem Aufruf der Peter-Weiss-Stiftung folgend, der u.a. vom &#8222;PEN\/Writers in Prison&#8220;-Netzwerk, dem Goethe-Institut, dem Verband Deutscher Schriftsteller und den Reportern ohne Grenzen unterst\u00fctzt wird, m\u00f6chten wir uns einer weltweiten Lesung zum Gedenken an Anna Politkovskaja anschlie\u00dfen. Die erste Aktion fand am 20.03.2006 zum Jahrestag des Kriegsbeginns im Irak statt. An diesem ersten &#8222;Jahrestag der politischen L\u00fcge&#8220; wurde Eliot Weinbergers &#8222;Was ich h\u00f6rte vom Irak&#8220; an 47 Veranstaltungsorten weltweit vorgetragen \u2013 in Australien, den USA, Deutschland, Griechenland, im Libanon, in Gro\u00dfbritannien, den Niederlanden, Italien, Luxemburg, Indien und der Schweiz. Diesmal werden sich Hunderte von Veranstaltern in vielen St\u00e4dten der Welt \u2013 darunter in sieben St\u00e4dten Russlands \u2013 an der Lesung beteiligen.<\/p>\n<p><strong>Unsere Veranstaltung soll den folgenden Ablauf haben:<\/strong><\/p>\n<p><strong>Monika Held<\/strong>&nbsp;wird eingangs eine der eindringlichen Tschetschenien- Reportagen Anna Politkovskajas lesen.&nbsp;<strong>Norbert Schreiber<\/strong>&nbsp;stellt sein eben erschienenes Buch \u201eAnna Politkovskaja &#8211; Chronik eines angek\u00fcndigten Todes\u201c vor und berichtet \u00fcber seine Begegnung mit der ermordeten Journalistin in Leipzig 2005.&nbsp;<strong>Gerd Koenen<\/strong>&nbsp;liest Ausz\u00fcge aus seinem in der kommenden Woche in \u201eLiteraturen\u201c erscheinenden Essay \u00fcber Putins Russland, der sich auch auf Anna Politkovskajas eben erschienenes \u201eRussisches Tagebuch\u201c st\u00fctzt. Im Anschluss laden wir zu einer Diskussion bei einem Glas Wein ein.<\/p>\n<\/div>\n<\/div>\n<\/div>\n<div class=\"shariff shariff-align-flex-start shariff-widget-align-flex-start\" data-services=\"facebook%7Ctwitter\" data-url=\"https%3A%2F%2Fautorenbuchhandlung-marx.de%2Fwww%2F15%2F\" data-timestamp=\"1375458982\" data-backendurl=\"https:\/\/autorenbuchhandlung-marx.de\/www\/wp-json\/shariff\/v1\/share_counts?\"><ul class=\"shariff-buttons theme-round orientation-horizontal buttonsize-medium\"><li class=\"shariff-button facebook shariff-nocustomcolor\" style=\"background-color:#4273c8\"><a href=\"https:\/\/www.facebook.com\/sharer\/sharer.php?u=https%3A%2F%2Fautorenbuchhandlung-marx.de%2Fwww%2F15%2F\" title=\"Bei Facebook teilen\" aria-label=\"Bei Facebook teilen\" role=\"button\" rel=\"nofollow\" class=\"shariff-link\" style=\"; background-color:#3b5998; color:#fff\" target=\"_blank\"><span class=\"shariff-icon\" style><svg width=\"32px\" height=\"20px\" viewBox=\"0 0 18 32\"><path fill=\"#3b5998\" d=\"M17.1 0.2v4.7h-2.8q-1.5 0-2.1 0.6t-0.5 1.9v3.4h5.2l-0.7 5.3h-4.5v13.6h-5.5v-13.6h-4.5v-5.3h4.5v-3.9q0-3.3 1.9-5.2t5-1.8q2.6 0 4.1 0.2z\" \/><\/svg><\/span><\/a><\/li><li class=\"shariff-button twitter shariff-nocustomcolor\" style=\"background-color:#32bbf5\"><a href=\"https:\/\/twitter.com\/share?url=https%3A%2F%2Fautorenbuchhandlung-marx.de%2Fwww%2F15%2F&amp;text=In%20memoriam%20Anna%20Politkovskaja\" title=\"Bei Twitter teilen\" aria-label=\"Bei Twitter teilen\" role=\"button\" rel=\"noopener nofollow\" class=\"shariff-link\" style=\"; background-color:#55acee; color:#fff\" target=\"_blank\"><span class=\"shariff-icon\" style><svg width=\"32px\" height=\"20px\" viewBox=\"0 0 30 32\"><path fill=\"#55acee\" d=\"M29.7 6.8q-1.2 1.8-3 3.1 0 0.3 0 0.8 0 2.5-0.7 4.9t-2.2 4.7-3.5 4-4.9 2.8-6.1 1q-5.1 0-9.3-2.7 0.6 0.1 1.5 0.1 4.3 0 7.6-2.6-2-0.1-3.5-1.2t-2.2-3q0.6 0.1 1.1 0.1 0.8 0 1.6-0.2-2.1-0.4-3.5-2.1t-1.4-3.9v-0.1q1.3 0.7 2.8 0.8-1.2-0.8-2-2.2t-0.7-2.9q0-1.7 0.8-3.1 2.3 2.8 5.5 4.5t7 1.9q-0.2-0.7-0.2-1.4 0-2.5 1.8-4.3t4.3-1.8q2.7 0 4.5 1.9 2.1-0.4 3.9-1.5-0.7 2.2-2.7 3.4 1.8-0.2 3.5-0.9z\" \/><\/svg><\/span><\/a><\/li><\/ul><\/div>","protected":false},"excerpt":{"rendered":"<p>Datum: Dienstag, 20. M\u00e4rz 2007 &#8211; 20:00 Eintritt: frei Lesung zum \u201e2. Jahrestag der politischen L\u00fcge\u201c Einem Aufruf der Peter-Weiss-Stiftung folgend, der u.a. vom &#8222;PEN\/Writers in Prison&#8220;-Netzwerk, dem Goethe-Institut, dem Verband Deutscher Schriftsteller und den Reportern ohne Grenzen unterst\u00fctzt wird, m\u00f6chten wir uns einer weltweiten Lesung zum Gedenken an Anna Politkovskaja anschlie\u00dfen. Die erste Aktion [&hellip;]<\/p>\n","protected":false},"author":1,"featured_media":0,"comment_status":"open","ping_status":"open","sticky":false,"template":"","format":"standard","meta":{"_links_to":"","_links_to_target":""},"categories":[1],"tags":[],"_links":{"self":[{"href":"https:\/\/autorenbuchhandlung-marx.de\/www\/wp-json\/wp\/v2\/posts\/15"}],"collection":[{"href":"https:\/\/autorenbuchhandlung-marx.de\/www\/wp-json\/wp\/v2\/posts"}],"about":[{"href":"https:\/\/autorenbuchhandlung-marx.de\/www\/wp-json\/wp\/v2\/types\/post"}],"author":[{"embeddable":true,"href":"https:\/\/autorenbuchhandlung-marx.de\/www\/wp-json\/wp\/v2\/users\/1"}],"replies":[{"embeddable":true,"href":"https:\/\/autorenbuchhandlung-marx.de\/www\/wp-json\/wp\/v2\/comments?post=15"}],"version-history":[{"count":2,"href":"https:\/\/autorenbuchhandlung-marx.de\/www\/wp-json\/wp\/v2\/posts\/15\/revisions"}],"predecessor-version":[{"id":150,"href":"https:\/\/autorenbuchhandlung-marx.de\/www\/wp-json\/wp\/v2\/posts\/15\/revisions\/150"}],"wp:attachment":[{"href":"https:\/\/autorenbuchhandlung-marx.de\/www\/wp-json\/wp\/v2\/media?parent=15"}],"wp:term":[{"taxonomy":"category","embeddable":true,"href":"https:\/\/autorenbuchhandlung-marx.de\/www\/wp-json\/wp\/v2\/categories?post=15"},{"taxonomy":"post_tag","embeddable":true,"href":"https:\/\/autorenbuchhandlung-marx.de\/www\/wp-json\/wp\/v2\/tags?post=15"}],"curies":[{"name":"wp","href":"https:\/\/api.w.org\/{rel}","templated":true}]}}