{"id":1367,"date":"2020-02-28T12:35:38","date_gmt":"2020-02-28T10:35:38","guid":{"rendered":"https:\/\/autorenbuchhandlung-marx.de\/www\/?p=1367"},"modified":"2020-03-10T17:23:21","modified_gmt":"2020-03-10T15:23:21","slug":"demokratie-in-der-krise-ii","status":"publish","type":"post","link":"https:\/\/autorenbuchhandlung-marx.de\/www\/demokratie-in-der-krise-ii\/","title":{"rendered":"Demokratie in der Krise II:"},"content":{"rendered":"<p style=\"font-size:27px\"><strong>Demokratie: Eine gef\u00e4hrdete Lebensform<\/strong><\/p>\n\n\n\n<p class=\"has-text-color has-vivid-red-color\"><strong>DIE VERANSTALTUNG HEUTE FINDET STATT<\/strong><\/p>\n\n\n\n<p style=\"font-size:18px\">Diskussion mit dem Autor Till van Rahden und Heinz Dr\u00fcgh<\/p>\n\n\n\n<p style=\"font-size:23px\"><strong>Di., 10.3.2020 um 20 Uhr <\/strong><\/p>\n\n\n\n<p style=\"font-size:18px\">Ist die Demokratie in der Krise? Bewegt sie sich gar\nauf ihr Ende zu? Wie k\u00f6nnen wir uns gegen die vielen schockierenden Angriffe\nauf sie wehren? Das fragen wir uns nicht erst seit Halle, Hanau und Erfurt.<\/p>\n\n\n\n<div class=\"wp-block-media-text alignwide\" style=\"grid-template-columns:42% auto\"><figure class=\"wp-block-media-text__media\"><noscript><img width=\"664\" height=\"1024\" src=\"https:\/\/autorenbuchhandlung-marx.de\/www\/wp-content\/uploads\/2020\/02\/rahden_demo-1-664x1024.jpg\" alt class=\"wp-image-1371\" srcset=\"https:\/\/autorenbuchhandlung-marx.de\/www\/wp-content\/uploads\/2020\/02\/rahden_demo-1-664x1024.jpg 664w, https:\/\/autorenbuchhandlung-marx.de\/www\/wp-content\/uploads\/2020\/02\/rahden_demo-1-195x300.jpg 195w, https:\/\/autorenbuchhandlung-marx.de\/www\/wp-content\/uploads\/2020\/02\/rahden_demo-1-768x1184.jpg 768w, https:\/\/autorenbuchhandlung-marx.de\/www\/wp-content\/uploads\/2020\/02\/rahden_demo-1.jpg 1571w\" sizes=\"(max-width: 664px) 100vw, 664px\"><\/noscript><img width=\"664\" height=\"1024\" src=\"data:image\/svg+xml,%3Csvg%20xmlns%3D%22http%3A%2F%2Fwww.w3.org%2F2000%2Fsvg%22%20viewBox%3D%220%200%20664%201024%22%3E%3C%2Fsvg%3E\" alt class=\"wp-image-1371 lazyload\" srcset=\"data:image\/svg+xml,%3Csvg%20xmlns%3D%22http%3A%2F%2Fwww.w3.org%2F2000%2Fsvg%22%20viewBox%3D%220%200%20664%201024%22%3E%3C%2Fsvg%3E 664w\" sizes=\"(max-width: 664px) 100vw, 664px\" data-srcset=\"https:\/\/autorenbuchhandlung-marx.de\/www\/wp-content\/uploads\/2020\/02\/rahden_demo-1-664x1024.jpg 664w, https:\/\/autorenbuchhandlung-marx.de\/www\/wp-content\/uploads\/2020\/02\/rahden_demo-1-195x300.jpg 195w, https:\/\/autorenbuchhandlung-marx.de\/www\/wp-content\/uploads\/2020\/02\/rahden_demo-1-768x1184.jpg 768w, https:\/\/autorenbuchhandlung-marx.de\/www\/wp-content\/uploads\/2020\/02\/rahden_demo-1.jpg 1571w\" data-src=\"https:\/\/autorenbuchhandlung-marx.de\/www\/wp-content\/uploads\/2020\/02\/rahden_demo-1-664x1024.jpg\"><\/figure><div class=\"wp-block-media-text__content\">\n<p style=\"font-size:18px\">Die liberale Demokratie, deren Fragilit\u00e4t uns in den letzten Tagen  wieder bewusst geworden ist, galt uns zu lange als&nbsp;selbstverst\u00e4ndlich.  Das ist die Grundthese von Till van Rahdens Essay. Demokratie ersch\u00f6pft  sich nicht mit dem Gang zur Wahlurne oder in Parlamentsdebatten, nicht  in Leitartikeln oder Talkshows. Demokratie ist keine blo\u00dfe  Herrschaftsform (die ihrerseits von der Radikalen Demokratietheorie  angegriffen wird), sie ist, behauptet van Rahden, vor allem eine  Lebensform: Demokratie gr\u00fcndet sich auf&nbsp;bestimmten Umgangsformen, einem  Ethos des Zusammenlebens in der sinnlichen&nbsp;Alltagserfahrung von  Freiheit&nbsp;und Gleichheit, Solidarit\u00e4t und Streit. Wollen wir mehr sein als unbeholfene Demokraten, m\u00fcssen wir die  Umgangsformen pflegen, die Streitkultur&nbsp;st\u00e4rken und die \u00f6ffentlichen  R\u00e4ume ausbauen, die es uns gerade im Alltag&nbsp;erm\u00f6glichen, Gleichheit wie  Freiheit zu erleben&nbsp;und in der Begegnung mit dem Fremden&nbsp;demokratische  Tugenden einzu\u00fcben. <\/p>\n<\/div><\/div>\n\n\n\n<p style=\"font-size:18px\"><\/p>\n\n\n\n<p style=\"font-size:18px\"> <\/p>\n\n\n\n<p style=\"font-size:18px\">Mit Blick auf die&nbsp;Geschichte&nbsp;der\nBundesrepublik macht van Rahden deutlich, dass sich Demokratie an ihrer Praxis\nmessen lassen muss. <em>Demokratie. Eine gef\u00e4hrdete Lebensform<\/em> z\u00e4hlt \u201ezu den\nbesten B\u00fcchern des Monats\u201c (Perlentaucher).<\/p>\n\n\n\n<p><em>Till van\nRahden<\/em> ist Historiker und lehrt Deutschland- und\nEuropastudien an der Universit\u00e9 de Montr\u00e9al\/Kanada.<\/p>\n\n\n\n<p><em>Heinz Dr\u00fcgh<\/em> lehrt Literaturwissenschaften und \u00c4sthetik an der Goethe Universit\u00e4t\nFrankfurt.<\/p>\n<div class=\"shariff shariff-align-flex-start shariff-widget-align-flex-start\" data-services=\"facebook%7Ctwitter\" data-url=\"https%3A%2F%2Fautorenbuchhandlung-marx.de%2Fwww%2Fdemokratie-in-der-krise-ii%2F\" data-timestamp=\"1583861001\" data-backendurl=\"https:\/\/autorenbuchhandlung-marx.de\/www\/wp-json\/shariff\/v1\/share_counts?\"><ul class=\"shariff-buttons theme-round orientation-horizontal buttonsize-medium\"><li class=\"shariff-button facebook shariff-nocustomcolor\" style=\"background-color:#4273c8\"><a href=\"https:\/\/www.facebook.com\/sharer\/sharer.php?u=https%3A%2F%2Fautorenbuchhandlung-marx.de%2Fwww%2Fdemokratie-in-der-krise-ii%2F\" title=\"Bei Facebook teilen\" aria-label=\"Bei Facebook teilen\" role=\"button\" rel=\"nofollow\" class=\"shariff-link\" style=\"; background-color:#3b5998; color:#fff\" target=\"_blank\"><span class=\"shariff-icon\" style><svg width=\"32px\" height=\"20px\" viewBox=\"0 0 18 32\"><path fill=\"#3b5998\" d=\"M17.1 0.2v4.7h-2.8q-1.5 0-2.1 0.6t-0.5 1.9v3.4h5.2l-0.7 5.3h-4.5v13.6h-5.5v-13.6h-4.5v-5.3h4.5v-3.9q0-3.3 1.9-5.2t5-1.8q2.6 0 4.1 0.2z\" \/><\/svg><\/span><\/a><\/li><li class=\"shariff-button twitter shariff-nocustomcolor\" style=\"background-color:#32bbf5\"><a href=\"https:\/\/twitter.com\/share?url=https%3A%2F%2Fautorenbuchhandlung-marx.de%2Fwww%2Fdemokratie-in-der-krise-ii%2F&amp;text=Demokratie%20in%20der%20Krise%20II%3A\" title=\"Bei Twitter teilen\" aria-label=\"Bei Twitter teilen\" role=\"button\" rel=\"noopener nofollow\" class=\"shariff-link\" style=\"; background-color:#55acee; color:#fff\" target=\"_blank\"><span class=\"shariff-icon\" style><svg width=\"32px\" height=\"20px\" viewBox=\"0 0 30 32\"><path fill=\"#55acee\" d=\"M29.7 6.8q-1.2 1.8-3 3.1 0 0.3 0 0.8 0 2.5-0.7 4.9t-2.2 4.7-3.5 4-4.9 2.8-6.1 1q-5.1 0-9.3-2.7 0.6 0.1 1.5 0.1 4.3 0 7.6-2.6-2-0.1-3.5-1.2t-2.2-3q0.6 0.1 1.1 0.1 0.8 0 1.6-0.2-2.1-0.4-3.5-2.1t-1.4-3.9v-0.1q1.3 0.7 2.8 0.8-1.2-0.8-2-2.2t-0.7-2.9q0-1.7 0.8-3.1 2.3 2.8 5.5 4.5t7 1.9q-0.2-0.7-0.2-1.4 0-2.5 1.8-4.3t4.3-1.8q2.7 0 4.5 1.9 2.1-0.4 3.9-1.5-0.7 2.2-2.7 3.4 1.8-0.2 3.5-0.9z\" \/><\/svg><\/span><\/a><\/li><\/ul><\/div>","protected":false},"excerpt":{"rendered":"<p>Demokratie: Eine gef\u00e4hrdete Lebensform DIE VERANSTALTUNG HEUTE FINDET STATT Diskussion mit dem Autor Till van Rahden und Heinz Dr\u00fcgh Di., 10.3.2020 um 20 Uhr Ist die Demokratie in der Krise? Bewegt sie sich gar auf ihr Ende zu? Wie k\u00f6nnen wir uns gegen die vielen schockierenden Angriffe auf sie wehren? Das fragen wir uns nicht [&hellip;]<\/p>\n","protected":false},"author":2,"featured_media":0,"comment_status":"closed","ping_status":"closed","sticky":false,"template":"","format":"standard","meta":{"_links_to":"","_links_to_target":""},"categories":[1],"tags":[],"_links":{"self":[{"href":"https:\/\/autorenbuchhandlung-marx.de\/www\/wp-json\/wp\/v2\/posts\/1367"}],"collection":[{"href":"https:\/\/autorenbuchhandlung-marx.de\/www\/wp-json\/wp\/v2\/posts"}],"about":[{"href":"https:\/\/autorenbuchhandlung-marx.de\/www\/wp-json\/wp\/v2\/types\/post"}],"author":[{"embeddable":true,"href":"https:\/\/autorenbuchhandlung-marx.de\/www\/wp-json\/wp\/v2\/users\/2"}],"replies":[{"embeddable":true,"href":"https:\/\/autorenbuchhandlung-marx.de\/www\/wp-json\/wp\/v2\/comments?post=1367"}],"version-history":[{"count":17,"href":"https:\/\/autorenbuchhandlung-marx.de\/www\/wp-json\/wp\/v2\/posts\/1367\/revisions"}],"predecessor-version":[{"id":1387,"href":"https:\/\/autorenbuchhandlung-marx.de\/www\/wp-json\/wp\/v2\/posts\/1367\/revisions\/1387"}],"wp:attachment":[{"href":"https:\/\/autorenbuchhandlung-marx.de\/www\/wp-json\/wp\/v2\/media?parent=1367"}],"wp:term":[{"taxonomy":"category","embeddable":true,"href":"https:\/\/autorenbuchhandlung-marx.de\/www\/wp-json\/wp\/v2\/categories?post=1367"},{"taxonomy":"post_tag","embeddable":true,"href":"https:\/\/autorenbuchhandlung-marx.de\/www\/wp-json\/wp\/v2\/tags?post=1367"}],"curies":[{"name":"wp","href":"https:\/\/api.w.org\/{rel}","templated":true}]}}