{"id":1351,"date":"2020-02-11T14:01:47","date_gmt":"2020-02-11T12:01:47","guid":{"rendered":"https:\/\/autorenbuchhandlung-marx.de\/www\/?p=1351"},"modified":"2020-02-11T14:35:21","modified_gmt":"2020-02-11T12:35:21","slug":"demokratie-in-der-krise-i-radikale-demokratietheorie","status":"publish","type":"post","link":"https:\/\/autorenbuchhandlung-marx.de\/www\/demokratie-in-der-krise-i-radikale-demokratietheorie\/","title":{"rendered":"Demokratie in der Krise I:                      Radikale Demokratietheorie"},"content":{"rendered":"<p><\/p>\n\n\n\n<p><\/p>\n\n\n\n<p>Diskussion und Buchvorstellung mit den\nHerausgeberInnen und Dirk J\u00f6rke<\/p>\n\n\n\n<p><strong>Do., 20.2.2020 um 20 Uhr <\/strong><\/p>\n\n\n\n<p style=\"text-align:left\">Ist die Demokratie in der Krise? Bewegt sie sich gar auf ihr Ende zu? Nicht erst seit der Regierungsbildung in Th\u00fcringen m\u00fcssen wir uns diesen Fragen dringend stellen.  <\/p>\n\n\n\n<div class=\"wp-block-image\"><figure class=\"alignright\"><noscript><img width=\"136\" height=\"223\" src=\"https:\/\/autorenbuchhandlung-marx.de\/www\/wp-content\/uploads\/2020\/02\/Radikal-2.jpg\" alt class=\"wp-image-1355\"><\/noscript><img width=\"136\" height=\"223\" src=\"data:image\/svg+xml,%3Csvg%20xmlns%3D%22http%3A%2F%2Fwww.w3.org%2F2000%2Fsvg%22%20viewBox%3D%220%200%20136%20223%22%3E%3C%2Fsvg%3E\" alt class=\"wp-image-1355 lazyload\" data-src=\"https:\/\/autorenbuchhandlung-marx.de\/www\/wp-content\/uploads\/2020\/02\/Radikal-2.jpg\"><\/figure><\/div>\n\n\n\n<p>Folgt man Radikalen Demokratietheorien, dann haben wir es nicht mit einer Ersch\u00f6pfung, sondern mit einer Krise liberaler, repr\u00e4sentativer Demokratien zu tun: Liberale Demokratien seien nie demokratisch genug gewesen. Erstmals liefert das Suhrkamp-Handbuch einen umfassenden \u00dcberblick zu diesen <em>Radikalen Demokratietheorien<\/em> und zeigt zugleich, dass es mit deren Hilfe m\u00f6glich ist, rechtspopulistischen Parteien und ihrer perfiden Inanspruch-nahme demokratischer Vokabeln etwas entgegenzusetzen. Bewegungen wie Podemos in Spanien oder Syriza in Griechenland berufen sich auf diese Positionen und fordern gleich-zeitig eine breite, dezentralisierte, jenseits von Wahlen stattfindende Partizipation der B\u00fcrgerInnen. Ist der Ausgangspunkt von Radikalen Demokratietheorien, in den vielen Widerstandsbewegungen (Frieden, Sexualit\u00e4t, \u00d6kologie etc.) die Wurzel von Demokratie zu sehen, eine St\u00e4rke oder Schw\u00e4che? <\/p>\n\n\n\n<p><strong><em>Dagmar Comtesse<\/em><\/strong>, Post Doc am Exzellenzcluster \u201eNormative Ordnungen\u201c\nder Goethe-Universit\u00e4t, forscht aktuell am Deutschen Historischen Institut in\nParis mit den Forschungsschwerpunkten politische Philosophie und franz\u00f6sische\nAufkl\u00e4rungsphilosophie. <\/p>\n\n\n\n<p><strong><em>Oliver Fl\u00fcgel-Martinsen<\/em><\/strong>, Prof. Dr., lehrt Politische Theorie und\nIdeengeschichte an der Universit\u00e4t Bielefeld. J\u00fcngste Buchver\u00f6ffentlichung: <em>Radikale Demokratietheorien zur Einf\u00fchrung<\/em>,\nHamburg: Junius 2020 (im Erscheinen).&nbsp;<\/p>\n\n\n\n<p><strong><em>Dirk J\u00f6rke<\/em><\/strong> ist Professor f\u00fcr Politische Theorie und\nIdeengeschichte an der TU Darmstadt. K\u00fcrzlich ist von ihm <em>Die Gr\u00f6\u00dfe der Demokratie<\/em> bei Suhrkamp erschienen (2019).<\/p>\n\n\n\n<p><strong><em>Franziska Martinsen<\/em><\/strong>, PD Dr., Leibniz Universit\u00e4t Hannover, forscht\nderzeit am K\u00e4te Hamburger Kolleg \u201eRecht als Kultur\u201c, Bonn. J\u00fcngste\nBuchver\u00f6ffentlichung<em>: Grenzen der\nMenschenrechte<\/em>. Bielefeld: Transcript 2019.<\/p>\n\n\n\n<p><strong><em>Martin Nonhoff<\/em><\/strong> ist Professor f\u00fcr Politische Theorie\nan der Universit\u00e4t Bremen. Er arbeitet unter anderem zur radikalen\nDemokratietheorie, zu Hegemonie- und Diskurstheorie sowie zu Methoden der\nDiskursanalyse.<\/p>\n\n\n\n<p><strong>Demokratie in der Krise II, 10.3.2020: <\/strong><\/p>\n\n\n\n<p><strong>Demokratie: Eine gef\u00e4hrdete Lebensform mit Till van Rahden und Heinz Dr\u00fcgh<\/strong><\/p>\n<div class=\"shariff shariff-align-flex-start shariff-widget-align-flex-start\" data-services=\"facebook%7Ctwitter\" data-url=\"https%3A%2F%2Fautorenbuchhandlung-marx.de%2Fwww%2Fdemokratie-in-der-krise-i-radikale-demokratietheorie%2F\" data-timestamp=\"1581431721\" data-backendurl=\"https:\/\/autorenbuchhandlung-marx.de\/www\/wp-json\/shariff\/v1\/share_counts?\"><ul class=\"shariff-buttons theme-round orientation-horizontal buttonsize-medium\"><li class=\"shariff-button facebook shariff-nocustomcolor\" style=\"background-color:#4273c8\"><a href=\"https:\/\/www.facebook.com\/sharer\/sharer.php?u=https%3A%2F%2Fautorenbuchhandlung-marx.de%2Fwww%2Fdemokratie-in-der-krise-i-radikale-demokratietheorie%2F\" title=\"Bei Facebook teilen\" aria-label=\"Bei Facebook teilen\" role=\"button\" rel=\"nofollow\" class=\"shariff-link\" style=\"; background-color:#3b5998; color:#fff\" target=\"_blank\"><span class=\"shariff-icon\" style><svg width=\"32px\" height=\"20px\" viewBox=\"0 0 18 32\"><path fill=\"#3b5998\" d=\"M17.1 0.2v4.7h-2.8q-1.5 0-2.1 0.6t-0.5 1.9v3.4h5.2l-0.7 5.3h-4.5v13.6h-5.5v-13.6h-4.5v-5.3h4.5v-3.9q0-3.3 1.9-5.2t5-1.8q2.6 0 4.1 0.2z\" \/><\/svg><\/span><\/a><\/li><li class=\"shariff-button twitter shariff-nocustomcolor\" style=\"background-color:#32bbf5\"><a href=\"https:\/\/twitter.com\/share?url=https%3A%2F%2Fautorenbuchhandlung-marx.de%2Fwww%2Fdemokratie-in-der-krise-i-radikale-demokratietheorie%2F&amp;text=Demokratie%20in%20der%20Krise%20I%3A%20%20%20%20%20%20%20%20%20%20%20%20%20%20%20%20%20%20%20%20%20%20Radikale%20Demokratietheorie\" title=\"Bei Twitter teilen\" aria-label=\"Bei Twitter teilen\" role=\"button\" rel=\"noopener nofollow\" class=\"shariff-link\" style=\"; background-color:#55acee; color:#fff\" target=\"_blank\"><span class=\"shariff-icon\" style><svg width=\"32px\" height=\"20px\" viewBox=\"0 0 30 32\"><path fill=\"#55acee\" d=\"M29.7 6.8q-1.2 1.8-3 3.1 0 0.3 0 0.8 0 2.5-0.7 4.9t-2.2 4.7-3.5 4-4.9 2.8-6.1 1q-5.1 0-9.3-2.7 0.6 0.1 1.5 0.1 4.3 0 7.6-2.6-2-0.1-3.5-1.2t-2.2-3q0.6 0.1 1.1 0.1 0.8 0 1.6-0.2-2.1-0.4-3.5-2.1t-1.4-3.9v-0.1q1.3 0.7 2.8 0.8-1.2-0.8-2-2.2t-0.7-2.9q0-1.7 0.8-3.1 2.3 2.8 5.5 4.5t7 1.9q-0.2-0.7-0.2-1.4 0-2.5 1.8-4.3t4.3-1.8q2.7 0 4.5 1.9 2.1-0.4 3.9-1.5-0.7 2.2-2.7 3.4 1.8-0.2 3.5-0.9z\" \/><\/svg><\/span><\/a><\/li><\/ul><\/div>","protected":false},"excerpt":{"rendered":"<p>Diskussion und Buchvorstellung mit den HerausgeberInnen und Dirk J\u00f6rke Do., 20.2.2020 um 20 Uhr Ist die Demokratie in der Krise? Bewegt sie sich gar auf ihr Ende zu? Nicht erst seit der Regierungsbildung in Th\u00fcringen m\u00fcssen wir uns diesen Fragen dringend stellen. Folgt man Radikalen Demokratietheorien, dann haben wir es nicht mit einer Ersch\u00f6pfung, sondern [&hellip;]<\/p>\n","protected":false},"author":2,"featured_media":0,"comment_status":"closed","ping_status":"closed","sticky":false,"template":"","format":"standard","meta":{"_links_to":"","_links_to_target":""},"categories":[1],"tags":[],"_links":{"self":[{"href":"https:\/\/autorenbuchhandlung-marx.de\/www\/wp-json\/wp\/v2\/posts\/1351"}],"collection":[{"href":"https:\/\/autorenbuchhandlung-marx.de\/www\/wp-json\/wp\/v2\/posts"}],"about":[{"href":"https:\/\/autorenbuchhandlung-marx.de\/www\/wp-json\/wp\/v2\/types\/post"}],"author":[{"embeddable":true,"href":"https:\/\/autorenbuchhandlung-marx.de\/www\/wp-json\/wp\/v2\/users\/2"}],"replies":[{"embeddable":true,"href":"https:\/\/autorenbuchhandlung-marx.de\/www\/wp-json\/wp\/v2\/comments?post=1351"}],"version-history":[{"count":7,"href":"https:\/\/autorenbuchhandlung-marx.de\/www\/wp-json\/wp\/v2\/posts\/1351\/revisions"}],"predecessor-version":[{"id":1365,"href":"https:\/\/autorenbuchhandlung-marx.de\/www\/wp-json\/wp\/v2\/posts\/1351\/revisions\/1365"}],"wp:attachment":[{"href":"https:\/\/autorenbuchhandlung-marx.de\/www\/wp-json\/wp\/v2\/media?parent=1351"}],"wp:term":[{"taxonomy":"category","embeddable":true,"href":"https:\/\/autorenbuchhandlung-marx.de\/www\/wp-json\/wp\/v2\/categories?post=1351"},{"taxonomy":"post_tag","embeddable":true,"href":"https:\/\/autorenbuchhandlung-marx.de\/www\/wp-json\/wp\/v2\/tags?post=1351"}],"curies":[{"name":"wp","href":"https:\/\/api.w.org\/{rel}","templated":true}]}}