{"id":1328,"date":"2020-01-06T13:02:19","date_gmt":"2020-01-06T11:02:19","guid":{"rendered":"https:\/\/autorenbuchhandlung-marx.de\/www\/?p=1328"},"modified":"2020-01-06T13:02:21","modified_gmt":"2020-01-06T11:02:21","slug":"buchempfehlung-30","status":"publish","type":"post","link":"https:\/\/autorenbuchhandlung-marx.de\/www\/buchempfehlung-30\/","title":{"rendered":"Buchempfehlung"},"content":{"rendered":"<h4>Michael K\u00f6hlmeier<\/h4>\n\n\n\n<h2>Wenn ich wir sage<\/h2>\n\n\n\n<p><\/p>\n\n\n\n<div class=\"wp-block-image\"><figure class=\"alignright\"><noscript><img width=\"260\" height=\"405\" src=\"https:\/\/autorenbuchhandlung-marx.de\/www\/wp-content\/uploads\/2020\/01\/Koehlmeier_wir.jpeg\" alt class=\"wp-image-1329\" srcset=\"https:\/\/autorenbuchhandlung-marx.de\/www\/wp-content\/uploads\/2020\/01\/Koehlmeier_wir.jpeg 260w, https:\/\/autorenbuchhandlung-marx.de\/www\/wp-content\/uploads\/2020\/01\/Koehlmeier_wir-193x300.jpeg 193w\" sizes=\"(max-width: 260px) 100vw, 260px\"><\/noscript><img width=\"260\" height=\"405\" src=\"data:image\/svg+xml,%3Csvg%20xmlns%3D%22http%3A%2F%2Fwww.w3.org%2F2000%2Fsvg%22%20viewBox%3D%220%200%20260%20405%22%3E%3C%2Fsvg%3E\" alt class=\"wp-image-1329 lazyload\" srcset=\"data:image\/svg+xml,%3Csvg%20xmlns%3D%22http%3A%2F%2Fwww.w3.org%2F2000%2Fsvg%22%20viewBox%3D%220%200%20260%20405%22%3E%3C%2Fsvg%3E 260w\" sizes=\"(max-width: 260px) 100vw, 260px\" data-srcset=\"https:\/\/autorenbuchhandlung-marx.de\/www\/wp-content\/uploads\/2020\/01\/Koehlmeier_wir.jpeg 260w, https:\/\/autorenbuchhandlung-marx.de\/www\/wp-content\/uploads\/2020\/01\/Koehlmeier_wir-193x300.jpeg 193w\" data-src=\"https:\/\/autorenbuchhandlung-marx.de\/www\/wp-content\/uploads\/2020\/01\/Koehlmeier_wir.jpeg\"><figcaption>Residenz Verlag, EUR 18,00<\/figcaption><\/figure><\/div>\n\n\n\n<p>Freundschaft, Familie, Nation: Diese drei Bereiche unseres Lebens formen den Begriff des <em>Wir<\/em>, so die These, die Michael K\u00f6hlmeier seinem Essay voranstellt. Doch was genau meint ein <em>Wir<\/em> im Kontext von Freundschaft oder Familie? Wie instrumentalisieren Nationen das <em>Wir<\/em>? In m\u00e4andernden Ann\u00e4herungen, klugen Fragen und blitzlichternden Gedanken zeichnet K\u00f6hlmeier ein Vexierbild des <em>Wir<\/em>, das auch eigenen Assoziationen Raum l\u00e4sst.<\/p>\n\n\n\n<p>Wortbetrug oder auch Begriffsw\u00e4sche sind mit im Spiel, wenn Nationalisten die W\u00e4rme, die das <em>Wir<\/em> der Heimat ausstrahlt, auf die abstrakte Gr\u00f6\u00dfe der Nation \u00fcbertragen. \u201eDas <em>Wir<\/em> der Heimat bestimmt, wer dazugeh\u00f6rt; das <em>Wir<\/em> der Nation, wer nicht dazugeh\u00f6rt. Die Heimat schlie\u00dft ein, die Nation schlie\u00dft aus.\u201c <\/p>\n\n\n\n<p>Doch gibt es \u00fcberhaupt ein <em>Wir<\/em> aller Menschen? K\u00f6nnen wir das <em>Wir<\/em>\n wollen oder ist es naturgegeben? Ein Produkt der Kultur vielleicht? \nK\u00f6hlmeier bezieht im Fragen wie im Antworten Gedanken von Michel de \nMontaigne und Ralph Waldo Emerson mit ein. Keiner der beiden Philosophen\n legt in seinen Schriften Begriffe unwiderruflich fest, und das mag \neiner der Gr\u00fcnde sein, warum sie und ihre B\u00fccher K\u00f6hlmeier zu Freunden \ngeworden sind. Das <em>Wir<\/em> in der Freundschaft wird in seinem Essay \u00fcbrigens zu einem durchaus bedenkenswerten Moment. Denn wann meint dieses <em>Wir<\/em> zwei Menschen auf Augenh\u00f6he? Ist in Freundschaften nicht immer wieder der eine oder der andere in der Position des \u00dcberlegenen?<\/p>\n\n\n\n<p>Was l\u00e4sst sich noch alles in der F\u00fclle des Wir fassen? Wir bedeutet alles, was nicht fremd ist. Wenn ein <em>Wir<\/em> zum Zwang wird \u2013 in einer Familie kann dies schnell geschehen \u2013 wird die Abgrenzung vom <em>Wir<\/em> gleicherma\u00dfen qualvoll wie \u00fcberlebensnotwendig. Von gro\u00dfer Leichtigkeit und Intensit\u00e4t ist das <em>Wir<\/em>, das aus einer gemeinsamen T\u00e4tigkeit wie etwa dem Musizieren erw\u00e4chst. Und \u00fcberaus schmerzhaft kann ein <em>Wir<\/em> sein, wenn es den gemeinsamen Verlust eines geliebten Menschen miteinschlie\u00dft. <\/p>\n\n\n\n<p>Michael K\u00f6hlmeier ist dies geschehen, er spricht es aus, \ngibt sich in diesem Essay immer wieder zu erkennen. Damit relativiert er\n seine Gedanken zum <em>Wir<\/em>, macht sie zu pers\u00f6nlichen \nBeobachtungen \u2013 die deswegen nichts von ihrer Klugheit und Relevanz \neinb\u00fc\u00dfen \u2013 und fordert zum Weiterdenken auf. <em>Unruhe bewahren<\/em> meint nichts anderes als das.<\/p>\n\n\n\n<p>Susanne Rikl, M\u00fcnchen<\/p>\n<div class=\"shariff shariff-align-flex-start shariff-widget-align-flex-start\" data-services=\"facebook%7Ctwitter\" data-url=\"https%3A%2F%2Fautorenbuchhandlung-marx.de%2Fwww%2Fbuchempfehlung-30%2F\" data-timestamp=\"1578315741\" data-backendurl=\"https:\/\/autorenbuchhandlung-marx.de\/www\/wp-json\/shariff\/v1\/share_counts?\"><ul class=\"shariff-buttons theme-round orientation-horizontal buttonsize-medium\"><li class=\"shariff-button facebook shariff-nocustomcolor\" style=\"background-color:#4273c8\"><a href=\"https:\/\/www.facebook.com\/sharer\/sharer.php?u=https%3A%2F%2Fautorenbuchhandlung-marx.de%2Fwww%2Fbuchempfehlung-30%2F\" title=\"Bei Facebook teilen\" aria-label=\"Bei Facebook teilen\" role=\"button\" rel=\"nofollow\" class=\"shariff-link\" style=\"; background-color:#3b5998; color:#fff\" target=\"_blank\"><span class=\"shariff-icon\" style><svg width=\"32px\" height=\"20px\" viewBox=\"0 0 18 32\"><path fill=\"#3b5998\" d=\"M17.1 0.2v4.7h-2.8q-1.5 0-2.1 0.6t-0.5 1.9v3.4h5.2l-0.7 5.3h-4.5v13.6h-5.5v-13.6h-4.5v-5.3h4.5v-3.9q0-3.3 1.9-5.2t5-1.8q2.6 0 4.1 0.2z\" \/><\/svg><\/span><\/a><\/li><li class=\"shariff-button twitter shariff-nocustomcolor\" style=\"background-color:#32bbf5\"><a href=\"https:\/\/twitter.com\/share?url=https%3A%2F%2Fautorenbuchhandlung-marx.de%2Fwww%2Fbuchempfehlung-30%2F&amp;text=Buchempfehlung\" title=\"Bei Twitter teilen\" aria-label=\"Bei Twitter teilen\" role=\"button\" rel=\"noopener nofollow\" class=\"shariff-link\" style=\"; background-color:#55acee; color:#fff\" target=\"_blank\"><span class=\"shariff-icon\" style><svg width=\"32px\" height=\"20px\" viewBox=\"0 0 30 32\"><path fill=\"#55acee\" d=\"M29.7 6.8q-1.2 1.8-3 3.1 0 0.3 0 0.8 0 2.5-0.7 4.9t-2.2 4.7-3.5 4-4.9 2.8-6.1 1q-5.1 0-9.3-2.7 0.6 0.1 1.5 0.1 4.3 0 7.6-2.6-2-0.1-3.5-1.2t-2.2-3q0.6 0.1 1.1 0.1 0.8 0 1.6-0.2-2.1-0.4-3.5-2.1t-1.4-3.9v-0.1q1.3 0.7 2.8 0.8-1.2-0.8-2-2.2t-0.7-2.9q0-1.7 0.8-3.1 2.3 2.8 5.5 4.5t7 1.9q-0.2-0.7-0.2-1.4 0-2.5 1.8-4.3t4.3-1.8q2.7 0 4.5 1.9 2.1-0.4 3.9-1.5-0.7 2.2-2.7 3.4 1.8-0.2 3.5-0.9z\" \/><\/svg><\/span><\/a><\/li><\/ul><\/div>","protected":false},"excerpt":{"rendered":"<p>Michael K\u00f6hlmeier Wenn ich wir sage Freundschaft, Familie, Nation: Diese drei Bereiche unseres Lebens formen den Begriff des Wir, so die These, die Michael K\u00f6hlmeier seinem Essay voranstellt. Doch was genau meint ein Wir im Kontext von Freundschaft oder Familie? Wie instrumentalisieren Nationen das Wir? In m\u00e4andernden Ann\u00e4herungen, klugen Fragen und blitzlichternden Gedanken zeichnet K\u00f6hlmeier [&hellip;]<\/p>\n","protected":false},"author":2,"featured_media":0,"comment_status":"closed","ping_status":"closed","sticky":false,"template":"","format":"standard","meta":{"_links_to":"","_links_to_target":""},"categories":[8],"tags":[],"_links":{"self":[{"href":"https:\/\/autorenbuchhandlung-marx.de\/www\/wp-json\/wp\/v2\/posts\/1328"}],"collection":[{"href":"https:\/\/autorenbuchhandlung-marx.de\/www\/wp-json\/wp\/v2\/posts"}],"about":[{"href":"https:\/\/autorenbuchhandlung-marx.de\/www\/wp-json\/wp\/v2\/types\/post"}],"author":[{"embeddable":true,"href":"https:\/\/autorenbuchhandlung-marx.de\/www\/wp-json\/wp\/v2\/users\/2"}],"replies":[{"embeddable":true,"href":"https:\/\/autorenbuchhandlung-marx.de\/www\/wp-json\/wp\/v2\/comments?post=1328"}],"version-history":[{"count":2,"href":"https:\/\/autorenbuchhandlung-marx.de\/www\/wp-json\/wp\/v2\/posts\/1328\/revisions"}],"predecessor-version":[{"id":1331,"href":"https:\/\/autorenbuchhandlung-marx.de\/www\/wp-json\/wp\/v2\/posts\/1328\/revisions\/1331"}],"wp:attachment":[{"href":"https:\/\/autorenbuchhandlung-marx.de\/www\/wp-json\/wp\/v2\/media?parent=1328"}],"wp:term":[{"taxonomy":"category","embeddable":true,"href":"https:\/\/autorenbuchhandlung-marx.de\/www\/wp-json\/wp\/v2\/categories?post=1328"},{"taxonomy":"post_tag","embeddable":true,"href":"https:\/\/autorenbuchhandlung-marx.de\/www\/wp-json\/wp\/v2\/tags?post=1328"}],"curies":[{"name":"wp","href":"https:\/\/api.w.org\/{rel}","templated":true}]}}