{"id":1203,"date":"2019-06-26T19:07:10","date_gmt":"2019-06-26T17:07:10","guid":{"rendered":"https:\/\/autorenbuchhandlung-marx.de\/www\/?p=1203"},"modified":"2019-07-22T14:07:46","modified_gmt":"2019-07-22T12:07:46","slug":"1203-2","status":"publish","type":"post","link":"https:\/\/autorenbuchhandlung-marx.de\/www\/1203-2\/","title":{"rendered":"Endlich Bilderbuchferien!"},"content":{"rendered":"<h2>In den Sommerferien lesen wir Bilderb\u00fccher vor.<\/h2>\n\n\n\n<h4>Dienstags um 16 Uhr und Donnerstags um 10 Uhr. <\/h4>\n\n\n\n<h4>F\u00fcr Kindergarten- und Grundschulkinder<\/h4>\n\n\n\n<h2><strong>Di. 9. Juli 2019, 16 Uhr<\/strong><\/h2>\n\n\n\n<div class=\"wp-block-image\"><figure class=\"alignright is-resized\"><noscript><img src=\"https:\/\/autorenbuchhandlung-marx.de\/www\/wp-content\/uploads\/2019\/07\/bademeisterbande.jpg\" alt class=\"wp-image-1212\" width=\"159\" height=\"221\"><\/noscript><img src=\"data:image\/svg+xml,%3Csvg%20xmlns%3D%22http%3A%2F%2Fwww.w3.org%2F2000%2Fsvg%22%20viewBox%3D%220%200%20159%20221%22%3E%3C%2Fsvg%3E\" alt class=\"wp-image-1212 lazyload\" width=\"159\" height=\"221\" data-src=\"https:\/\/autorenbuchhandlung-marx.de\/www\/wp-content\/uploads\/2019\/07\/bademeisterbande.jpg\"><\/figure><\/div>\n\n\n\n<p><br>Stephanie Schneider<br><strong><a href=\"https:\/\/kommbuch.com\/vlb-suche?search%5Bstichwort%5D=bademeisterbande&amp;search%5Bpos%5D=0&amp;ean=9783864293733\">Die Bademeisterbande<\/a><\/strong><br>Tulipan Verlag<br>ab 7 Jahre  <\/p>\n\n\n\n<p><\/p>\n\n\n\n<h2><strong> Do. 11. Juli 2019, 10 Uhr <\/strong><\/h2>\n\n\n\n<div class=\"wp-block-image\"><figure class=\"alignright is-resized\"><noscript><img src=\"https:\/\/autorenbuchhandlung-marx.de\/www\/wp-content\/uploads\/2019\/07\/werschnarcht.jpg\" alt class=\"wp-image-1213\" width=\"156\" height=\"182\"><\/noscript><img src=\"data:image\/svg+xml,%3Csvg%20xmlns%3D%22http%3A%2F%2Fwww.w3.org%2F2000%2Fsvg%22%20viewBox%3D%220%200%20156%20182%22%3E%3C%2Fsvg%3E\" alt class=\"wp-image-1213 lazyload\" width=\"156\" height=\"182\" data-src=\"https:\/\/autorenbuchhandlung-marx.de\/www\/wp-content\/uploads\/2019\/07\/werschnarcht.jpg\"><\/figure><\/div>\n\n\n\n<p><br>Wade Bradford \/ Kevin Hawkes<br><strong><a href=\"https:\/\/kommbuch.com\/vlb-suche?search%5Bstichwort%5D=wer+schnarcht&amp;search%5Bpos%5D=0&amp;ean=9783280035948\">Wer schnarcht im 13. Stock<\/a><\/strong><br>Orell F\u00fcssli Verlag<br>Ab 3 Jahre    <\/p>\n\n\n\n<h2><strong>Di. 16. Juli 2019, 16 Uhr <\/strong><\/h2>\n\n\n\n<div class=\"wp-block-image\"><figure class=\"alignright is-resized\"><noscript><img src=\"https:\/\/autorenbuchhandlung-marx.de\/www\/wp-content\/uploads\/2019\/07\/stadtb\u00e4r.jpg\" alt class=\"wp-image-1214\" width=\"143\" height=\"200\"><\/noscript><img src=\"data:image\/svg+xml,%3Csvg%20xmlns%3D%22http%3A%2F%2Fwww.w3.org%2F2000%2Fsvg%22%20viewBox%3D%220%200%20143%20200%22%3E%3C%2Fsvg%3E\" alt class=\"wp-image-1214 lazyload\" width=\"143\" height=\"200\" data-src=\"https:\/\/autorenbuchhandlung-marx.de\/www\/wp-content\/uploads\/2019\/07\/stadtb\u00e4r.jpg\"><figcaption> <\/figcaption><\/figure><\/div>\n\n\n\n<p><br>Katja Gehrmann <br><strong><a href=\"https:\/\/kommbuch.com\/vlb-suche?search%5Bstichwort%5D=stadtb%C3%A4r&amp;search%5Bpos%5D=0&amp;ean=9783895653766\">Stadtb\u00e4r <\/a><\/strong><br>Moritz Verlag <br>ab 6 Jahre   <\/p>\n\n\n\n<p><\/p>\n\n\n\n<p><\/p>\n\n\n\n<h2><strong>Do. 18. Juli 2019, 10 Uhr <\/strong><\/h2>\n\n\n\n<div class=\"wp-block-image\"><figure class=\"alignright is-resized\"><noscript><img src=\"https:\/\/autorenbuchhandlung-marx.de\/www\/wp-content\/uploads\/2019\/07\/kuscheld..jpg\" alt class=\"wp-image-1215\" width=\"141\" height=\"164\"><\/noscript><img src=\"data:image\/svg+xml,%3Csvg%20xmlns%3D%22http%3A%2F%2Fwww.w3.org%2F2000%2Fsvg%22%20viewBox%3D%220%200%20141%20164%22%3E%3C%2Fsvg%3E\" alt class=\"wp-image-1215 lazyload\" width=\"141\" height=\"164\" data-src=\"https:\/\/autorenbuchhandlung-marx.de\/www\/wp-content\/uploads\/2019\/07\/kuscheld..jpg\"><figcaption><strong> <\/strong><\/figcaption><\/figure><\/div>\n\n\n\n<p><br>Lucy Rowland <br><strong><a href=\"https:\/\/kommbuch.com\/vlb-suche?search%5Bstichwort%5D=kuscheldecke&amp;search%5Bpos%5D=0&amp;ean=9783789110771\">Wo ist meine Kuscheldecke<\/a><\/strong><br>Oetinger Verlag <br>ab 4 Jahre  <\/p>\n\n\n\n<p><\/p>\n\n\n\n<h2>Di. 23. Juli 2019, 16 Uhr<\/h2>\n\n\n\n<div class=\"wp-block-image\"><figure class=\"alignright is-resized\"><noscript><img src=\"https:\/\/autorenbuchhandlung-marx.de\/www\/wp-content\/uploads\/2019\/07\/roberta.jpg\" alt class=\"wp-image-1216\" width=\"155\" height=\"200\"><\/noscript><img src=\"data:image\/svg+xml,%3Csvg%20xmlns%3D%22http%3A%2F%2Fwww.w3.org%2F2000%2Fsvg%22%20viewBox%3D%220%200%20155%20200%22%3E%3C%2Fsvg%3E\" alt class=\"wp-image-1216 lazyload\" width=\"155\" height=\"200\" data-src=\"https:\/\/autorenbuchhandlung-marx.de\/www\/wp-content\/uploads\/2019\/07\/roberta.jpg\"><\/figure><\/div>\n\n\n\n<p>  Jory John <br><strong><a href=\"https:\/\/kommbuch.com\/vlb-suche?search%5Bstichwort%5D=roberta+und+henry&amp;search%5Bpos%5D=0&amp;ean=9783551519443\"> Roberta &amp; Henry <\/a><\/strong><br> Carlsen Verlag <br> ab 4 Jahre   <\/p>\n\n\n\n<p><\/p>\n\n\n\n<p><\/p>\n\n\n\n<h2>Do. 25. Juli 2019, 10 Uhr <\/h2>\n\n\n\n<div class=\"wp-block-image\"><figure class=\"alignright is-resized\"><noscript><img src=\"https:\/\/autorenbuchhandlung-marx.de\/www\/wp-content\/uploads\/2019\/07\/hollie.jpg\" alt class=\"wp-image-1217\" width=\"161\" height=\"148\"><\/noscript><img src=\"data:image\/svg+xml,%3Csvg%20xmlns%3D%22http%3A%2F%2Fwww.w3.org%2F2000%2Fsvg%22%20viewBox%3D%220%200%20161%20148%22%3E%3C%2Fsvg%3E\" alt class=\"wp-image-1217 lazyload\" width=\"161\" height=\"148\" data-src=\"https:\/\/autorenbuchhandlung-marx.de\/www\/wp-content\/uploads\/2019\/07\/hollie.jpg\"><figcaption> <\/figcaption><\/figure><\/div>\n\n\n\n<p>Nini Alaska <br><a href=\"https:\/\/kommbuch.com\/vlb-suche?search%5Bstichwort%5D=HOllie+und+Fux&amp;search%5Bpos%5D=0&amp;ean=9783864294549\">Hollie &amp; Fux <\/a><br>Tulipan Verlag <br>ab 4 Jahre <\/p>\n\n\n\n<p><\/p>\n\n\n\n<h2>Di. 30. Juli 2019, 16 Uhr <\/h2>\n\n\n\n<div class=\"wp-block-image\"><figure class=\"alignright is-resized\"><noscript><img src=\"https:\/\/autorenbuchhandlung-marx.de\/www\/wp-content\/uploads\/2019\/07\/shopping.jpg\" alt class=\"wp-image-1219\" width=\"155\" height=\"200\"><\/noscript><img src=\"data:image\/svg+xml,%3Csvg%20xmlns%3D%22http%3A%2F%2Fwww.w3.org%2F2000%2Fsvg%22%20viewBox%3D%220%200%20155%20200%22%3E%3C%2Fsvg%3E\" alt class=\"wp-image-1219 lazyload\" width=\"155\" height=\"200\" data-src=\"https:\/\/autorenbuchhandlung-marx.de\/www\/wp-content\/uploads\/2019\/07\/shopping.jpg\"><\/figure><\/div>\n\n\n\n<p>Kerstin Hau <br><a href=\"https:\/\/kommbuch.com\/vlb-suche?search%5Bstichwort%5D=das+dunkle+und+das+helle&amp;search%5Bpos%5D=0&amp;ean=9783314104602\">Das Dunkle und das Helle <\/a><br>NordS\u00fcd Verlag <br>ab 4 Jahre  <\/p>\n\n\n\n<p><\/p>\n\n\n\n<h2>Do. 1. August 2019, 10 Uhr <\/h2>\n\n\n\n<div class=\"wp-block-image\"><figure class=\"alignright is-resized\"><noscript><img src=\"https:\/\/autorenbuchhandlung-marx.de\/www\/wp-content\/uploads\/2019\/07\/tier.jpg\" alt class=\"wp-image-1220\" width=\"134\" height=\"174\"><\/noscript><img src=\"data:image\/svg+xml,%3Csvg%20xmlns%3D%22http%3A%2F%2Fwww.w3.org%2F2000%2Fsvg%22%20viewBox%3D%220%200%20134%20174%22%3E%3C%2Fsvg%3E\" alt class=\"wp-image-1220 lazyload\" width=\"134\" height=\"174\" data-src=\"https:\/\/autorenbuchhandlung-marx.de\/www\/wp-content\/uploads\/2019\/07\/tier.jpg\"><\/figure><\/div>\n\n\n\n<p>J\u00f6rg Isermeyer <br><a href=\"https:\/\/kommbuch.com\/vlb-suche?search%5Bstichwort%5D=dieses+tier&amp;search%5Bpos%5D=0&amp;ean=9783407754202\">Dieses Tier bleibt jetzt hier <\/a><br>Beltz Verlag <br>ab 3 Jahre   <br>   <\/p>\n\n\n\n<h2> <\/h2>\n\n\n\n<h2>Wir freuen uns auf Euch. <\/h2>\n\n\n\n<h2>Sch\u00f6ne Ferien w\u00fcnschen die Buchh\u00e4ndler*innen aus der <em>autorenbuchhandlung marx&amp;co<\/em>! <\/h2>\n<div class=\"shariff shariff-align-flex-start shariff-widget-align-flex-start\" data-services=\"facebook%7Ctwitter\" data-url=\"https%3A%2F%2Fautorenbuchhandlung-marx.de%2Fwww%2F1203-2%2F\" data-timestamp=\"1563804466\" data-backendurl=\"https:\/\/autorenbuchhandlung-marx.de\/www\/wp-json\/shariff\/v1\/share_counts?\"><ul class=\"shariff-buttons theme-round orientation-horizontal buttonsize-medium\"><li class=\"shariff-button facebook shariff-nocustomcolor\" style=\"background-color:#4273c8\"><a href=\"https:\/\/www.facebook.com\/sharer\/sharer.php?u=https%3A%2F%2Fautorenbuchhandlung-marx.de%2Fwww%2F1203-2%2F\" title=\"Bei Facebook teilen\" aria-label=\"Bei Facebook teilen\" role=\"button\" rel=\"nofollow\" class=\"shariff-link\" style=\"; background-color:#3b5998; color:#fff\" target=\"_blank\"><span class=\"shariff-icon\" style><svg width=\"32px\" height=\"20px\" viewBox=\"0 0 18 32\"><path fill=\"#3b5998\" d=\"M17.1 0.2v4.7h-2.8q-1.5 0-2.1 0.6t-0.5 1.9v3.4h5.2l-0.7 5.3h-4.5v13.6h-5.5v-13.6h-4.5v-5.3h4.5v-3.9q0-3.3 1.9-5.2t5-1.8q2.6 0 4.1 0.2z\" \/><\/svg><\/span><\/a><\/li><li class=\"shariff-button twitter shariff-nocustomcolor\" style=\"background-color:#32bbf5\"><a href=\"https:\/\/twitter.com\/share?url=https%3A%2F%2Fautorenbuchhandlung-marx.de%2Fwww%2F1203-2%2F&amp;text=Endlich%20Bilderbuchferien%21\" title=\"Bei Twitter teilen\" aria-label=\"Bei Twitter teilen\" role=\"button\" rel=\"noopener nofollow\" class=\"shariff-link\" style=\"; background-color:#55acee; color:#fff\" target=\"_blank\"><span class=\"shariff-icon\" style><svg width=\"32px\" height=\"20px\" viewBox=\"0 0 30 32\"><path fill=\"#55acee\" d=\"M29.7 6.8q-1.2 1.8-3 3.1 0 0.3 0 0.8 0 2.5-0.7 4.9t-2.2 4.7-3.5 4-4.9 2.8-6.1 1q-5.1 0-9.3-2.7 0.6 0.1 1.5 0.1 4.3 0 7.6-2.6-2-0.1-3.5-1.2t-2.2-3q0.6 0.1 1.1 0.1 0.8 0 1.6-0.2-2.1-0.4-3.5-2.1t-1.4-3.9v-0.1q1.3 0.7 2.8 0.8-1.2-0.8-2-2.2t-0.7-2.9q0-1.7 0.8-3.1 2.3 2.8 5.5 4.5t7 1.9q-0.2-0.7-0.2-1.4 0-2.5 1.8-4.3t4.3-1.8q2.7 0 4.5 1.9 2.1-0.4 3.9-1.5-0.7 2.2-2.7 3.4 1.8-0.2 3.5-0.9z\" \/><\/svg><\/span><\/a><\/li><\/ul><\/div>","protected":false},"excerpt":{"rendered":"<p>In den Sommerferien lesen wir Bilderb\u00fccher vor. Dienstags um 16 Uhr und Donnerstags um 10 Uhr. F\u00fcr Kindergarten- und Grundschulkinder Di. 9. Juli 2019, 16 Uhr Stephanie SchneiderDie BademeisterbandeTulipan Verlagab 7 Jahre Do. 11. Juli 2019, 10 Uhr Wade Bradford \/ Kevin HawkesWer schnarcht im 13. StockOrell F\u00fcssli VerlagAb 3 Jahre Di. 16. Juli 2019, [&hellip;]<\/p>\n","protected":false},"author":2,"featured_media":0,"comment_status":"closed","ping_status":"closed","sticky":false,"template":"","format":"standard","meta":{"_links_to":"","_links_to_target":""},"categories":[1],"tags":[],"_links":{"self":[{"href":"https:\/\/autorenbuchhandlung-marx.de\/www\/wp-json\/wp\/v2\/posts\/1203"}],"collection":[{"href":"https:\/\/autorenbuchhandlung-marx.de\/www\/wp-json\/wp\/v2\/posts"}],"about":[{"href":"https:\/\/autorenbuchhandlung-marx.de\/www\/wp-json\/wp\/v2\/types\/post"}],"author":[{"embeddable":true,"href":"https:\/\/autorenbuchhandlung-marx.de\/www\/wp-json\/wp\/v2\/users\/2"}],"replies":[{"embeddable":true,"href":"https:\/\/autorenbuchhandlung-marx.de\/www\/wp-json\/wp\/v2\/comments?post=1203"}],"version-history":[{"count":9,"href":"https:\/\/autorenbuchhandlung-marx.de\/www\/wp-json\/wp\/v2\/posts\/1203\/revisions"}],"predecessor-version":[{"id":1228,"href":"https:\/\/autorenbuchhandlung-marx.de\/www\/wp-json\/wp\/v2\/posts\/1203\/revisions\/1228"}],"wp:attachment":[{"href":"https:\/\/autorenbuchhandlung-marx.de\/www\/wp-json\/wp\/v2\/media?parent=1203"}],"wp:term":[{"taxonomy":"category","embeddable":true,"href":"https:\/\/autorenbuchhandlung-marx.de\/www\/wp-json\/wp\/v2\/categories?post=1203"},{"taxonomy":"post_tag","embeddable":true,"href":"https:\/\/autorenbuchhandlung-marx.de\/www\/wp-json\/wp\/v2\/tags?post=1203"}],"curies":[{"name":"wp","href":"https:\/\/api.w.org\/{rel}","templated":true}]}}