{"id":1135,"date":"2018-07-18T13:40:52","date_gmt":"2018-07-18T11:40:52","guid":{"rendered":"https:\/\/autorenbuchhandlung-marx.de\/www\/?p=1135"},"modified":"2019-05-23T13:44:02","modified_gmt":"2019-05-23T11:44:02","slug":"buchempfehlung-17","status":"publish","type":"post","link":"https:\/\/autorenbuchhandlung-marx.de\/www\/buchempfehlung-17\/","title":{"rendered":"Buchempfehlung"},"content":{"rendered":"<h2>Claudia  Pi\u00f1eiro &#8211; Der Privatsekret\u00e4r<\/h2>\n\n\n\n<p>Aus dem Spanischen von Peter Kultzen <\/p>\n\n\n\n<div class=\"wp-block-image\"><figure class=\"alignleft\"><noscript><img width=\"200\" height=\"333\" src=\"https:\/\/autorenbuchhandlung-marx.de\/www\/wp-content\/uploads\/2019\/05\/pinero.jpg\" alt class=\"wp-image-1136\" srcset=\"https:\/\/autorenbuchhandlung-marx.de\/www\/wp-content\/uploads\/2019\/05\/pinero.jpg 200w, https:\/\/autorenbuchhandlung-marx.de\/www\/wp-content\/uploads\/2019\/05\/pinero-180x300.jpg 180w\" sizes=\"(max-width: 200px) 100vw, 200px\"><\/noscript><img width=\"200\" height=\"333\" src=\"data:image\/svg+xml,%3Csvg%20xmlns%3D%22http%3A%2F%2Fwww.w3.org%2F2000%2Fsvg%22%20viewBox%3D%220%200%20200%20333%22%3E%3C%2Fsvg%3E\" alt class=\"wp-image-1136 lazyload\" srcset=\"data:image\/svg+xml,%3Csvg%20xmlns%3D%22http%3A%2F%2Fwww.w3.org%2F2000%2Fsvg%22%20viewBox%3D%220%200%20200%20333%22%3E%3C%2Fsvg%3E 200w\" sizes=\"(max-width: 200px) 100vw, 200px\" data-srcset=\"https:\/\/autorenbuchhandlung-marx.de\/www\/wp-content\/uploads\/2019\/05\/pinero.jpg 200w, https:\/\/autorenbuchhandlung-marx.de\/www\/wp-content\/uploads\/2019\/05\/pinero-180x300.jpg 180w\" data-src=\"https:\/\/autorenbuchhandlung-marx.de\/www\/wp-content\/uploads\/2019\/05\/pinero.jpg\"><figcaption>Unionsverlag 22 \u20ac<br>978-3-293-00534-1 <\/figcaption><\/figure><\/div>\n\n\n\n<p>Das Ger\u00fccht und der Ruhm werden in der r\u00f6mischen \nMythologie von ein und derselben G\u00f6ttin verwaltet. Ein gefl\u00fcgeltes Wesen\n mit tausenden Augen, M\u00fcndern und Ohren, rast sie \u00fcber das Land, \nverbreitet sowohl Wahrheit als auch L\u00fcge unter den Menschen und ist \ndabei blind f\u00fcr die Konsequenz. In Vergils <em>Aeneis<\/em> f\u00e4llt dieser \ngewaltigen Klatschtante g\u00f6ttlichen Ursprungs unter anderem die \nkarthargische K\u00f6nigin Dido zum Opfer: Der d\u00fcpierte Nebenbuhler erf\u00e4hrt \nvon dem Techtelmechtel zwischen ihr und Aeneas, klagt sein Leid dem \nJupiter, der Aeneas eigentlich mit einer ganz anderen Mission als einer \nHeirat betraut hatte, und nach einer Intervention des G\u00f6ttervaters nimmt\n das Schicksal der liebeskranken Dido seinen tragischen Lauf. <\/p>\n\n\n\n<p>Dass die Fama, wie diese tratschende G\u00f6ttin hei\u00dft, auch \nf\u00fcr den Ruhm zust\u00e4ndig ist, nimmt eigentlich nicht weiter Wunder: Das \ngezielt gestreute Ger\u00fccht, die perfide ausget\u00fcftelte Schmutzkampagne \nhaben schon so manchen Machtkampf entschieden, und auch im politischen \nBetrieb unserer Zeit scheint das flei\u00dfige Verwischen der Grenze zwischen\n Fakt und Fiktion wieder Konjunktur zu haben. <\/p>\n\n\n\n<p>Fernando Rovira, politisch ambitionierter Bauunternehmer \nund Gr\u00fcnder der aufstrebenden Partei \u201ePragma\u201c, ist ein Charismatiker: \nadrett, sportlich, immer ausgeschlafen und eloquent. Mit sicherer Hand \nlenkt er die Geschicke seiner Partei, f\u00fchrt sie von Sieg zu Sieg und \nschreitet ihr als  politische Lichtgestalt, als Selfmademan, voran. Das \nZiel: Die Provinz Buenos Aires teilen, das Leben f\u00fcr alle verbessern und\n anschlie\u00dfend, klar, die Pr\u00e4sidentschaft von Argentinien. <\/p>\n\n\n\n<p>Unn\u00f6tig zu sagen: Mit schillernden Inszenierungen verh\u00e4lt\n es sich wie mit Magneten: Sie \u00fcben eine immense Anziehungskraft aus. \nUnd schon bald geraten auch die beiden Studenten Rom\u00e1n Sabat\u00e9 und sein \nFreund Sebasti\u00e1n in den Bann von Roviras Partei und bewerben sich \nschlie\u00dflich um eine Position im Team des gro\u00dfen Mannes. <\/p>\n\n\n\n<p>Doch da geschieht Unerwartetes: Nicht der \nhochintelligente Sebasti\u00e1n, der sich mit Leib und Seele dem Programm \nRoviras verschrieben hat und vor Tatendrang zu platzen droht, wird \ngenommen, vielmehr bekommt sein ungleich weniger tatkr\u00e4ftige Freund \nRom\u00e1n den Zuschlag f\u00fcr den Posten und steigt auch gleich zum \nPrivatsekret\u00e4r und Personaltrainer Roviras auf. Und noch w\u00e4hrend sich \nRom\u00e1n selbst \u00fcber seinen rasanten Aufstieg in der Partei wundert, wird \ner immer weiter in ein Netz aus L\u00fcgen, Mythen und grausigen Geheimnissen\n verstrickt, das Rovira abseits der \u00d6ffentlichkeit kn\u00fcpft. Der \nHoffnungsschimmer am sich stetig verd\u00fcsternden Horizont: Die junge \nJournalistin Valentina Sureda, genannt China, die an einem Buch \u00fcber den\n Einfluss des Fluches der Tolosana auf die Politik Fernando Roviras \narbeitet. Jener sagenhafte Fluch besagt, dass kein Gouverneur der \nProvinz Buenos Aires je Pr\u00e4sident Argentiniens werden kann. Dabei kommt \nsie unliebsamen Wahrheiten auf die Spur und befindet sich bald selbst in\n h\u00f6chster Gefahr. <\/p>\n\n\n\n<p>Welche faktische Kraft k\u00f6nnen ausgewiesene Mythen \nentwickeln? Welche politische Durchschlagskraft hat die gut arrangierte \nStory? Und: Ist nicht das wahr, was der Mensch beschlie\u00dft, als wahr \nanzunehmen? <\/p>\n\n\n\n<p>Claudia Pi\u00f1eiros Politthriller <em>Der Privatsekret\u00e4r<\/em>\n liest sich wie eine spannende Abhandlung dieser brandaktuellen Fragen. \nEinerseits verfolgt der Leser die immer wahnwitziger werdenden \nEntwicklungen um Rom\u00e1n Sabat\u00e9, andererseits schaut er Valentina Sureda \n\u00fcber die Schulter, wie sie Fragment um Fragment f\u00fcr ihr Buch \nzusammentr\u00e4gt und dabei in die Geschichte des Landes und der Provinz \nArgentiniens eintaucht. Die Sprache ist, dem Plot und dem Genre \nangemessen, klar und pr\u00e4zise, und das Spiel der Autorin mit historisch \nverb\u00fcrgten Fakten und freier Erfindung reflektiert das Thema des Buches \nauch auf formaler Ebene. <\/p>\n\n\n\n<p>Wer sich im gerade so glorios anhebenden Sommer spannende\n Unterhaltung mit politisch relevanter Thematik genehmigen m\u00f6chte, \nangereichert mit einem halbfiktionalen Exkurs in die j\u00fcngere \nargentinische Geschichte, ist mit diesem Buch hervorragend bedient. <\/p>\n\n\n\n<p>Johannes Fischer, autorenbuchhandlung marx &amp; co, Frankfurt<\/p>\n<div class=\"shariff shariff-align-flex-start shariff-widget-align-flex-start\" data-services=\"facebook%7Ctwitter\" data-url=\"https%3A%2F%2Fautorenbuchhandlung-marx.de%2Fwww%2Fbuchempfehlung-17%2F\" data-timestamp=\"1558619042\" data-backendurl=\"https:\/\/autorenbuchhandlung-marx.de\/www\/wp-json\/shariff\/v1\/share_counts?\"><ul class=\"shariff-buttons theme-round orientation-horizontal buttonsize-medium\"><li class=\"shariff-button facebook shariff-nocustomcolor\" style=\"background-color:#4273c8\"><a href=\"https:\/\/www.facebook.com\/sharer\/sharer.php?u=https%3A%2F%2Fautorenbuchhandlung-marx.de%2Fwww%2Fbuchempfehlung-17%2F\" title=\"Bei Facebook teilen\" aria-label=\"Bei Facebook teilen\" role=\"button\" rel=\"nofollow\" class=\"shariff-link\" style=\"; background-color:#3b5998; color:#fff\" target=\"_blank\"><span class=\"shariff-icon\" style><svg width=\"32px\" height=\"20px\" viewBox=\"0 0 18 32\"><path fill=\"#3b5998\" d=\"M17.1 0.2v4.7h-2.8q-1.5 0-2.1 0.6t-0.5 1.9v3.4h5.2l-0.7 5.3h-4.5v13.6h-5.5v-13.6h-4.5v-5.3h4.5v-3.9q0-3.3 1.9-5.2t5-1.8q2.6 0 4.1 0.2z\" \/><\/svg><\/span><\/a><\/li><li class=\"shariff-button twitter shariff-nocustomcolor\" style=\"background-color:#32bbf5\"><a href=\"https:\/\/twitter.com\/share?url=https%3A%2F%2Fautorenbuchhandlung-marx.de%2Fwww%2Fbuchempfehlung-17%2F&amp;text=Buchempfehlung\" title=\"Bei Twitter teilen\" aria-label=\"Bei Twitter teilen\" role=\"button\" rel=\"noopener nofollow\" class=\"shariff-link\" style=\"; background-color:#55acee; color:#fff\" target=\"_blank\"><span class=\"shariff-icon\" style><svg width=\"32px\" height=\"20px\" viewBox=\"0 0 30 32\"><path fill=\"#55acee\" d=\"M29.7 6.8q-1.2 1.8-3 3.1 0 0.3 0 0.8 0 2.5-0.7 4.9t-2.2 4.7-3.5 4-4.9 2.8-6.1 1q-5.1 0-9.3-2.7 0.6 0.1 1.5 0.1 4.3 0 7.6-2.6-2-0.1-3.5-1.2t-2.2-3q0.6 0.1 1.1 0.1 0.8 0 1.6-0.2-2.1-0.4-3.5-2.1t-1.4-3.9v-0.1q1.3 0.7 2.8 0.8-1.2-0.8-2-2.2t-0.7-2.9q0-1.7 0.8-3.1 2.3 2.8 5.5 4.5t7 1.9q-0.2-0.7-0.2-1.4 0-2.5 1.8-4.3t4.3-1.8q2.7 0 4.5 1.9 2.1-0.4 3.9-1.5-0.7 2.2-2.7 3.4 1.8-0.2 3.5-0.9z\" \/><\/svg><\/span><\/a><\/li><\/ul><\/div>","protected":false},"excerpt":{"rendered":"<p>Claudia Pi\u00f1eiro &#8211; Der Privatsekret\u00e4r Aus dem Spanischen von Peter Kultzen Das Ger\u00fccht und der Ruhm werden in der r\u00f6mischen Mythologie von ein und derselben G\u00f6ttin verwaltet. Ein gefl\u00fcgeltes Wesen mit tausenden Augen, M\u00fcndern und Ohren, rast sie \u00fcber das Land, verbreitet sowohl Wahrheit als auch L\u00fcge unter den Menschen und ist dabei blind f\u00fcr [&hellip;]<\/p>\n","protected":false},"author":2,"featured_media":0,"comment_status":"closed","ping_status":"closed","sticky":false,"template":"","format":"standard","meta":{"_links_to":"","_links_to_target":""},"categories":[8],"tags":[],"_links":{"self":[{"href":"https:\/\/autorenbuchhandlung-marx.de\/www\/wp-json\/wp\/v2\/posts\/1135"}],"collection":[{"href":"https:\/\/autorenbuchhandlung-marx.de\/www\/wp-json\/wp\/v2\/posts"}],"about":[{"href":"https:\/\/autorenbuchhandlung-marx.de\/www\/wp-json\/wp\/v2\/types\/post"}],"author":[{"embeddable":true,"href":"https:\/\/autorenbuchhandlung-marx.de\/www\/wp-json\/wp\/v2\/users\/2"}],"replies":[{"embeddable":true,"href":"https:\/\/autorenbuchhandlung-marx.de\/www\/wp-json\/wp\/v2\/comments?post=1135"}],"version-history":[{"count":1,"href":"https:\/\/autorenbuchhandlung-marx.de\/www\/wp-json\/wp\/v2\/posts\/1135\/revisions"}],"predecessor-version":[{"id":1137,"href":"https:\/\/autorenbuchhandlung-marx.de\/www\/wp-json\/wp\/v2\/posts\/1135\/revisions\/1137"}],"wp:attachment":[{"href":"https:\/\/autorenbuchhandlung-marx.de\/www\/wp-json\/wp\/v2\/media?parent=1135"}],"wp:term":[{"taxonomy":"category","embeddable":true,"href":"https:\/\/autorenbuchhandlung-marx.de\/www\/wp-json\/wp\/v2\/categories?post=1135"},{"taxonomy":"post_tag","embeddable":true,"href":"https:\/\/autorenbuchhandlung-marx.de\/www\/wp-json\/wp\/v2\/tags?post=1135"}],"curies":[{"name":"wp","href":"https:\/\/api.w.org\/{rel}","templated":true}]}}