{"id":1102,"date":"2018-01-12T13:16:43","date_gmt":"2018-01-12T11:16:43","guid":{"rendered":"https:\/\/autorenbuchhandlung-marx.de\/www\/?p=1102"},"modified":"2019-05-22T13:44:27","modified_gmt":"2019-05-22T11:44:27","slug":"buchempfehlung-6","status":"publish","type":"post","link":"https:\/\/autorenbuchhandlung-marx.de\/www\/buchempfehlung-6\/","title":{"rendered":"Buchempfehlung"},"content":{"rendered":"<h3>Manja Pr\u00e4kels<\/h3>\n\n\n\n<h2>Als ich mir Hitler Schnapskirschen a\u00df<\/h2>\n\n\n\n<div class=\"wp-block-image\"><figure class=\"alignleft\"><noscript><img width=\"345\" height=\"500\" src=\"https:\/\/autorenbuchhandlung-marx.de\/www\/wp-content\/uploads\/2019\/05\/pr\u00e4kels.jpg\" alt class=\"wp-image-1103\" srcset=\"https:\/\/autorenbuchhandlung-marx.de\/www\/wp-content\/uploads\/2019\/05\/pr\u00e4kels.jpg 345w, https:\/\/autorenbuchhandlung-marx.de\/www\/wp-content\/uploads\/2019\/05\/pr\u00e4kels-207x300.jpg 207w\" sizes=\"(max-width: 345px) 100vw, 345px\"><\/noscript><img width=\"345\" height=\"500\" src=\"data:image\/svg+xml,%3Csvg%20xmlns%3D%22http%3A%2F%2Fwww.w3.org%2F2000%2Fsvg%22%20viewBox%3D%220%200%20345%20500%22%3E%3C%2Fsvg%3E\" alt class=\"wp-image-1103 lazyload\" srcset=\"data:image\/svg+xml,%3Csvg%20xmlns%3D%22http%3A%2F%2Fwww.w3.org%2F2000%2Fsvg%22%20viewBox%3D%220%200%20345%20500%22%3E%3C%2Fsvg%3E 345w\" sizes=\"(max-width: 345px) 100vw, 345px\" data-srcset=\"https:\/\/autorenbuchhandlung-marx.de\/www\/wp-content\/uploads\/2019\/05\/pr\u00e4kels.jpg 345w, https:\/\/autorenbuchhandlung-marx.de\/www\/wp-content\/uploads\/2019\/05\/pr\u00e4kels-207x300.jpg 207w\" data-src=\"https:\/\/autorenbuchhandlung-marx.de\/www\/wp-content\/uploads\/2019\/05\/pr\u00e4kels.jpg\"><figcaption>Verbrecher Verlag, 20 \u20ac<br> 978-3-95732-272-2 <\/figcaption><\/figure><\/div>\n\n\n\n<p> Der vieldiskutierte Roman von Manja Pr\u00e4kels thematisiert ein von der  breiten \u00d6ffentlichkeit vielfach verleugnetes oder bestenfalls  unbeachtetes Ph\u00e4nomen: die Erstarkung rechtsradikaler, neonazistischer  Gruppen in Deutschland nach der Wende. Angelehnt an ihre eigenen  Erfahrungen aus ihrer Jugend in der ostdeutschen Provinz in den fr\u00fchen  90er Jahren, verdeutlicht dieser Roman, wieso Ph\u00e4nomene wie PeGiDa und  AfD f\u00fcr Pr\u00e4kels keineswegs \u00fcberraschend sind. Bei aller politischen  Brisanz gelingt der Journalistin jedoch dar\u00fcber hinaus ein literarisch  gelungenes Deb\u00fct.  <\/p>\n\n\n\n<p>Was \ngeschieht, wenn man nach langer Abwesenheit an den Ort seiner Kindheit \nund Jugend zur\u00fcckkehrt? Und wenn dieser Ort nicht Unbeschwertheit oder \nGeborgenheit vermittelt, sondern Angst? Wenn man nach Jahren des Exils \nzur\u00fcckkommt und Hitler einem mit einem Mal wieder als der alte \nSchulfreund erscheint, der er einmal war? <\/p>\n\n\n\n<p>Fr\u00fcher sind Oliver und Mimi oft zusammen angeln gegangen.\n Obwohl sie wenig miteinander gesprochen haben, bestand doch eine \nFreundschaft zwischen ihnen. Dann kam die Wende, und aus Oliver wurde \nHitler, Anf\u00fchrer einer von zahlreichen Neonazigruppen, die zu dieser \nZeit die Kontrolle \u00fcber das soziale Leben \u00fcbernahmen, wie Mimi ihre \nErinnerungen beschreibt. In ihrer R\u00fcckschau auf die Ereignisse, wird der\n Protagonistin klar, dass diese fr\u00fche Freundschaft zu Hitler\/Oliver ihr \ndas Leben gerettet haben k\u00f6nnte. Denn mit dem Erstarken der Neonazis \nwurden sie und ihre Freunde, die \u201eZecken\u201c, zu Gejagten. Denn der \nEinfluss der Rechten auf die Gesellschaft scheint \u00fcberm\u00e4chtig und \nallgegenw\u00e4rtig und wird doch, auch damals schon, totgeschwiegen. Nazis \nst\u00fcrmen Diskotheken und Kneipen, die \u201cZecken\u201d werden verfolgt und \nverpr\u00fcgelt. Ein Freund \u00fcberlebt einen dieser \u00dcberf\u00e4lle nicht. Die T\u00e4ter \nwerden freigesprochen, die Angst w\u00e4chst, die \u00dcbergriffe werden h\u00e4ufiger.\n Von ihrer Familie wird Mimi Verfolgungswahn vorgeworfen, alles \nEinbildung, \u00dcbertreibung. Es folgt die Flucht nach Berlin, doch der \nNeuanfang, den die Gro\u00dfstadt verspricht, bleibt aus.   <\/p>\n\n\n\n<p>Manja Pr\u00e4kels, die sich mit neonazistischen Gruppierungen\n und Str\u00f6mungen auch in ihrer journalistischen T\u00e4tigkeit besch\u00e4ftigt und\n hier auch ein St\u00fcck weit ihre eigene Biografie verarbeitet, schreibt \nmit einer ungeheuren Sachkenntnis. Dabei gelingt es ihr wie wenigen \nihrer journalistischen KollegInnen, sich auf die literarische Form des \nRomans einzulassen. Durch ihren direkten Erz\u00e4hlstil \u00fcbertr\u00e4gt sich die \nbeklemmende Stimmung auf die Leserin und sorgt daf\u00fcr, dass das Buch \neinen lange besch\u00e4ftigt. <\/p>\n\n\n\n<p>In Deutschland, in den neuen Bundesl\u00e4ndern wie in den \nalten, wurde und wird rechte Gewalt systematisch geleugnet oder \nkleingeredet. Mit ihrem Roman wie mit ihrer journalistischen Arbeit \nleistet Manja Pr\u00e4kels einen wichtigen Beitrag zur Debatte. <\/p>\n\n\n\n<p>Theresa Mayer, autorenbuchhandlung marx &amp; co. Frankfurt<\/p>\n<div class=\"shariff shariff-align-flex-start shariff-widget-align-flex-start\" data-services=\"facebook%7Ctwitter\" data-url=\"https%3A%2F%2Fautorenbuchhandlung-marx.de%2Fwww%2Fbuchempfehlung-6%2F\" data-timestamp=\"1558532667\" data-backendurl=\"https:\/\/autorenbuchhandlung-marx.de\/www\/wp-json\/shariff\/v1\/share_counts?\"><ul class=\"shariff-buttons theme-round orientation-horizontal buttonsize-medium\"><li class=\"shariff-button facebook shariff-nocustomcolor\" style=\"background-color:#4273c8\"><a href=\"https:\/\/www.facebook.com\/sharer\/sharer.php?u=https%3A%2F%2Fautorenbuchhandlung-marx.de%2Fwww%2Fbuchempfehlung-6%2F\" title=\"Bei Facebook teilen\" aria-label=\"Bei Facebook teilen\" role=\"button\" rel=\"nofollow\" class=\"shariff-link\" style=\"; background-color:#3b5998; color:#fff\" target=\"_blank\"><span class=\"shariff-icon\" style><svg width=\"32px\" height=\"20px\" viewBox=\"0 0 18 32\"><path fill=\"#3b5998\" d=\"M17.1 0.2v4.7h-2.8q-1.5 0-2.1 0.6t-0.5 1.9v3.4h5.2l-0.7 5.3h-4.5v13.6h-5.5v-13.6h-4.5v-5.3h4.5v-3.9q0-3.3 1.9-5.2t5-1.8q2.6 0 4.1 0.2z\" \/><\/svg><\/span><\/a><\/li><li class=\"shariff-button twitter shariff-nocustomcolor\" style=\"background-color:#32bbf5\"><a href=\"https:\/\/twitter.com\/share?url=https%3A%2F%2Fautorenbuchhandlung-marx.de%2Fwww%2Fbuchempfehlung-6%2F&amp;text=Buchempfehlung\" title=\"Bei Twitter teilen\" aria-label=\"Bei Twitter teilen\" role=\"button\" rel=\"noopener nofollow\" class=\"shariff-link\" style=\"; background-color:#55acee; color:#fff\" target=\"_blank\"><span class=\"shariff-icon\" style><svg width=\"32px\" height=\"20px\" viewBox=\"0 0 30 32\"><path fill=\"#55acee\" d=\"M29.7 6.8q-1.2 1.8-3 3.1 0 0.3 0 0.8 0 2.5-0.7 4.9t-2.2 4.7-3.5 4-4.9 2.8-6.1 1q-5.1 0-9.3-2.7 0.6 0.1 1.5 0.1 4.3 0 7.6-2.6-2-0.1-3.5-1.2t-2.2-3q0.6 0.1 1.1 0.1 0.8 0 1.6-0.2-2.1-0.4-3.5-2.1t-1.4-3.9v-0.1q1.3 0.7 2.8 0.8-1.2-0.8-2-2.2t-0.7-2.9q0-1.7 0.8-3.1 2.3 2.8 5.5 4.5t7 1.9q-0.2-0.7-0.2-1.4 0-2.5 1.8-4.3t4.3-1.8q2.7 0 4.5 1.9 2.1-0.4 3.9-1.5-0.7 2.2-2.7 3.4 1.8-0.2 3.5-0.9z\" \/><\/svg><\/span><\/a><\/li><\/ul><\/div>","protected":false},"excerpt":{"rendered":"<p>Manja Pr\u00e4kels Als ich mir Hitler Schnapskirschen a\u00df Der vieldiskutierte Roman von Manja Pr\u00e4kels thematisiert ein von der breiten \u00d6ffentlichkeit vielfach verleugnetes oder bestenfalls unbeachtetes Ph\u00e4nomen: die Erstarkung rechtsradikaler, neonazistischer Gruppen in Deutschland nach der Wende. Angelehnt an ihre eigenen Erfahrungen aus ihrer Jugend in der ostdeutschen Provinz in den fr\u00fchen 90er Jahren, verdeutlicht dieser [&hellip;]<\/p>\n","protected":false},"author":2,"featured_media":0,"comment_status":"closed","ping_status":"closed","sticky":false,"template":"","format":"standard","meta":{"_links_to":"","_links_to_target":""},"categories":[8],"tags":[],"_links":{"self":[{"href":"https:\/\/autorenbuchhandlung-marx.de\/www\/wp-json\/wp\/v2\/posts\/1102"}],"collection":[{"href":"https:\/\/autorenbuchhandlung-marx.de\/www\/wp-json\/wp\/v2\/posts"}],"about":[{"href":"https:\/\/autorenbuchhandlung-marx.de\/www\/wp-json\/wp\/v2\/types\/post"}],"author":[{"embeddable":true,"href":"https:\/\/autorenbuchhandlung-marx.de\/www\/wp-json\/wp\/v2\/users\/2"}],"replies":[{"embeddable":true,"href":"https:\/\/autorenbuchhandlung-marx.de\/www\/wp-json\/wp\/v2\/comments?post=1102"}],"version-history":[{"count":1,"href":"https:\/\/autorenbuchhandlung-marx.de\/www\/wp-json\/wp\/v2\/posts\/1102\/revisions"}],"predecessor-version":[{"id":1104,"href":"https:\/\/autorenbuchhandlung-marx.de\/www\/wp-json\/wp\/v2\/posts\/1102\/revisions\/1104"}],"wp:attachment":[{"href":"https:\/\/autorenbuchhandlung-marx.de\/www\/wp-json\/wp\/v2\/media?parent=1102"}],"wp:term":[{"taxonomy":"category","embeddable":true,"href":"https:\/\/autorenbuchhandlung-marx.de\/www\/wp-json\/wp\/v2\/categories?post=1102"},{"taxonomy":"post_tag","embeddable":true,"href":"https:\/\/autorenbuchhandlung-marx.de\/www\/wp-json\/wp\/v2\/tags?post=1102"}],"curies":[{"name":"wp","href":"https:\/\/api.w.org\/{rel}","templated":true}]}}