{"id":1099,"date":"2019-05-22T11:14:25","date_gmt":"2019-05-22T09:14:25","guid":{"rendered":"https:\/\/autorenbuchhandlung-marx.de\/www\/?p=1099"},"modified":"2019-05-22T13:15:12","modified_gmt":"2019-05-22T11:15:12","slug":"buchempfehlung-5","status":"publish","type":"post","link":"https:\/\/autorenbuchhandlung-marx.de\/www\/buchempfehlung-5\/","title":{"rendered":"Buchempfehlung"},"content":{"rendered":"<h3>Fragen an Europa von  Gesine Grotrian <\/h3>\n\n\n\n<p>Was lieben wir? Was f\u00fcrchten wir? Illustriert von Susan Sch\u00e4dlich. Ab 12 Jahre <\/p>\n\n\n\n<div class=\"wp-block-image\"><figure class=\"alignleft is-resized\"><noscript><img src=\"https:\/\/autorenbuchhandlung-marx.de\/www\/wp-content\/uploads\/2019\/05\/fragen-an-europa-782x1024.jpg\" alt class=\"wp-image-1100\" width=\"293\" height=\"384\" srcset=\"https:\/\/autorenbuchhandlung-marx.de\/www\/wp-content\/uploads\/2019\/05\/fragen-an-europa-782x1024.jpg 782w, https:\/\/autorenbuchhandlung-marx.de\/www\/wp-content\/uploads\/2019\/05\/fragen-an-europa-229x300.jpg 229w, https:\/\/autorenbuchhandlung-marx.de\/www\/wp-content\/uploads\/2019\/05\/fragen-an-europa-768x1005.jpg 768w, https:\/\/autorenbuchhandlung-marx.de\/www\/wp-content\/uploads\/2019\/05\/fragen-an-europa.jpg 1000w\" sizes=\"(max-width: 293px) 100vw, 293px\"><\/noscript><img src=\"data:image\/svg+xml,%3Csvg%20xmlns%3D%22http%3A%2F%2Fwww.w3.org%2F2000%2Fsvg%22%20viewBox%3D%220%200%20293%20384%22%3E%3C%2Fsvg%3E\" alt class=\"wp-image-1100 lazyload\" width=\"293\" height=\"384\" srcset=\"data:image\/svg+xml,%3Csvg%20xmlns%3D%22http%3A%2F%2Fwww.w3.org%2F2000%2Fsvg%22%20viewBox%3D%220%200%20293%20384%22%3E%3C%2Fsvg%3E 293w\" sizes=\"(max-width: 293px) 100vw, 293px\" data-srcset=\"https:\/\/autorenbuchhandlung-marx.de\/www\/wp-content\/uploads\/2019\/05\/fragen-an-europa-782x1024.jpg 782w, https:\/\/autorenbuchhandlung-marx.de\/www\/wp-content\/uploads\/2019\/05\/fragen-an-europa-229x300.jpg 229w, https:\/\/autorenbuchhandlung-marx.de\/www\/wp-content\/uploads\/2019\/05\/fragen-an-europa-768x1005.jpg 768w, https:\/\/autorenbuchhandlung-marx.de\/www\/wp-content\/uploads\/2019\/05\/fragen-an-europa.jpg 1000w\" data-src=\"https:\/\/autorenbuchhandlung-marx.de\/www\/wp-content\/uploads\/2019\/05\/fragen-an-europa-782x1024.jpg\"><figcaption>Beltz &amp; Gelberg, 16,95 \u20ac<br>978-3-407-81245-2 <br><\/figcaption><\/figure><\/div>\n\n\n\n<p>Europa! Alle sprechen immer dar\u00fcber, doch was ist das \neigentlich? Was versuchen wir da eigentlich immer vor Populismus und \nNationalismus zu sch\u00fctzen? Nat\u00fcrlich ist Europa der Kontinent, auf dem \nwir leben, keine Frage, doch ist Europa nicht noch viel mehr? Steht \ndieser Kontinent, dieser Zusammenschluss der L\u00e4nder, nicht auch f\u00fcr \nFrieden, Gleichheit und Menschenrechte? Und was wissen wir eigentlich \n\u00fcber die EU? Klar, irgendwie bestimmt die EU unseren Alltag, doch die \nmeisten Menschen wissen nicht wie. All diese Fragen und noch einige mehr\n werden in dem Buch <em>Fragen an Europa<\/em> gekl\u00e4rt. Man wird mit \neinigen Grundinformationen, die auch schon sehr interessant sind, in das\n Buch eingef\u00fchrt. Wei\u00dft du zum Beispiel, wie viele Menschen in Europa \nleben und wie viele Sprachen in Europa gesprochen werden? Und ist dir \neigentlich klar, dass es nicht nur eine, sondern viele verschiedene \nDefinitionen von Europa gibt? <\/p>\n\n\n\n<p>Das Buch kommt mit 60 Fragen <em>an<\/em> und <em>\u00fcber<\/em>\n Europa daher. Einige sind eher allgemein gehalten, zum Besipiel was \neigentlich Populismus oder Pluralismus sind, andere sind sehr spezifisch\n auf Europa bezogen, wie zum Beispiel, welche besonderen Zugstrecken \ndurch Europa verlaufen. Alles wird mit Hilfe sehr einfacher und doch \naufschlussreicher Schaubilder illustriert, die sehr nett gestaltet sind,\n wie bei Frage 32: \u201eWer hatte die Idee f\u00fcr die EU? Meilensteine in \nBildern\u201c. Die Absicht des Buches ist es, junge Menschen zum Nachdenken \n\u00fcber Europa anzuregen, und laut den Autoren hat man das Buch nur dann \nwirklich verstanden, wenn man mit mehr Fragen aus dem Leseerlebnis \nherausgeht als man vorher hatte. Ihr Wunsch ist es nat\u00fcrlich, dass \nMenschen durch dieses Buch Europa lieben lernen, wie sie es tun, da es \noffensichtlich viele Menschen gibt, die vergessen haben, was wir an \nEuropa eigentlich haben.<\/p>\n\n\n\n<p>Mir hat das Buch sehr gut gefallen, da es ein f\u00fcr mich \nsehr interessantes Thema vorstellt. Au\u00dferdem gehen die Autorinnen auf \neinen der wichtigsten Punkte ein, die f\u00fcr ein funktionierendes Europa \neigentlich n\u00f6tig und die Gegenbewegung zum Rechtsruck in Europa w\u00e4re: \nPluralismus! Er ist wahrscheinlich eine der wenigen Chancen, die wir \nnoch gegen den Gedanken des Nationalstaates haben. Also lasst uns diese \nergreifen, um dem fortschreitendem Populismus die Stirn zu bieten. \nAnfangen sollten wir damit, uns gut \u00fcber Europa und die EU zu \ninformieren und M\u00f6glichkeiten zur positiven Ver\u00e4nderung zu entwerfen. \nGenau daf\u00fcr ist dieses Buch perfekt.<\/p>\n\n\n\n<p>Vicco Siebicke, 15 Jahre<\/p>\n<div class=\"shariff shariff-align-flex-start shariff-widget-align-flex-start\" data-services=\"facebook%7Ctwitter\" data-url=\"https%3A%2F%2Fautorenbuchhandlung-marx.de%2Fwww%2Fbuchempfehlung-5%2F\" data-timestamp=\"1558530912\" data-backendurl=\"https:\/\/autorenbuchhandlung-marx.de\/www\/wp-json\/shariff\/v1\/share_counts?\"><ul class=\"shariff-buttons theme-round orientation-horizontal buttonsize-medium\"><li class=\"shariff-button facebook shariff-nocustomcolor\" style=\"background-color:#4273c8\"><a href=\"https:\/\/www.facebook.com\/sharer\/sharer.php?u=https%3A%2F%2Fautorenbuchhandlung-marx.de%2Fwww%2Fbuchempfehlung-5%2F\" title=\"Bei Facebook teilen\" aria-label=\"Bei Facebook teilen\" role=\"button\" rel=\"nofollow\" class=\"shariff-link\" style=\"; background-color:#3b5998; color:#fff\" target=\"_blank\"><span class=\"shariff-icon\" style><svg width=\"32px\" height=\"20px\" viewBox=\"0 0 18 32\"><path fill=\"#3b5998\" d=\"M17.1 0.2v4.7h-2.8q-1.5 0-2.1 0.6t-0.5 1.9v3.4h5.2l-0.7 5.3h-4.5v13.6h-5.5v-13.6h-4.5v-5.3h4.5v-3.9q0-3.3 1.9-5.2t5-1.8q2.6 0 4.1 0.2z\" \/><\/svg><\/span><\/a><\/li><li class=\"shariff-button twitter shariff-nocustomcolor\" style=\"background-color:#32bbf5\"><a href=\"https:\/\/twitter.com\/share?url=https%3A%2F%2Fautorenbuchhandlung-marx.de%2Fwww%2Fbuchempfehlung-5%2F&amp;text=Buchempfehlung\" title=\"Bei Twitter teilen\" aria-label=\"Bei Twitter teilen\" role=\"button\" rel=\"noopener nofollow\" class=\"shariff-link\" style=\"; background-color:#55acee; color:#fff\" target=\"_blank\"><span class=\"shariff-icon\" style><svg width=\"32px\" height=\"20px\" viewBox=\"0 0 30 32\"><path fill=\"#55acee\" d=\"M29.7 6.8q-1.2 1.8-3 3.1 0 0.3 0 0.8 0 2.5-0.7 4.9t-2.2 4.7-3.5 4-4.9 2.8-6.1 1q-5.1 0-9.3-2.7 0.6 0.1 1.5 0.1 4.3 0 7.6-2.6-2-0.1-3.5-1.2t-2.2-3q0.6 0.1 1.1 0.1 0.8 0 1.6-0.2-2.1-0.4-3.5-2.1t-1.4-3.9v-0.1q1.3 0.7 2.8 0.8-1.2-0.8-2-2.2t-0.7-2.9q0-1.7 0.8-3.1 2.3 2.8 5.5 4.5t7 1.9q-0.2-0.7-0.2-1.4 0-2.5 1.8-4.3t4.3-1.8q2.7 0 4.5 1.9 2.1-0.4 3.9-1.5-0.7 2.2-2.7 3.4 1.8-0.2 3.5-0.9z\" \/><\/svg><\/span><\/a><\/li><\/ul><\/div>","protected":false},"excerpt":{"rendered":"<p>Fragen an Europa von Gesine Grotrian Was lieben wir? Was f\u00fcrchten wir? Illustriert von Susan Sch\u00e4dlich. Ab 12 Jahre Europa! Alle sprechen immer dar\u00fcber, doch was ist das eigentlich? Was versuchen wir da eigentlich immer vor Populismus und Nationalismus zu sch\u00fctzen? Nat\u00fcrlich ist Europa der Kontinent, auf dem wir leben, keine Frage, doch ist Europa [&hellip;]<\/p>\n","protected":false},"author":2,"featured_media":0,"comment_status":"closed","ping_status":"closed","sticky":false,"template":"","format":"standard","meta":{"_links_to":"","_links_to_target":""},"categories":[8],"tags":[],"_links":{"self":[{"href":"https:\/\/autorenbuchhandlung-marx.de\/www\/wp-json\/wp\/v2\/posts\/1099"}],"collection":[{"href":"https:\/\/autorenbuchhandlung-marx.de\/www\/wp-json\/wp\/v2\/posts"}],"about":[{"href":"https:\/\/autorenbuchhandlung-marx.de\/www\/wp-json\/wp\/v2\/types\/post"}],"author":[{"embeddable":true,"href":"https:\/\/autorenbuchhandlung-marx.de\/www\/wp-json\/wp\/v2\/users\/2"}],"replies":[{"embeddable":true,"href":"https:\/\/autorenbuchhandlung-marx.de\/www\/wp-json\/wp\/v2\/comments?post=1099"}],"version-history":[{"count":1,"href":"https:\/\/autorenbuchhandlung-marx.de\/www\/wp-json\/wp\/v2\/posts\/1099\/revisions"}],"predecessor-version":[{"id":1101,"href":"https:\/\/autorenbuchhandlung-marx.de\/www\/wp-json\/wp\/v2\/posts\/1099\/revisions\/1101"}],"wp:attachment":[{"href":"https:\/\/autorenbuchhandlung-marx.de\/www\/wp-json\/wp\/v2\/media?parent=1099"}],"wp:term":[{"taxonomy":"category","embeddable":true,"href":"https:\/\/autorenbuchhandlung-marx.de\/www\/wp-json\/wp\/v2\/categories?post=1099"},{"taxonomy":"post_tag","embeddable":true,"href":"https:\/\/autorenbuchhandlung-marx.de\/www\/wp-json\/wp\/v2\/tags?post=1099"}],"curies":[{"name":"wp","href":"https:\/\/api.w.org\/{rel}","templated":true}]}}