{"id":1092,"date":"2019-05-22T13:09:39","date_gmt":"2019-05-22T11:09:39","guid":{"rendered":"https:\/\/autorenbuchhandlung-marx.de\/www\/?p=1092"},"modified":"2019-05-22T13:09:40","modified_gmt":"2019-05-22T11:09:40","slug":"buchempfehlung-4","status":"publish","type":"post","link":"https:\/\/autorenbuchhandlung-marx.de\/www\/buchempfehlung-4\/","title":{"rendered":"Buchempfehlung"},"content":{"rendered":"<h2>Zeichnen f\u00fcr ein Europa<\/h2>\n\n\n\n<p>Bilder von 45 Illustratorinnen und Illustratoren. Aus dem Englischen von Fabienne Pfeiffer <\/p>\n\n\n\n<div class=\"wp-block-image\"><figure class=\"alignleft is-resized\"><noscript><img src=\"https:\/\/autorenbuchhandlung-marx.de\/www\/wp-content\/uploads\/2019\/05\/9783407812476-1.jpg\" alt class=\"wp-image-1096\" width=\"326\" height=\"249\" srcset=\"https:\/\/autorenbuchhandlung-marx.de\/www\/wp-content\/uploads\/2019\/05\/9783407812476-1.jpg 784w, https:\/\/autorenbuchhandlung-marx.de\/www\/wp-content\/uploads\/2019\/05\/9783407812476-1-300x229.jpg 300w, https:\/\/autorenbuchhandlung-marx.de\/www\/wp-content\/uploads\/2019\/05\/9783407812476-1-768x587.jpg 768w\" sizes=\"(max-width: 326px) 100vw, 326px\"><\/noscript><img src=\"data:image\/svg+xml,%3Csvg%20xmlns%3D%22http%3A%2F%2Fwww.w3.org%2F2000%2Fsvg%22%20viewBox%3D%220%200%20326%20249%22%3E%3C%2Fsvg%3E\" alt class=\"wp-image-1096 lazyload\" width=\"326\" height=\"249\" srcset=\"data:image\/svg+xml,%3Csvg%20xmlns%3D%22http%3A%2F%2Fwww.w3.org%2F2000%2Fsvg%22%20viewBox%3D%220%200%20326%20249%22%3E%3C%2Fsvg%3E 326w\" sizes=\"(max-width: 326px) 100vw, 326px\" data-srcset=\"https:\/\/autorenbuchhandlung-marx.de\/www\/wp-content\/uploads\/2019\/05\/9783407812476-1.jpg 784w, https:\/\/autorenbuchhandlung-marx.de\/www\/wp-content\/uploads\/2019\/05\/9783407812476-1-300x229.jpg 300w, https:\/\/autorenbuchhandlung-marx.de\/www\/wp-content\/uploads\/2019\/05\/9783407812476-1-768x587.jpg 768w\" data-src=\"https:\/\/autorenbuchhandlung-marx.de\/www\/wp-content\/uploads\/2019\/05\/9783407812476-1.jpg\"><figcaption> Beltz &amp; Gelberg, 12,95 \u20ac<br>978-3-407-81247-6 <\/figcaption><\/figure><\/div>\n\n\n\n<p style=\"text-align:left\">\nDieses Buch geh\u00f6rt zu jenen B\u00fcchern, bei denen wir  Buchh\u00e4ndler*innen \nmal wieder nicht so genau wissen, wohin wir es  eigentlich stellen \nsollen. Geh\u00f6rt es in unsere Kinder- und  Jugendbuch-Ecke, weil es bunt \nist und uns naturgem\u00e4\u00df viele der Figuren  bekannt vorkommen \u2013 immerhin \nillustrieren die Mitwirkenden sonst  vorwiegend Kinderb\u00fccher? Oder sind \ndie in ihm enthaltenen Zeichnungen  von 45 Illustrator*innen nicht viel \nzu hintersinnig, ironisch,  anspielungsreich, um f\u00fcr Kinder geeignet zu \nsein? Geh\u00f6rt es gar ins  Politik-Regal, weil Europa und seine Zukunft \nvermeintlich auf dem  politischen Parkett zwischen Parteien und \nWahlprogrammen ausgehandelt  wird?\n\n<\/p>\n\n\n\n<p>Die urspr\u00fcngliche Idee zu diesen 2017 entstandenen, \nbebilderten Reflexionen \u00fcber Europa stammt von Markus Weber, dem Leiter \ndes Frankfurter <em>Moritz Verlags<\/em>. Er bat die Illustrator*innen \nder in seinem Haus erscheinenden Kinderb\u00fccher, ihre Gedanken zu Europa \naufs Papier zu bringen. Die damals entstandenen Bilder aus f\u00fcnf \neurop\u00e4ischen L\u00e4ndern wurden auf der Frankfurter Buchmesse pr\u00e4sentiert, \ndann im Berliner Bundesministerium f\u00fcr Arbeit und Soziales ausgestellt \nund sp\u00e4ter versteigert. Doch die Idee ging auf Wanderschaft, und viele \nweitere Illustrator*innen, insbesondere auch aus Gro\u00dfbritannien, nahmen \nPapier und Stift zur Hand, um ihrem Glauben an Europa oder ihrer Kritik \nam Brexit bildreich Ausdruck zu verleihen. <\/p>\n\n\n\n<p>Ob in Form einer mit 12 gelben Sternen jonglierenden Kuh \nvon Kristina Andres (\u201eGenau wie beim Jonglieren muss Europa viel \u00fcben, \ndamit es klappt\u201c) oder als zirkusreif balancierende, Fahnen schwenkende \nTiere auf einem schwarzen Stier von Th\u00e9 Tjong-Khing (\u201eDie Europ\u00e4ische \nUnion als schwieriger Balanceakt\u201c), fast \u00fcberall ist un\u00fcbersehbar, dass \nEuropa mehr ist als eine heterogene Gruppe von L\u00e4ndern. Auff\u00e4llig oft \nstellen die Illustrator*innen die L\u00e4nder Europas als spielende Kinder \ndar. Und vielleicht ist das die hoffnungsvollste Deutung der aktuellen \nEurop\u00e4ischen Union: Kinder, die spielerisch und kreativ lernen, \nmiteinander auszukommen, Kompromisse zugunsten der Gruppe einzugehen und\n ihre Unterschiede als St\u00e4rken zu erkennen. Der deutsche Illustrator \nAndreas N\u00e9met stellt den Leser*innen gar eine Europakarte zur Verf\u00fcgung,\n die nur aus L\u00e4nderk\u00fcrzeln besteht und auf den ersten Blick an \u201eMalen \nnach Zahlen\u201c erinnert. N\u00e9met fordert auf, die pers\u00f6nlichen Verbindungen \nzu und zwischen den einzelnen L\u00e4ndern selbst einzuzeichnen. Hier wird \nvielleicht besonders klar, dass jeder von uns mitbestimmt, was Europa \nheute und in Zukunft f\u00fcr uns ist oder werden kann.<\/p>\n\n\n\n<p>In witziger, aussagekr\u00e4ftiger und oft subtil \nnachdenklicher Form regt dieses B\u00fcchlein \u2013 vielleicht gerade jetzt, kurz\n vor der Europa-Wahl am 26. Mai \u2013 zum Nachdenken und Sprechen \u00fcber \nEuropa an. 45 europ\u00e4ische Ideen sind hier, ganz wie Europa selbst, in \nVielfalt vereint!<\/p>\n\n\n\n<p>Larissa Siebicke, autorenbuchhandlung marx &amp; co, Frankfurt<\/p>\n<div class=\"shariff shariff-align-flex-start shariff-widget-align-flex-start\" data-services=\"facebook%7Ctwitter\" data-url=\"https%3A%2F%2Fautorenbuchhandlung-marx.de%2Fwww%2Fbuchempfehlung-4%2F\" data-timestamp=\"1558530580\" data-backendurl=\"https:\/\/autorenbuchhandlung-marx.de\/www\/wp-json\/shariff\/v1\/share_counts?\"><ul class=\"shariff-buttons theme-round orientation-horizontal buttonsize-medium\"><li class=\"shariff-button facebook shariff-nocustomcolor\" style=\"background-color:#4273c8\"><a href=\"https:\/\/www.facebook.com\/sharer\/sharer.php?u=https%3A%2F%2Fautorenbuchhandlung-marx.de%2Fwww%2Fbuchempfehlung-4%2F\" title=\"Bei Facebook teilen\" aria-label=\"Bei Facebook teilen\" role=\"button\" rel=\"nofollow\" class=\"shariff-link\" style=\"; background-color:#3b5998; color:#fff\" target=\"_blank\"><span class=\"shariff-icon\" style><svg width=\"32px\" height=\"20px\" viewBox=\"0 0 18 32\"><path fill=\"#3b5998\" d=\"M17.1 0.2v4.7h-2.8q-1.5 0-2.1 0.6t-0.5 1.9v3.4h5.2l-0.7 5.3h-4.5v13.6h-5.5v-13.6h-4.5v-5.3h4.5v-3.9q0-3.3 1.9-5.2t5-1.8q2.6 0 4.1 0.2z\" \/><\/svg><\/span><\/a><\/li><li class=\"shariff-button twitter shariff-nocustomcolor\" style=\"background-color:#32bbf5\"><a href=\"https:\/\/twitter.com\/share?url=https%3A%2F%2Fautorenbuchhandlung-marx.de%2Fwww%2Fbuchempfehlung-4%2F&amp;text=Buchempfehlung\" title=\"Bei Twitter teilen\" aria-label=\"Bei Twitter teilen\" role=\"button\" rel=\"noopener nofollow\" class=\"shariff-link\" style=\"; background-color:#55acee; color:#fff\" target=\"_blank\"><span class=\"shariff-icon\" style><svg width=\"32px\" height=\"20px\" viewBox=\"0 0 30 32\"><path fill=\"#55acee\" d=\"M29.7 6.8q-1.2 1.8-3 3.1 0 0.3 0 0.8 0 2.5-0.7 4.9t-2.2 4.7-3.5 4-4.9 2.8-6.1 1q-5.1 0-9.3-2.7 0.6 0.1 1.5 0.1 4.3 0 7.6-2.6-2-0.1-3.5-1.2t-2.2-3q0.6 0.1 1.1 0.1 0.8 0 1.6-0.2-2.1-0.4-3.5-2.1t-1.4-3.9v-0.1q1.3 0.7 2.8 0.8-1.2-0.8-2-2.2t-0.7-2.9q0-1.7 0.8-3.1 2.3 2.8 5.5 4.5t7 1.9q-0.2-0.7-0.2-1.4 0-2.5 1.8-4.3t4.3-1.8q2.7 0 4.5 1.9 2.1-0.4 3.9-1.5-0.7 2.2-2.7 3.4 1.8-0.2 3.5-0.9z\" \/><\/svg><\/span><\/a><\/li><\/ul><\/div>","protected":false},"excerpt":{"rendered":"<p>Zeichnen f\u00fcr ein Europa Bilder von 45 Illustratorinnen und Illustratoren. Aus dem Englischen von Fabienne Pfeiffer Dieses Buch geh\u00f6rt zu jenen B\u00fcchern, bei denen wir Buchh\u00e4ndler*innen mal wieder nicht so genau wissen, wohin wir es eigentlich stellen sollen. Geh\u00f6rt es in unsere Kinder- und Jugendbuch-Ecke, weil es bunt ist und uns naturgem\u00e4\u00df viele der Figuren [&hellip;]<\/p>\n","protected":false},"author":2,"featured_media":0,"comment_status":"closed","ping_status":"closed","sticky":false,"template":"","format":"standard","meta":{"_links_to":"","_links_to_target":""},"categories":[8],"tags":[],"_links":{"self":[{"href":"https:\/\/autorenbuchhandlung-marx.de\/www\/wp-json\/wp\/v2\/posts\/1092"}],"collection":[{"href":"https:\/\/autorenbuchhandlung-marx.de\/www\/wp-json\/wp\/v2\/posts"}],"about":[{"href":"https:\/\/autorenbuchhandlung-marx.de\/www\/wp-json\/wp\/v2\/types\/post"}],"author":[{"embeddable":true,"href":"https:\/\/autorenbuchhandlung-marx.de\/www\/wp-json\/wp\/v2\/users\/2"}],"replies":[{"embeddable":true,"href":"https:\/\/autorenbuchhandlung-marx.de\/www\/wp-json\/wp\/v2\/comments?post=1092"}],"version-history":[{"count":4,"href":"https:\/\/autorenbuchhandlung-marx.de\/www\/wp-json\/wp\/v2\/posts\/1092\/revisions"}],"predecessor-version":[{"id":1098,"href":"https:\/\/autorenbuchhandlung-marx.de\/www\/wp-json\/wp\/v2\/posts\/1092\/revisions\/1098"}],"wp:attachment":[{"href":"https:\/\/autorenbuchhandlung-marx.de\/www\/wp-json\/wp\/v2\/media?parent=1092"}],"wp:term":[{"taxonomy":"category","embeddable":true,"href":"https:\/\/autorenbuchhandlung-marx.de\/www\/wp-json\/wp\/v2\/categories?post=1092"},{"taxonomy":"post_tag","embeddable":true,"href":"https:\/\/autorenbuchhandlung-marx.de\/www\/wp-json\/wp\/v2\/tags?post=1092"}],"curies":[{"name":"wp","href":"https:\/\/api.w.org\/{rel}","templated":true}]}}