{"id":1050,"date":"2019-03-22T19:16:18","date_gmt":"2019-03-22T17:16:18","guid":{"rendered":"https:\/\/autorenbuchhandlung-marx.de\/www\/?p=1050"},"modified":"2019-03-22T19:38:36","modified_gmt":"2019-03-22T17:38:36","slug":"das-ueberforderte-subjekt-psychisches-und-soziales-leiden-in-einer-kultur-der-selbstoptimierung","status":"publish","type":"post","link":"https:\/\/autorenbuchhandlung-marx.de\/www\/das-ueberforderte-subjekt-psychisches-und-soziales-leiden-in-einer-kultur-der-selbstoptimierung\/","title":{"rendered":"Das \u00fcberforderte Subjekt \u2013 Psychisches und soziales Leiden in einer Kultur der Selbstoptimierung"},"content":{"rendered":"<h3>Buchvorstellung mit Sabine Flick, Thomas Fuchs, Lukas Iwer, Vera King<\/h3>\n\n\n\n<h3>Montag, 8. April 2019,  20 Uhr<\/h3>\n\n\n\n<div class=\"wp-block-image\"><figure class=\"alignright is-resized\"><noscript><img src=\"https:\/\/autorenbuchhandlung-marx.de\/www\/wp-content\/uploads\/2019\/03\/29852.jpg\" alt class=\"wp-image-1051\" width=\"184\" height=\"302\" srcset=\"https:\/\/autorenbuchhandlung-marx.de\/www\/wp-content\/uploads\/2019\/03\/29852.jpg 390w, https:\/\/autorenbuchhandlung-marx.de\/www\/wp-content\/uploads\/2019\/03\/29852-183x300.jpg 183w\" sizes=\"(max-width: 184px) 100vw, 184px\"><\/noscript><img src=\"data:image\/svg+xml,%3Csvg%20xmlns%3D%22http%3A%2F%2Fwww.w3.org%2F2000%2Fsvg%22%20viewBox%3D%220%200%20184%20302%22%3E%3C%2Fsvg%3E\" alt class=\"wp-image-1051 lazyload\" width=\"184\" height=\"302\" srcset=\"data:image\/svg+xml,%3Csvg%20xmlns%3D%22http%3A%2F%2Fwww.w3.org%2F2000%2Fsvg%22%20viewBox%3D%220%200%20184%20302%22%3E%3C%2Fsvg%3E 184w\" sizes=\"(max-width: 184px) 100vw, 184px\" data-srcset=\"https:\/\/autorenbuchhandlung-marx.de\/www\/wp-content\/uploads\/2019\/03\/29852.jpg 390w, https:\/\/autorenbuchhandlung-marx.de\/www\/wp-content\/uploads\/2019\/03\/29852-183x300.jpg 183w\" data-src=\"https:\/\/autorenbuchhandlung-marx.de\/www\/wp-content\/uploads\/2019\/03\/29852.jpg\"><figcaption><strong>Suhrkamp Verlag 22 \u20ac<\/strong><\/figcaption><\/figure><\/div>\n\n\n\n<p>Ersch\u00f6pfung, Burn-out, Depression: Ist das moderne Subjekt \u00fcberfordert? \u2013 Zusammenh\u00e4nge zwischen psychischen Erkrankungen und einer beschleunigten Gesellschaft werden h\u00e4ufig postuliert. Anlass dazu geben etwa die Statistiken der deutschen Krankenkassen \u00fcber eine dramatische Zunahme von psychischen St\u00f6rungen in den letzten Jahrzehnten.  Als m\u00f6gliche Ursachen werden Leistungsverdichtung und Beschleunigung der Arbeitsprozesse, fortschreitende Digitalisierung, steigende Mobilit\u00e4t und vermehrter Konkurrenzdruck genannt.<br>In dem Band \u201eDas \u00fcberforderte Subjekt \u2013 Zeitdiagnosen einer beschleunigten Gesellschaft\u201c werden diese Ph\u00e4nomene aus philosophischer, soziologischer, psychologischer und psychotherapeutischer  Sicht analysiert. Inwiefern kann die Depression als eine Zeitkrankheit verstanden werden? Welche Rolle spielt die Kultur der (Selbst-)Optimierung? Tr\u00e4gt die Psychotherapie dazu bei, indem sie die Verantwortung f\u00fcr psychische Leiden den Individuen selbst zuschreibt?<\/p>\n\n\n\n<p><strong>Sabine Flick<\/strong>, Dr. phil., Soziologin und Supervisorin, Vertretungsprofessorin am Institut f\u00fcr Soziologie der Goethe-Universit\u00e4t Frankfurt\/M. und assoziierte Wissenschaftlerin am Institut f\u00fcr Sozialforschung.<\/p>\n\n\n\n<p><strong>Thomas Fuchs<\/strong>, Prof. Dr. med. Dr. phil., ist Karl Jaspers-Professor f\u00fcr Philosophische Grundlagen der Psychiatrie und Psychotherapie am Universit\u00e4tsklinikum Heidelberg.<\/p>\n\n\n\n<p><strong>Lukas Iwer<\/strong>, M.Sc. M.A., ist Psychotherapeut in Ausbildung am Frankfurter Psychoanalytischen Institut und promoviert am Universit\u00e4tsklinikum Heidelberg.<\/p>\n\n\n\n<p><strong>Vera King<\/strong>, Prof. Dr. phil., ist Professorin f\u00fcr Soziologie und psychoanalytische Sozialpsychologie an der Goethe-Universit\u00e4t Frankfurt\/M. und Direktorin des Sigmund-Freud-Instituts. <\/p>\n<div class=\"shariff shariff-align-flex-start shariff-widget-align-flex-start\" data-services=\"facebook%7Ctwitter\" data-url=\"https%3A%2F%2Fautorenbuchhandlung-marx.de%2Fwww%2Fdas-ueberforderte-subjekt-psychisches-und-soziales-leiden-in-einer-kultur-der-selbstoptimierung%2F\" data-timestamp=\"1553283516\" data-backendurl=\"https:\/\/autorenbuchhandlung-marx.de\/www\/wp-json\/shariff\/v1\/share_counts?\"><ul class=\"shariff-buttons theme-round orientation-horizontal buttonsize-medium\"><li class=\"shariff-button facebook shariff-nocustomcolor\" style=\"background-color:#4273c8\"><a href=\"https:\/\/www.facebook.com\/sharer\/sharer.php?u=https%3A%2F%2Fautorenbuchhandlung-marx.de%2Fwww%2Fdas-ueberforderte-subjekt-psychisches-und-soziales-leiden-in-einer-kultur-der-selbstoptimierung%2F\" title=\"Bei Facebook teilen\" aria-label=\"Bei Facebook teilen\" role=\"button\" rel=\"nofollow\" class=\"shariff-link\" style=\"; background-color:#3b5998; color:#fff\" target=\"_blank\"><span class=\"shariff-icon\" style><svg width=\"32px\" height=\"20px\" viewBox=\"0 0 18 32\"><path fill=\"#3b5998\" d=\"M17.1 0.2v4.7h-2.8q-1.5 0-2.1 0.6t-0.5 1.9v3.4h5.2l-0.7 5.3h-4.5v13.6h-5.5v-13.6h-4.5v-5.3h4.5v-3.9q0-3.3 1.9-5.2t5-1.8q2.6 0 4.1 0.2z\" \/><\/svg><\/span><\/a><\/li><li class=\"shariff-button twitter shariff-nocustomcolor\" style=\"background-color:#32bbf5\"><a href=\"https:\/\/twitter.com\/share?url=https%3A%2F%2Fautorenbuchhandlung-marx.de%2Fwww%2Fdas-ueberforderte-subjekt-psychisches-und-soziales-leiden-in-einer-kultur-der-selbstoptimierung%2F&amp;text=Das%20%C3%BCberforderte%20Subjekt%20%E2%80%93%20Psychisches%20und%20soziales%20Leiden%20in%20einer%20Kultur%20der%20Selbstoptimierung\" title=\"Bei Twitter teilen\" aria-label=\"Bei Twitter teilen\" role=\"button\" rel=\"noopener nofollow\" class=\"shariff-link\" style=\"; background-color:#55acee; color:#fff\" target=\"_blank\"><span class=\"shariff-icon\" style><svg width=\"32px\" height=\"20px\" viewBox=\"0 0 30 32\"><path fill=\"#55acee\" d=\"M29.7 6.8q-1.2 1.8-3 3.1 0 0.3 0 0.8 0 2.5-0.7 4.9t-2.2 4.7-3.5 4-4.9 2.8-6.1 1q-5.1 0-9.3-2.7 0.6 0.1 1.5 0.1 4.3 0 7.6-2.6-2-0.1-3.5-1.2t-2.2-3q0.6 0.1 1.1 0.1 0.8 0 1.6-0.2-2.1-0.4-3.5-2.1t-1.4-3.9v-0.1q1.3 0.7 2.8 0.8-1.2-0.8-2-2.2t-0.7-2.9q0-1.7 0.8-3.1 2.3 2.8 5.5 4.5t7 1.9q-0.2-0.7-0.2-1.4 0-2.5 1.8-4.3t4.3-1.8q2.7 0 4.5 1.9 2.1-0.4 3.9-1.5-0.7 2.2-2.7 3.4 1.8-0.2 3.5-0.9z\" \/><\/svg><\/span><\/a><\/li><\/ul><\/div>","protected":false},"excerpt":{"rendered":"<p>Buchvorstellung mit Sabine Flick, Thomas Fuchs, Lukas Iwer, Vera King Montag, 8. April 2019, 20 Uhr Ersch\u00f6pfung, Burn-out, Depression: Ist das moderne Subjekt \u00fcberfordert? \u2013 Zusammenh\u00e4nge zwischen psychischen Erkrankungen und einer beschleunigten Gesellschaft werden h\u00e4ufig postuliert. Anlass dazu geben etwa die Statistiken der deutschen Krankenkassen \u00fcber eine dramatische Zunahme von psychischen St\u00f6rungen in den letzten [&hellip;]<\/p>\n","protected":false},"author":1,"featured_media":0,"comment_status":"closed","ping_status":"closed","sticky":false,"template":"","format":"standard","meta":{"_links_to":"","_links_to_target":""},"categories":[1],"tags":[],"_links":{"self":[{"href":"https:\/\/autorenbuchhandlung-marx.de\/www\/wp-json\/wp\/v2\/posts\/1050"}],"collection":[{"href":"https:\/\/autorenbuchhandlung-marx.de\/www\/wp-json\/wp\/v2\/posts"}],"about":[{"href":"https:\/\/autorenbuchhandlung-marx.de\/www\/wp-json\/wp\/v2\/types\/post"}],"author":[{"embeddable":true,"href":"https:\/\/autorenbuchhandlung-marx.de\/www\/wp-json\/wp\/v2\/users\/1"}],"replies":[{"embeddable":true,"href":"https:\/\/autorenbuchhandlung-marx.de\/www\/wp-json\/wp\/v2\/comments?post=1050"}],"version-history":[{"count":3,"href":"https:\/\/autorenbuchhandlung-marx.de\/www\/wp-json\/wp\/v2\/posts\/1050\/revisions"}],"predecessor-version":[{"id":1054,"href":"https:\/\/autorenbuchhandlung-marx.de\/www\/wp-json\/wp\/v2\/posts\/1050\/revisions\/1054"}],"wp:attachment":[{"href":"https:\/\/autorenbuchhandlung-marx.de\/www\/wp-json\/wp\/v2\/media?parent=1050"}],"wp:term":[{"taxonomy":"category","embeddable":true,"href":"https:\/\/autorenbuchhandlung-marx.de\/www\/wp-json\/wp\/v2\/categories?post=1050"},{"taxonomy":"post_tag","embeddable":true,"href":"https:\/\/autorenbuchhandlung-marx.de\/www\/wp-json\/wp\/v2\/tags?post=1050"}],"curies":[{"name":"wp","href":"https:\/\/api.w.org\/{rel}","templated":true}]}}